{"id":267910,"date":"2025-12-02T21:47:05","date_gmt":"2025-12-02T21:47:05","guid":{"rendered":"https:\/\/www.europesays.com\/es\/267910\/"},"modified":"2025-12-02T21:47:05","modified_gmt":"2025-12-02T21:47:05","slug":"la-nasa-libera-las-imagenes-mas-cercanas-jamas-tomadas-del-cometa-3i-atlas-y-revela-los-secretos-de-este-viajero-estelar-el-tiempo-14-dias-meteored","status":"publish","type":"post","link":"https:\/\/www.europesays.com\/es\/267910\/","title":{"rendered":"La NASA libera las im\u00e1genes m\u00e1s cercanas jam\u00e1s tomadas del cometa 3I\/ATLAS y revela los secretos de este viajero estelar &#8211; El tiempo 14 d\u00edas &#8211; Meteored"},"content":{"rendered":"<ol>\n<li><a href=\"https:\/\/news.google.com\/rss\/articles\/CBMi-AFBVV95cUxNSFRBMWpWS2NEalpoQzhXYnA2RzJaWFA1a0RjandrZDdUVk1GbGtmeEZqdDV1SEZQbm9abGlhcFlfa2JHWEoyZWludDVMcVRRazlycXBzQXo2WTVPTzJwSW5veWJ6eTZCNW9DRjZnTFJfYkp4VFF5enFoUDU3TEpCdkp5S25ZUzUtN2VwQ042TFR3N2ZVaW9IYTR2TTM4RW5hZ1FxU1E5bGxFeEhQWGJZcXhVRVNNN1dBZ0xIM3ZGcjNYN0FGekRxcXBFSjFLNnFMTmV1ZXk0NXI0MVZEWVRmaFdZTzhTRmZ5UFJZV3EzY3NhdVNIVEtPTg?oc=5\" target=\"_blank\" rel=\"nofollow noopener\">La NASA libera las im\u00e1genes m\u00e1s cercanas jam\u00e1s tomadas del cometa 3I\/ATLAS y revela los secretos de este viajero estelar<\/a>&nbsp;&nbsp;El tiempo 14 d\u00edas &#8211; Meteored<\/li>\n<li><a href=\"https:\/\/news.google.com\/rss\/articles\/CBMizwFBVV95cUxNR20zWlh5Slg0LXlSYVlId0d0eE8zaGFxQWlIbmo3UjNaaFpZelJndFJIUURkS0xpa0ZyNWJMa3dXRUNneWQxYkZKbVlIZ3QyVW9UeGloZlRDVmUtaVl3THdyRFRwd19aZ2VWdUpPdGZZd2o2T1Y0c1UzNjVjcFFjSnBqdEE2dzRxVG10RWQzeUxGczA4NTJ2c2hRa3lRZXZLXzN5WGFjNE1sZ2RoemI4WHIyWGJGYkJiS211ODN4MWZMeVN3cUdEZUNoZDg5ZmfSAeoBQVVfeXFMTUJKMzNnYjdsRHVBQVlhWVo2b2lxWEh6TEVTeXFqUGtiX0lJWDJWcXdZU19aZ2w5MmVISC1uNWVvTEJzN2o1NHFjN3RWdVVnWTlLQ1RjMG1yVldoVzZob25NWlVFeUVyNGttTFMzdFdtUkVRaUJiRzVzUzFBYjFBZXQzRzJSTDlmWF9aNTRhQVl3MDQ4M3BXczFlNmNFcWdxRTZGVi1jOUwxRy1UNHlKVFZLY0N4Nk45ZnhXcklGLXpaUVZKYTd4TVliUm1WNWtPc3FfemV1T0ZrS050Zkc2YUtZYmhmR3BxWnBn?oc=5\" target=\"_blank\" rel=\"nofollow noopener\">El cometa 3I\/ATLAS sigue sorprendiendo: tiene volcanes de hielo que estallan<\/a>&nbsp;&nbsp;Infobae<\/li>\n<li><a href=\"https:\/\/news.google.com\/rss\/articles\/CBMinAFBVV95cUxPQlEtTlFOdUpIX3Z4UzE3YlpQMUYzNE84bFVYOVlLVy1mcFZvTEY0UW55TEEwb1VGUTNnNkROeTh1c3NiWElIM1BxY2JhMHhFTlVvclNQVXNzRDl2cmxucTRoUGZNdUZkWmU1b2FnbDZGNkdoaUlEdXRPNUZuMi1rcVFhMlBoTnVuSkdieVNBSXRUR1JxaGFiekp4UnM?oc=5\" target=\"_blank\" rel=\"nofollow noopener\">No, el cometa Atlas no es una nave espacial alien\u00edgena<\/a>&nbsp;&nbsp;El Correo<\/li>\n<li><a href=\"https:\/\/news.google.com\/rss\/articles\/CBMixgFBVV95cUxQNEI1TGdyUzFtQWVrcjhxZVZhYWVRdDVxYnhWWkIwV25Ma1RUSmo3WWZFSF9NNDAzakpvanRyZDZrX3ZBV0syQ2dHZUpURzlJdmlYUlhDSE9oTzBrVl82R3BJbXh2eGY3aVdXN2p4WTYwVEg3T1NGeFJCVTFFMVNxVXlOUEx4TFBVTmVyTGdFS1JsNXMyeUNVR1FfLWpmUDRyWjMzX1FpM25oRUhkVmpENkVGV0ExVW9FS2dCcFF1NG41QnpuZWc?oc=5\" target=\"_blank\" rel=\"nofollow noopener\">3I\/ATLAS: el visitante interestelar que ha encendido todas las alarmas en la ONU<\/a>&nbsp;&nbsp;HOLA<\/li>\n<li><a href=\"https:\/\/news.google.com\/rss\/articles\/CBMi1gFBVV95cUxPdVJFREtxaEdid3NqTzRjTVlfTmxmc2R1SjZjREdHX1kyd2NMU2QxTTBrQWd1T1RKU0JWNmE5YzZHLUpMM2dJcW1CQUNYaWZ4MUxQU1NWN1BhTW9KRmNCVFFjMUlhVnNlU0l2NXhIbGI5M3dSX3JPSlVxMExyUWN1OWtIbUlZUjJ5V0pGQTJ1VmU3M19ZLVNuaFdqMWQwZE52MEI3SHMzUlUzZDdmaXNpUDBELXVnTTdJeXliMmxFYmVNWUlPRDBvNl92a3phRkVhWDd6V0tn?oc=5\" target=\"_blank\" rel=\"nofollow noopener\">Encuentran una nueva anomal\u00eda en 3I\/Atlas que tiene dif\u00edcil explicaci\u00f3n natural<\/a>&nbsp;&nbsp;El Confidencial<\/li>\n<\/ol>\n","protected":false},"excerpt":{"rendered":"La NASA libera las im\u00e1genes m\u00e1s cercanas jam\u00e1s tomadas del cometa 3I\/ATLAS y revela los secretos de este&hellip;\n","protected":false},"author":2,"featured_media":248356,"comment_status":"","ping_status":"","sticky":false,"template":"","format":"standard","meta":{"footnotes":""},"categories":[81],"tags":[119,123,124,25,24,117,121,122,23,118,120],"class_list":{"0":"post-267910","1":"post","2":"type-post","3":"status-publish","4":"format-standard","5":"has-post-thumbnail","7":"category-ciencia-y-tecnologia","8":"tag-ciencia","9":"tag-ciencia-y-tecnologia","10":"tag-cienciaytecnologia","11":"tag-es","12":"tag-espana","13":"tag-science","14":"tag-science-and-technology","15":"tag-scienceandtechnology","16":"tag-spain","17":"tag-technology","18":"tag-tecnologia"},"share_on_mastodon":{"url":"https:\/\/pubeurope.com\/@es\/115652175191305180","error":""},"_links":{"self":[{"href":"https:\/\/www.europesays.com\/es\/wp-json\/wp\/v2\/posts\/267910","targetHints":{"allow":["GET"]}}],"collection":[{"href":"https:\/\/www.europesays.com\/es\/wp-json\/wp\/v2\/posts"}],"about":[{"href":"https:\/\/www.europesays.com\/es\/wp-json\/wp\/v2\/types\/post"}],"author":[{"embeddable":true,"href":"https:\/\/www.europesays.com\/es\/wp-json\/wp\/v2\/users\/2"}],"replies":[{"embeddable":true,"href":"https:\/\/www.europesays.com\/es\/wp-json\/wp\/v2\/comments?post=267910"}],"version-history":[{"count":0,"href":"https:\/\/www.europesays.com\/es\/wp-json\/wp\/v2\/posts\/267910\/revisions"}],"wp:featuredmedia":[{"embeddable":true,"href":"https:\/\/www.europesays.com\/es\/wp-json\/wp\/v2\/media\/248356"}],"wp:attachment":[{"href":"https:\/\/www.europesays.com\/es\/wp-json\/wp\/v2\/media?parent=267910"}],"wp:term":[{"taxonomy":"category","embeddable":true,"href":"https:\/\/www.europesays.com\/es\/wp-json\/wp\/v2\/categories?post=267910"},{"taxonomy":"post_tag","embeddable":true,"href":"https:\/\/www.europesays.com\/es\/wp-json\/wp\/v2\/tags?post=267910"}],"curies":[{"name":"wp","href":"https:\/\/api.w.org\/{rel}","templated":true}]}}