{"id":267914,"date":"2025-12-02T21:50:07","date_gmt":"2025-12-02T21:50:07","guid":{"rendered":"https:\/\/www.europesays.com\/es\/267914\/"},"modified":"2025-12-02T21:50:07","modified_gmt":"2025-12-02T21:50:07","slug":"el-gobierno-confirma-cual-sera-la-nueva-fecha-de-entrada-en-vigor-del-sistema-de-facturas-para-autonomos-y-pymes-verifactu","status":"publish","type":"post","link":"https:\/\/www.europesays.com\/es\/267914\/","title":{"rendered":"El Gobierno confirma cu\u00e1l ser\u00e1 la nueva fecha de entrada en vigor del sistema de facturas para aut\u00f3nomos y Pymes Verifactu"},"content":{"rendered":"<p style=\"\">En apenas unos minutos todo ha cambiado en la planificaci\u00f3n de grupos empresariales, pymes, microempresas y aut\u00f3nomos para dar el paso definitivo -aquellos que no lo hubiesen hecho ya- al nuevo <strong>software obligatorio de facturaci\u00f3n electr\u00f3nica<\/strong> ideado por Hacienda, m\u00e1s conocido por <a href=\"https:\/\/www.abc.es\/economia\/verifactu-implementara-finalmente-tras-retraso-gobierno-20251202131458-nt.html\" title=\"www.abc.es\" data-voc-vtm-id=\"in-text-traffic\" data-mrf-link=\"www.abc.es\" rel=\"nofollow noopener\" target=\"_blank\">Verifactu<\/a>.<\/p>\n<p class=\"voc-p\" style=\"\">La <strong>fechas<\/strong> estaban claras: el 1 de enero de 2026 tendr\u00edan que haber incorporado este software todas las empresas que presenten el Impuesto de Sociedades. Es decir, 1,4 millones de grandes grupos empresariales, pymes y microempresas. El 1 de julio de 2026 tendr\u00edan que operar ya con este sistema el resto, o lo que es lo mismo, unos dos millones de aut\u00f3nomos y profesionales.<\/p>\n<p class=\"voc-p\" style=\"\">Pero a primera hora de la ma\u00f1ana los planes para todas ellas han cambiado, como ha revelado Pedro S\u00e1nchez en una entrevista en TVE. El presidente del Gobierno adelantaba que en el Consejo de Ministros se iba a aprobar una medida para \u00ab<strong>facilitar el cumplimiento de las obligaciones fiscales a las empresas<\/strong>, ampliando el plazo para impulsar y promover la digitalizaci\u00f3n de los procesos de facturaci\u00f3n\u00bb. Dicho de otra manera: <strong>la entrada en vigor Verifactu se aplaza<\/strong>, <a href=\"https:\/\/www.abc.es\/economia\/gobierno-aplaza-extremis-obligacion-millones-empresas-autonomos-20251202110413-nt.html?ref=https%3A%2F%2Fwww.abc.es%2Feconomia%2Fgobierno-aplaza-extremis-obligacion-millones-empresas-autonomos-20251202110413-nt.html\" title=\"www.abc.es\" data-voc-vtm-id=\"in-text-traffic\" data-mrf-link=\"www.abc.es\" rel=\"nofollow noopener\" target=\"_blank\">como ha informado ABC<\/a>.<\/p>\n<p class=\"voc-p\" style=\"\">Tambi\u00e9n la ministra portavoz, Pilar Alegr\u00eda, ratific\u00f3 despu\u00e9s, en la rueda de prensa del Consejo de Ministros, la medida y ha destacado la importancia de la \u00abpr\u00f3rroga\u00bb.<\/p>\n<p>\nLas nuevas fechas para la aplicaci\u00f3n de Verifactu\n<\/p>\n<p class=\"voc-p\" style=\"\">Los plazos para la aplicaci\u00f3n de este software de facturaci\u00f3n se ampl\u00edan un a\u00f1o. As\u00ed, se les exigir\u00e1 a partir del <strong>1 de enero de 2027 a las empresas con una facturaci\u00f3n inferior a seis millones de euros, y desde el 1 de julio de ese mismo a\u00f1o para los aut\u00f3nomos<\/strong>.<\/p>\n<ul class=\"oc-d-c-list__list\">\n<li class=\"voc-d-c-list__item\">\n<p class=\"voc-d-c-list__paragraph\">1 de enero de 2027: tendr\u00e1n que haber incorporado ese software todas las empresas que declaran el Impuesto de Sociedades<\/p>\n<\/li>\n<li class=\"voc-d-c-list__item\">\n<p class=\"voc-d-c-list__paragraph\">1 de julio de 2027: tendr\u00e1n que haberlo activado los alrededor de dos millones de profesionales y aut\u00f3nomos que facturan en Espa\u00f1a<\/p>\n<\/li>\n<\/ul>\n<p class=\"voc-p\" style=\"\">De esta manera, ya s\u00ed de forma defitiva,<strong> a partir del a\u00f1o 2027<\/strong> grupos empresariales, pymes y aut\u00f3nomos estar\u00e1n obligados a <strong>emitir sus facturas a trav\u00e9s de un software certificado<\/strong>, generando un registro \u00fanico, inalterable y trazable.<\/p>\n<p class=\"voc-p\" style=\"\">El objetivo es la lucha contra el fraude fiscal y para evitar pr\u00e1cticas opacas. Este sistema fue impulsado por la Ley Antifraude y permite mayor trazabilidad.<\/p>\n","protected":false},"excerpt":{"rendered":"En apenas unos minutos todo ha cambiado en la planificaci\u00f3n de grupos empresariales, pymes, microempresas y aut\u00f3nomos para&hellip;\n","protected":false},"author":2,"featured_media":267915,"comment_status":"","ping_status":"","sticky":false,"template":"","format":"standard","meta":{"footnotes":""},"categories":[8],"tags":[44159,17,18,1779,5089,25,24,13636,13,14,1151,582,11,19,20,9,10,15,16,795,26338,7019,23,12,21,22,57732,32250],"class_list":{"0":"post-267914","1":"post","2":"type-post","3":"status-publish","4":"format-standard","5":"has-post-thumbnail","7":"category-espana","8":"tag-autonomos","9":"tag-breaking-news","10":"tag-breakingnews","11":"tag-confirma","12":"tag-entrada","13":"tag-es","14":"tag-espana","15":"tag-facturas","16":"tag-featured-news","17":"tag-featurednews","18":"tag-fecha","19":"tag-gobierno","20":"tag-headlines","21":"tag-latest-news","22":"tag-latestnews","23":"tag-news","24":"tag-noticias","25":"tag-noticias-destacadas","26":"tag-noticiasdestacadas","27":"tag-nueva","28":"tag-pymes","29":"tag-sistema","30":"tag-spain","31":"tag-titulares","32":"tag-ultimas-noticias","33":"tag-ultimasnoticias","34":"tag-verifactu","35":"tag-vigor"},"share_on_mastodon":{"url":"https:\/\/pubeurope.com\/@es\/115652187115280874","error":""},"_links":{"self":[{"href":"https:\/\/www.europesays.com\/es\/wp-json\/wp\/v2\/posts\/267914","targetHints":{"allow":["GET"]}}],"collection":[{"href":"https:\/\/www.europesays.com\/es\/wp-json\/wp\/v2\/posts"}],"about":[{"href":"https:\/\/www.europesays.com\/es\/wp-json\/wp\/v2\/types\/post"}],"author":[{"embeddable":true,"href":"https:\/\/www.europesays.com\/es\/wp-json\/wp\/v2\/users\/2"}],"replies":[{"embeddable":true,"href":"https:\/\/www.europesays.com\/es\/wp-json\/wp\/v2\/comments?post=267914"}],"version-history":[{"count":0,"href":"https:\/\/www.europesays.com\/es\/wp-json\/wp\/v2\/posts\/267914\/revisions"}],"wp:featuredmedia":[{"embeddable":true,"href":"https:\/\/www.europesays.com\/es\/wp-json\/wp\/v2\/media\/267915"}],"wp:attachment":[{"href":"https:\/\/www.europesays.com\/es\/wp-json\/wp\/v2\/media?parent=267914"}],"wp:term":[{"taxonomy":"category","embeddable":true,"href":"https:\/\/www.europesays.com\/es\/wp-json\/wp\/v2\/categories?post=267914"},{"taxonomy":"post_tag","embeddable":true,"href":"https:\/\/www.europesays.com\/es\/wp-json\/wp\/v2\/tags?post=267914"}],"curies":[{"name":"wp","href":"https:\/\/api.w.org\/{rel}","templated":true}]}}