{"id":267916,"date":"2025-12-02T21:51:14","date_gmt":"2025-12-02T21:51:14","guid":{"rendered":"https:\/\/www.europesays.com\/es\/267916\/"},"modified":"2025-12-02T21:51:14","modified_gmt":"2025-12-02T21:51:14","slug":"la-moncloa-02-12-2025-referencia-del-consejo-de-ministros-consejo-de-ministros-referencias","status":"publish","type":"post","link":"https:\/\/www.europesays.com\/es\/267916\/","title":{"rendered":"La Moncloa. 02\/12\/2025. Referencia del Consejo de Ministros [Consejo de Ministros\/Referencias]"},"content":{"rendered":"<p class=\"news-location\">La Moncloa<\/p>\n<p>SUMARIOHacienda <\/p>\n<ul>\n<li>ACUERDO por el que <a href=\"#techo\">se fijan los objetivos de estabilidad presupuestaria y de deuda p\u00fablica para el conjunto de Administraciones P\u00fablicas y de cada uno de sus subsectores para el per\u00edodo 2026-2028 para su remisi\u00f3n a las Cortes Generales, y el l\u00edmite de gasto no financiero del presupuesto del Estado para 2026.<\/a><\/li>\n<li>ACUERDO por el que <a href=\"#dana\">se autoriza la aplicaci\u00f3n del Fondo de Contingencia, por importe de 104.895.806,31 euros, y la concesi\u00f3n de un cr\u00e9dito extraordinario en el Ministerio de Hacienda para financiar la l\u00ednea de ayudas directas a empresas y profesionales especialmente afectados por la DANA<\/a> recogida en el art\u00edculo 11 del Real Decreto-ley 6\/2024, de 5 de noviembre.<\/li>\n<li>ACUERDO por el que <a href=\"#palma\">se autoriza la aplicaci\u00f3n del Fondo de Contingencia para financiar modificaciones de cr\u00e9dito por importe total de 195.048,39 euros, destinadas a atender los da\u00f1os ocasionados por la erupci\u00f3n volc\u00e1nica en la isla de La Palma<\/a>, por importe de 179.928,39 euros, y por diversas cat\u00e1strofes, por importe de 15.120 euros.<\/li>\n<li>ACUERDO por el que se autoriza una transferencia de cr\u00e9dito, por importe de 6.000.000 de euros, en cumplimiento del Acuerdo Interdepartamental de 17 de septiembre de 2025, <a href=\"#digitales\">entre el Ministerio para la Transformaci\u00f3n Digital y de la Funci\u00f3n P\u00fablica y el Ministerio de Defensa, para la formaci\u00f3n en competencias digitales en el marco del componente 19, inversi\u00f3n 3, del Plan de Recuperaci\u00f3n, Transformaci\u00f3n y Resiliencia.<\/a><\/li>\n<li>ACUERDO por el que se toma raz\u00f3n de la declaraci\u00f3n de emergencia del contrato del servicio de limpieza de los edificios y centros dependientes de la Delegaci\u00f3n de la AEAT de C\u00e1diz, por un importe de 229.970 euros (IVA excluido).<\/li>\n<li>ACUERDO por el que se modifican los l\u00edmites establecidos en el art\u00edculo 47 de la Ley 47\/2003, de 26 de noviembre, General Presupuestaria, para adquirir compromisos de gasto con cargo a ejercicios futuros, a fin de posibilitar a la Agencia Estatal de Administraci\u00f3n Digital la tramitaci\u00f3n de diversos expedientes de gasto con cargo al art\u00edculo 21 \u00abReparaciones, mantenimiento y conservaci\u00f3n\u00bb.<\/li>\n<li>ACUERDO por el que se modifican los l\u00edmites establecidos en el art\u00edculo 47 de la Ley 47\/2003, de 26 de noviembre, General Presupuestaria, para adquirir compromisos de gasto con cargo a ejercicios futuros, a fin de posibilitar a la Agencia Estatal de Administraci\u00f3n Digital la tramitaci\u00f3n de diversos expedientes de gasto con cargo al art\u00edculo 22 \u00abMaterial, suministros y otros\u00bb.<\/li>\n<li>ACUERDO por el que se modifican los l\u00edmites establecidos en el art\u00edculo 47 de la Ley 47\/2003, de 26 de noviembre, General Presupuestaria, para adquirir compromisos de gasto con cargo a ejercicios futuros, a fin de posibilitar a la Agencia Estatal de Administraci\u00f3n Digital la tramitaci\u00f3n de diversos expedientes de gasto con cargo al cap\u00edtulo 6 \u00abInversiones reales\u00bb.<\/li>\n<li>ACUERDO por el que se modifican los l\u00edmites para adquirir compromisos de gasto con cargo a ejercicios futuros, en aplicaci\u00f3n de lo dispuesto en el art\u00edculo 47 de la Ley 47\/2003, de 26 de noviembre, General Presupuestaria, <a href=\"#turismo\">con la finalidad de posibilitar al Organismo Aut\u00f3nomo Instituto de Turismo de Espa\u00f1a hacer frente a los compromisos derivados de la convocatoria de becas para la realizaci\u00f3n de pr\u00e1cticas profesionales.<\/a><\/li>\n<li>ACUERDO por el que se modifican los l\u00edmites establecidos en el art\u00edculo 47 de la Ley 47\/2003, de 26 de noviembre, General Presupuestaria, para adquirir compromisos de gasto con cargo a ejercicios futuros, a fin de posibilitar al Ministerio de Sanidad la tramitaci\u00f3n de diversos contratos correspondientes al cap\u00edtulo 6 \u00abInversiones reales\u00bb.<\/li>\n<li>ACUERDO por el que se modifican los l\u00edmites para adquirir compromisos de gasto con cargo a ejercicios futuros en aplicaci\u00f3n de lo dispuesto en el art\u00edculo 47 de la Ley 47\/2003, de 26 de noviembre, General Presupuestaria, <a href=\"#agraria\">a fin de posibilitar al Organismo Aut\u00f3nomo Fondo Espa\u00f1ol de Garant\u00eda Agraria la concesi\u00f3n de subvenciones en el marco del Plan Estrat\u00e9gico de la Pol\u00edtica Agraria Com\u00fan 2023-2027.<\/a><\/li>\n<li>ACUERDO por el que se modifican los l\u00edmites y el n\u00famero de anualidades para adquirir compromisos de gasto con cargo a ejercicios futuros en aplicaci\u00f3n de lo dispuesto en el art\u00edculo 47 de la Ley 47\/2003, de 26 de noviembre, General Presupuestaria, a fin de posibilitar al Ministerio de Agricultura, Pesca y Alimentaci\u00f3n la tramitaci\u00f3n de nuevos gastos correspondientes al cap\u00edtulo 2 \u00abGastos corrientes en bienes y servicios\u00bb.<\/li>\n<li>ACUERDO por el que se modifican los l\u00edmites para adquirir compromisos de gasto con cargo a ejercicios futuros en aplicaci\u00f3n de lo dispuesto en el art\u00edculo 47 de la Ley 47\/2003, de 26 de noviembre, General Presupuestaria, a fin de posibilitar al Ministerio de Agricultura, Pesca y Alimentaci\u00f3n la tramitaci\u00f3n de nuevos gastos de reparaciones, mantenimiento y conservaci\u00f3n.<\/li>\n<li>ACUERDO por el que se autorizan los l\u00edmites para adquirir compromisos de gasto con cargo a ejercicios futuros en aplicaci\u00f3n de lo dispuesto en el art\u00edculo 47 de la Ley 47\/2003, de 26 de noviembre, General Presupuestaria, <a href=\"#auto\">a fin de posibilitar al Ministerio de Industria y Turismo la formalizaci\u00f3n de una adenda al Convenio para la asistencia t\u00e9cnica en la tramitaci\u00f3n de las ayudas del Programa de Renovaci\u00f3n del parque de veh\u00edculos afectado por las inundaciones de octubre y noviembre de 2024 (Plan REINICIA AUTO +).<\/a><\/li>\n<li>ACUERDO por el que se modifican los l\u00edmites para adquirir compromisos de gasto con cargo a ejercicios futuros en aplicaci\u00f3n de lo dispuesto en el art\u00edculo 47 de la Ley 47\/2003, de 26 de noviembre, General Presupuestaria, a fin de posibilitar al Organismo Aut\u00f3nomo Parques Nacionales la tramitaci\u00f3n de varios expedientes imputables a gastos corrientes en bienes y servicios.<\/li>\n<li>ACUERDO por el que se modifican los l\u00edmites establecidos en el art\u00edculo 47 de la Ley 47\/2003, de 26 de noviembre, General Presupuestaria, para adquirir compromisos de gasto con cargo a ejercicios futuros<a href=\"#jaen\">, a fin de posibilitar al Instituto Nacional de T\u00e9cnica Aeroespacial Esteban Terradas llevar a cabo reajustes de anualidades y modificaciones contractuales para la construcci\u00f3n del nuevo Centro Tecnol\u00f3gico de Desarrollo y Experimentaci\u00f3n en Ja\u00e9n (CETEDEX).<\/a><\/li>\n<li>ACUERDO por el que modifican los l\u00edmites establecidos en el art\u00edculo 47 de la Ley 47\/2003, de 26 de noviembre, General Presupuestaria, a fin de posibilitar al Ministerio de Sanidad la tramitaci\u00f3n anticipada de un contrato para la difusi\u00f3n de una campa\u00f1a de publicidad institucional sobre las nuevas ayudas directas para la obtenci\u00f3n de equipos de ayuda visual en el ejercicio 2026.<\/li>\n<li>ACUERDO por el que se modifican los l\u00edmites establecidos en el art\u00edculo 47 de la Ley 47\/2003, de 26 de noviembre, General Presupuestaria, <a href=\"#gasto\">a fin de posibilitar al Ministerio de Educaci\u00f3n, Formaci\u00f3n Profesional y Deportes la contrataci\u00f3n de los servicios necesarios para la promoci\u00f3n del atractivo y la calidad de la formaci\u00f3n profesional a trav\u00e9s de la competici\u00f3n de formaci\u00f3n profesional \u00abWorldSkills Shanghai 2026\u00bb.<\/a><\/li>\n<li>ACUERDO por el que se autoriza la adquisici\u00f3n de compromisos de gasto con cargo a ejercicios futuros en aplicaci\u00f3n de lo dispuesto en el art\u00edculo 47 de la Ley 47\/2003, de 26 de noviembre, General Presupuestaria, <a href=\"#efectos\">a fin de posibilitar al Ministerio para la Transici\u00f3n Ecol\u00f3gica y el Reto Demogr\u00e1fico, la tramitaci\u00f3n de diversas actuaciones de restauraci\u00f3n hidrol\u00f3gico-forestal para paliar los efectos adversos producidos por la Depresi\u00f3n Aislada en Niveles Altos (DANA) en octubre de 2024.<\/a><\/li>\n<li>ACUERDO por el que se autoriza la adquisici\u00f3n de compromisos de gasto con cargo a ejercicios futuros en aplicaci\u00f3n de lo dispuesto en el art\u00edculo 47 de la Ley 47\/2003, de 26 de noviembre, General Presupuestaria<a href=\"#foral\">, a fin de habilitar al Ministerio de Transportes y Movilidad Sostenible la cobertura presupuestaria plurianual de un Real Decreto de concesi\u00f3n directa de una subvenci\u00f3n a la Diputaci\u00f3n Foral de Guip\u00fazcoa para la adecuaci\u00f3n de t\u00faneles a la Directiva 2004\/54\/CE del Parlamento Europeo y del Consejo, de 29 de abril de 2004.<\/a><\/li>\n<li>ACUERDO por el que se modifican los l\u00edmites para adquirir compromisos de gasto con cargo a ejercicios futuros en aplicaci\u00f3n de lo dispuesto en el art\u00edculo 47 de la Ley 47\/2003, de 26 de noviembre, General Presupuestaria, a fin de posibilitar al Ministerio de la Presidencia, Justicia y Relaciones con las Cortes la formalizaci\u00f3n de un Convenio con la Consejer\u00eda de Sanidad de la Comunidad de Madrid para la prestaci\u00f3n de asistencia sanitaria en Presidencia del Gobierno.<\/li>\n<\/ul>\n<p>Para la Transici\u00f3n Ecol\u00f3gica y el Reto Demogr\u00e1fico <\/p>\n<ul>\n<li>ACUERDO por el que se toma raz\u00f3n de la declaraci\u00f3n de emergencia de las obras de restauraci\u00f3n hidrol\u00f3gico-forestal en las infraestructuras forestales da\u00f1adas por las lluvias torrenciales acaecidas en las provincias de Zaragoza y Teruel, por un importe m\u00e1ximo de 349.511,03 euros.<\/li>\n<li>ACUERDO por el que se toma raz\u00f3n de la declaraci\u00f3n de emergencia de las obras de restauraci\u00f3n hidrol\u00f3gico-forestal en el Monte de Utilidad P\u00fablica n.\u00ba 2 como consecuencia del incendio de Jarilla, en la provincia de C\u00e1ceres, por un importe m\u00e1ximo de 499.994,59 euros.<\/li>\n<\/ul>\n<p>Presidencia, Justicia y Relaciones con las Cortes <\/p>\n<ul>\n<li>REAL DECRETO-LEY por el que <a href=\"#sector\">se aprueban medidas urgentes en materia de retribuciones en el \u00e1mbito del sector p\u00fablico.<\/a><\/li>\n<li>REAL DECRETO-LEY por el que <a href=\"#facturas\">se adoptan medidas urgentes para favorecer la actividad inversora de las entidades locales y de las comunidades aut\u00f3nomas, y por el que se modifica el Real Decreto 1007\/2023, de 5 de diciembre, por el que se aprueba el Reglamento que establece los requisitos que deben adoptar los sistemas y programas inform\u00e1ticos o electr\u00f3nicos que soporten los procesos de facturaci\u00f3n de empresarios y profesionales, y la estandarizaci\u00f3n de formatos de los registros de facturaci\u00f3n.<\/a><\/li>\n<li>REAL DECRETO por el que <a href=\"#alimentos\">se regula el procedimiento para determinar las denominaciones comerciales nacionales y las denominaciones de alimentos en conserva o preparados admitidas en Espa\u00f1a aplicables a los productos de la pesca y de la acuicultura.<\/a><\/li>\n<li>REAL DECRETO por el que se modifica el Real Decreto 53\/2013, de 1 de febrero, por el que se establecen las normas b\u00e1sicas aplicables para la protecci\u00f3n de los animales utilizados en experimentaci\u00f3n y otros fines cient\u00edficos, incluyendo la docencia.<\/li>\n<li>REAL DECRETO por el que se modifica el Real Decreto 206\/2024, de 27 de febrero, por el que se desarrolla la estructura org\u00e1nica b\u00e1sica del Ministerio de Hacienda.<\/li>\n<li>ACUERDO por el que <a href=\"#declaracion\">se aprueba la declaraci\u00f3n institucional por el D\u00eda Internacional y Europeo de las Personas con Discapacidad: <\/a>desplegar los mandatos del art\u00edculo 49 de la Constituci\u00f3n Espa\u00f1ola en las leyes ordinarias de Espa\u00f1a.<\/li>\n<li>ACUERDO por el que <a href=\"#volcan\">se determina la sede f\u00edsica del Consorcio \u00abCentro Nacional de Vulcanolog\u00eda\u00bb.<\/a><\/li>\n<li>ACUERDO por el que <a href=\"#postal\">se establecen obligaciones de servicio p\u00fablico al prestador del servicio postal universal en las elecciones a la Asamblea de Extremadura que se celebrar\u00e1n el d\u00eda 21 de diciembre de 2025 y en las elecciones que se convoquen durante 2026.<\/a><\/li>\n<li>ACUERDO por el que <a href=\"#bilbao\">se autoriza la suscripci\u00f3n de la adenda de pr\u00f3rroga y modificaci\u00f3n al Convenio interadministrativo suscrito el 7 de noviembre de 2023 entre el Ministerio de Asuntos Exteriores, Uni\u00f3n Europea y Cooperaci\u00f3n, el Ministerio de Derechos Sociales y Agenda 2030, la Comunidad Aut\u00f3noma del Pa\u00eds Vasco, el Ayuntamiento de Bilbao y la Fundaci\u00f3n Bancaria BBK,<\/a> relativo al establecimiento de la sede del Secretariado de la Coalici\u00f3n Local 2030 en Bilbao.<\/li>\n<\/ul>\n<p>Defensa <\/p>\n<ul>\n<li>REAL DECRETO por el que s<a href=\"#mallorca\">e declaran zonas de inter\u00e9s para la Defensa Nacional las propiedades denominadas: Base A\u00e9rea de Albacete y Estaci\u00f3n de Combustible La Losilla; Base A\u00e9rea de Cuatro Vientos; Base A\u00e9rea de Getafe; Base A\u00e9rea de Mor\u00f3n; Base A\u00e9rea de Pollensa; Base A\u00e9rea de Son San Juan y Polvor\u00edn y Campo de Tiro de Puntir\u00f3; Base A\u00e9rea de Torrej\u00f3n; Acuartelamiento A\u00e9reo de Tablada, y Cuartel General del Mando A\u00e9reo General.<\/a><\/li>\n<li>REAL DECRETO por el que <a href=\"#cartagena\">se declaran zona de inter\u00e9s para la Defensa Nacional las instalaciones de la propiedad denominada \u00bbArsenal Militar de Cartagena\u00bb, localizadas en el t\u00e9rmino municipal de Cartagena,<\/a> en la provincia de Murcia.<\/li>\n<li>ACUERDO por el que <a href=\"#mantenimiento\">se autoriza la modificaci\u00f3n del contrato para la adquisici\u00f3n del Sistema Autom\u00e1tico de Mantenimiento Est\u00e1ndar<\/a>, por un valor estimado de 26.000.000 de euros.<\/li>\n<li>ACUERDO por el que <a href=\"#vehiculo\">se autoriza la celebraci\u00f3n del Acuerdo Marco para la adquisici\u00f3n de cubiertas para veh\u00edculos de dotaci\u00f3n en el Ej\u00e9rcito de Tierra<\/a>,por un valor estimado de 12.396.694,20 euros.<\/li>\n<li>ACUERDO por el que s<a href=\"#cadiz\">e autoriza la celebraci\u00f3n del contrato de obras de remodelaci\u00f3n de muelles y adecuaci\u00f3n de las instalaciones en la Estaci\u00f3n Naval de Puntales (C\u00e1diz),<\/a> por un valor estimado de 14.700.013,59 euros.<\/li>\n<li> ACUERDO por el que s<a href=\"#armas\">e autoriza la celebraci\u00f3n del contrato de adquisici\u00f3n de veh\u00edculos pesados todo terreno para el programa de modernizaci\u00f3n y adquisici\u00f3n del sistema de armas NASAMS<\/a>, por un valor estimado de 26.665.776 euros.<\/li>\n<li>ACUERDO por el que <a href=\"#murcia\">se toma raz\u00f3n de la declaraci\u00f3n de emergencia para hacer frente a la situaci\u00f3n generada por la Depresi\u00f3n Aislada en Niveles Altos (DANA) del 10 de octubre de 2025 en la colonia militar de aviaci\u00f3n en Santiago de la Ribera (San Javier, Murcia),<\/a> por un importe de 2.351.078,40 euros.<\/li>\n<\/ul>\n<p>Interior <\/p>\n<ul>\n<li>ACUERDO por el que se toma raz\u00f3n de la declaraci\u00f3n de emergencia para la contrataci\u00f3n de la obra de reparaci\u00f3n del vial de acceso al Centro Penitenciario de Algeciras, por importe de 322.586,05 euros.<\/li>\n<li>ACUERDO por el que se toma raz\u00f3n de la declaraci\u00f3n de emergencia para la contrataci\u00f3n de los servicios de mantenimiento del Sistema de Gesti\u00f3n de la Informaci\u00f3n Constella Tracker, del Sistema de Gesti\u00f3n y Custodia de Evidencias Digitales Crypto X Evidences, as\u00ed como de las certificaciones del Esquema Nacional de Seguridad (ENS), de nivel alto ISO\/IEC 27000 y UNE 71505, para la Jefatura de Informaci\u00f3n de la Guardia Civil, por importe de 632.519,26 euros.<\/li>\n<li>ACUERDO por el que se toma raz\u00f3n de la declaraci\u00f3n de emergencia para la contrataci\u00f3n de las obras necesarias para subsanar los graves da\u00f1os que presentan las cornisas y solados del acuartelamiento de la Guardia Civil de Antequera (M\u00e1laga), por importe de 367.541,81 euros.<\/li>\n<li>ACUERDO por el que se toma raz\u00f3n de la declaraci\u00f3n de emergencia para la contrataci\u00f3n de la reparaci\u00f3n y adecuaci\u00f3n de la instalaci\u00f3n el\u00e9ctrica de baja tensi\u00f3n, tras el incendio sufrido en el cuadro general de la dependencia de Polic\u00eda Nacional sita en la calle Jardines, s\/n, de Salamanca, por importe de 90.000 euros.<\/li>\n<li>ACUERDO por el que se toma raz\u00f3n de la ampliaci\u00f3n de la declaraci\u00f3n de emergencia para la contrataci\u00f3n de las obras de reparaci\u00f3n de las bovedillas del acuartelamiento de la Guardia Civil de Salamanca, por importe de 564.766,73 euros.<\/li>\n<li>ACUERDO por el que se toma raz\u00f3n de la ampliaci\u00f3n de la declaraci\u00f3n de emergencia de las obras para la estabilizaci\u00f3n y reparaci\u00f3n de la fachada y de las grietas existentes en el acuartelamiento de la Guardia Civil de la calle Vallehermoso 29, de Madrid, por importe de 2.281.983,27 euros.<\/li>\n<li>ACUERDO por el que se toma raz\u00f3n de la ampliaci\u00f3n de la declaraci\u00f3n de emergencia para la contrataci\u00f3n de las obras de reparaci\u00f3n de los da\u00f1os que presenta el muro y el vial perimetral del cuartel de la Guardia Civil de La Aldea de San Nicol\u00e1s (Las Palmas de Gran Canaria), por importe de 454.817,24 euros.<\/li>\n<li>ACUERDO por el que <a href=\"#plan\">se aprueba el Plan de Programaci\u00f3n de Infraestructuras para la Seguridad del Estado 2025-2029<\/a>.<\/li>\n<\/ul>\n<p>Transportes y Movilidad Sostenible <\/p>\n<ul>\n<li>REAL DECRETO por el que <a href=\"#plasencia\">se regula la concesi\u00f3n directa de una subvenci\u00f3n a la Comunidad Aut\u00f3noma de Extremadura para la adecuaci\u00f3n, mejora y acondicionamiento de la carretera N-630A a su paso por Plasencia.<\/a><\/li>\n<li>REAL DECRETO por el que <a href=\"#tunel\">se regula la concesi\u00f3n directa de una subvenci\u00f3n a la Diputaci\u00f3n Foral de Gipuzkoa para la adecuaci\u00f3n de t\u00faneles a la Directiva 2004\/54\/CE del Parlamento Europeo y del Consejo de 29 de abril de 2004, sobre requisitos m\u00ednimos de seguridad para t\u00faneles de la red transeuropea de carreteras.<\/a><\/li>\n<li>ACUERDO por el que <a href=\"#figueres\">se autoriza la celebraci\u00f3n del contrato de obras destinadas al aumento de capacidad de la carretera N-II en el tramo Variante de Figueres &#8211; Pont de Molins, provincia de Girona.<\/a> Valor estimado del contrato 98.755.791,38 euros.<\/li>\n<li>ACUERDO por el que <a href=\"#obras\">se autoriza la celebraci\u00f3n del contrato de obras del proyecto de construcci\u00f3n del Arco Norte de Murcia entre el punto kilom\u00e9trico 652+000 de la autov\u00eda A-7 y el enlace de Cabezo de Torres, tramo B, provincia: Murcia.<\/a> Valor estimado del contrato 93.837.188,78 euros.<\/li>\n<li>ACUERDO por el que se toma raz\u00f3n de la declaraci\u00f3n de emergencia de las obras de los t\u00faneles T6 y T9 de la l\u00ednea 610 &#8211; Bifurcaci\u00f3n Teruel &#8211; Sagunto, tramo: Zaragoza -Teruel, t\u00faneles, por un importe de 5.722.500 euros.<\/li>\n<li>ACUERDO por el que se toma raz\u00f3n de la ampliaci\u00f3n de la declaraci\u00f3n de emergencia para las obras de reparaci\u00f3n de los desperfectos producidos en el talud de separaci\u00f3n de la A-3 y la rambla del Poyo, as\u00ed como en las estructuras de paso de la A-3 y la A-7 sobre este barranco, a causa de los acontecimientos catastr\u00f3ficos ocurridos con motivo de las intensas lluvias ca\u00eddas el 29 de octubre de 2024 en la provincia de Valencia, subsanando la situaci\u00f3n de grave peligro existente, por importe de 3.969.042,68 euros.<\/li>\n<li>ACUERDO por el que se toma raz\u00f3n de la modificaci\u00f3n sustancial y ampliaci\u00f3n de la declaraci\u00f3n de emergencia para las obras de reparaci\u00f3n del viaducto de A Vilavella, en la autov\u00eda A-52, punto kilom\u00e9trico 115+795, provincia de Ourense, subsanando la situaci\u00f3n de grave peligro existente, por importe de 784.421,75 euros.<\/li>\n<li>ACUERDO por el que se toma raz\u00f3n de la modificaci\u00f3n sustancial y ampliaci\u00f3n de la declaraci\u00f3n de emergencia para las obras de reparaci\u00f3n del paso superior sobre la A-6 en el punto kilom\u00e9trico 30+250, enlace de Torrelodones estaci\u00f3n, provincia de Madrid, subsanando la situaci\u00f3n de grave peligro existente, por importe de 3.001.350,03 euros.<\/li>\n<\/ul>\n<p>Industria y Turismo <\/p>\n<ul>\n<li>REAL DECRETO por el que se regula la concesi\u00f3n directa de subvenciones en materia de turismo por el Ministerio de Industria y Turismo, durante el ejercicio presupuestario 2025.<\/li>\n<\/ul>\n<p>Agricultura, Pesca y Alimentaci\u00f3n <\/p>\n<ul>\n<li>ACUERDO por el que <a href=\"#aviar\">se toma raz\u00f3n de la declaraci\u00f3n de emergencia para prestar apoyo a los servicios veterinarios oficiales de las comunidades aut\u00f3nomas para implementar las actuaciones sanitarias necesarias para gestionar los brotes de Influenza Aviar (IA),<\/a> por un importe de 499.877,41 euros.<\/li>\n<li>ACUERDO por el que <a href=\"#virus\">se toma raz\u00f3n de la segunda ampliaci\u00f3n de la declaraci\u00f3n de emergencia de las actuaciones sanitarias necesarias a realizar frente al virus de la Dermatosis Nodular Contagiosa (DNC)<\/a>, por un importe de 660.000 euros, IVA incluido.<\/li>\n<li>ACUERDO por el que se aprueba la terminaci\u00f3n del procedimiento de repercusi\u00f3n de responsabilidades por incumplimiento del Derecho de la Uni\u00f3n Europea iniciado a la Comunidad Aut\u00f3noma de Andaluc\u00eda el 22 de julio de 2025, correspondiente a la liquidaci\u00f3n de cuentas de los organismos pagadores de los Estados miembros referentes a los gastos financiados por el Feader PDR 2014-2022, Feader PEPAC 2023-2027 y el FEAGA, con cargo al ejercicio financiero 2024.<\/li>\n<li>ACUERDO por el que se aprueba la terminaci\u00f3n del procedimiento de repercusi\u00f3n de responsabilidades por incumplimiento del Derecho de la Uni\u00f3n Europea iniciado a la Comunidad Aut\u00f3noma de Canarias el 23 de julio de 2025, correspondiente a la liquidaci\u00f3n de cuentas de los organismos pagadores de los Estados miembros referentes a los gastos financiados por el Feader PDR 2014-2022, Feader PEPAC 2023-2027 y el FEAGA, con cargo al ejercicio financiero 2024.<\/li>\n<li>ACUERDO por el que se aprueba la terminaci\u00f3n del procedimiento de repercusi\u00f3n de responsabilidades por incumplimiento del Derecho de la Uni\u00f3n Europea iniciado a la Comunidad Aut\u00f3noma de Castilla-La Mancha el 22 de julio de 2025, correspondiente a la liquidaci\u00f3n de cuentas de los organismos pagadores de los Estados miembros referentes a los gastos financiados por el Feader PDR 2014-2022, Feader PEPAC 2023-2027 y el FEAGA, con cargo al ejercicio financiero 2024.<\/li>\n<li>ACUERDO por el que se aprueba la terminaci\u00f3n del procedimiento de repercusi\u00f3n de responsabilidades por incumplimiento del Derecho de la Uni\u00f3n Europea iniciado a la Comunidad de Castilla y Le\u00f3n el 22 de julio de 2025, correspondiente a la liquidaci\u00f3n de cuentas de los organismos pagadores de los Estados miembros referentes a los gastos financiados por el Feader PDR 2014-2022, Feader PEPAC 2023-2027 y el FEAGA, con cargo al ejercicio financiero 2024.<\/li>\n<li>ACUERDO por el que se aprueba la terminaci\u00f3n del procedimiento de repercusi\u00f3n de responsabilidades por incumplimiento del Derecho de la Uni\u00f3n Europea iniciado a la Comunidad Aut\u00f3noma de Extremadura el 22 de julio de 2025, correspondiente a la liquidaci\u00f3n de cuentas de los organismos pagadores de los Estados miembros referentes a los gastos financiados por el Feader PDR 2014-2022, Feader PEPAC 2023-2027 y el FEAGA, con cargo al ejercicio financiero 2024.<\/li>\n<li>ACUERDO por el que se aprueba la terminaci\u00f3n del procedimiento de repercusi\u00f3n de responsabilidades por incumplimiento del Derecho de la Uni\u00f3n Europea iniciado a la Comunidad Aut\u00f3noma de Illes Balears el 22 de julio de 2025, correspondiente a la exclusi\u00f3n de la financiaci\u00f3n de la Uni\u00f3n Europea de los gastos efectuados por los Estados miembros con cargo a los fondos FEAGA y Feader.<\/li>\n<li>ACUERDO por el que se aprueba la terminaci\u00f3n del procedimiento de repercusi\u00f3n de responsabilidades por incumplimiento del Derecho de la Uni\u00f3n Europea iniciado a la Comunidad Aut\u00f3noma de la Regi\u00f3n de Murcia el 22 de julio de 2025, correspondiente a la liquidaci\u00f3n de cuentas de los organismos pagadores de los Estados miembros referentes a los gastos financiados por el Feader PDR 2014-2022, Feader PEPAC 2023-2027 y el FEAGA, con cargo al ejercicio financiero 2024.<\/li>\n<li>ACUERDO por el que se aprueba la terminaci\u00f3n del procedimiento de repercusi\u00f3n de responsabilidades por incumplimiento del Derecho de la Uni\u00f3n Europea iniciado a la Comunidad Aut\u00f3noma del Pa\u00eds Vasco el 23 de julio de 2025, correspondiente a la liquidaci\u00f3n de cuentas de los organismos pagadores de los Estados miembros referentes a los gastos financiados por el Feader PDR 2014-2022, Feader PEPAC 2023-2027 y el FEAGA, con cargo al ejercicio financiero 2024.<\/li>\n<li>ACUERDO por el que <a href=\"#puertos\">se autoriza la contribuci\u00f3n voluntaria internacional al Programa Regular de la Organizaci\u00f3n de las Naciones Unidas para la Alimentaci\u00f3n y la Agricultura en apoyo a su Iniciativa de Puertos Azules,<\/a> por un importe de 114.080 euros.<\/li>\n<\/ul>\n<p>Pol\u00edtica Territorial y Memoria Democr\u00e1tica <\/p>\n<ul>\n<li>ACUERDO por el que se toma raz\u00f3n de la declaraci\u00f3n de emergencia de las obras para la instalaci\u00f3n de aire acondicionado, la retirada de los antiguos equipos y traslado al centro de reciclaje en la Subdelegaci\u00f3n del Gobierno en \u00c1vila, por importe de 66.574,35 euros.<\/li>\n<\/ul>\n<p>Cultura <\/p>\n<ul>\n<li>ACUERDO por el que se autoriza al Instituto de la Cinematograf\u00eda y de las Artes Audiovisuales, O.A., la convocatoria correspondiente al a\u00f1o 2026 de ayudas selectivas para la producci\u00f3n de largometrajes sobre proyecto, por importe de 37.000.000 de euros.<\/li>\n<\/ul>\n<p>Econom\u00eda, Comercio y Empresa <\/p>\n<ul>\n<li>REAL DECRETO por el que se declaran oficiales las cifras de poblaci\u00f3n resultantes de la revisi\u00f3n del Padr\u00f3n municipal referidas al 1 de enero de 2025.<\/li>\n<li>ACUERDO por el que se toma raz\u00f3n de la declaraci\u00f3n de emergencia para la contrataci\u00f3n por el Instituto Nacional de Estad\u00edstica de los servicios de composici\u00f3n, edici\u00f3n, manipulado y entrega al operador postal Sociedad Estatal Correos y Tel\u00e9grafos, S.A., de aproximadamente 900.000 tarjetas censales que se enviar\u00e1n a los electores residentes en Extremadura con motivo de las elecciones a la Asamblea de Extremadura que se celebrar\u00e1n el 21 de diciembre de 2025, por importe m\u00e1ximo de 49.005 euros.<\/li>\n<li>ACUERDO por el que se aprueba la concesi\u00f3n de un cr\u00e9dito reembolsable en condiciones concesionales de la Organizaci\u00f3n para la Cooperaci\u00f3n y el Desarrollo Econ\u00f3micos, con cargo al Fondo para la Internacionalizaci\u00f3n de la Empresa, F.C.P.J., al Banco Central de Egipto, para financiar el proyecto de mantenimiento y suministro de repuestos del material rodante de la l\u00ednea 2 del metro de El Cairo, en Egipto, por importe de hasta 62.999.491 euros.<\/li>\n<li>ACUERDO por el que se aprueba la concesi\u00f3n de un cr\u00e9dito reembolsable en condiciones concesionales de la Organizaci\u00f3n para la Cooperaci\u00f3n y el Desarrollo Econ\u00f3micos, con cargo al Fondo para la Internacionalizaci\u00f3n de la Empresa, F.C.P.J., al Banco Central de Egipto, para financiar el proyecto de mantenimiento y suministro de repuestos del material rodante de la l\u00ednea 1 del metro de El Cairo, en Egipto, por importe de hasta 49.795.571,19 euros.<\/li>\n<li>ACUERDO por el que se aprueba la concesi\u00f3n de un cr\u00e9dito reembolsable en condiciones comerciales de la Organizaci\u00f3n para la Cooperaci\u00f3n y el Desarrollo Econ\u00f3micos, con cargo al Fondo para la Internacionalizaci\u00f3n de la empresa, F.C.P.J., al Ministerio de Finanzas y Presupuestos de Costa de Marfil, con garant\u00eda soberana de Costa de Marfil, para financiar el proyecto de construcci\u00f3n y equipamiento de un centro de formaci\u00f3n profesional sectorial de t\u00e9cnicos de salud en el barrio de Yopougon, en el distrito de Abiy\u00e1n, en Costa de Marfil, por importe de hasta 9.357.500 euros.<\/li>\n<li>ACUERDO por el que se aprueba la concesi\u00f3n de un cr\u00e9dito reembolsable en condiciones comerciales de la Organizaci\u00f3n para la Cooperaci\u00f3n y el Desarrollo Econ\u00f3micos, con cargo al Fondo para la Internacionalizaci\u00f3n de la empresa, F.C.P.J., al Ministerio de Finanzas y Presupuestos de Costa de Marfil, con garant\u00eda soberana de Costa de Marfil, para financiar el proyecto de construcci\u00f3n y equipamiento de un centro de formaci\u00f3n profesional en energ\u00edas renovables en Bingerville, en Costa de Marfil, por importe de hasta 9.500.000 euros.<\/li>\n<li>ACUERDO por el que se aprueba la concesi\u00f3n de un cr\u00e9dito reembolsable en condiciones comerciales de la Organizaci\u00f3n para la Cooperaci\u00f3n y el Desarrollo Econ\u00f3micos, con cargo al Fondo para la Internacionalizaci\u00f3n de la empresa, F.C.P.J., al Ministerio de Finanzas y Presupuestos de Costa de Marfil, con garant\u00eda soberana de Costa de Marfil, para financiar el proyecto de realizaci\u00f3n de estudios t\u00e9cnicos y construcci\u00f3n de un paso elevado en estructura met\u00e1lica en la intersecci\u00f3n \u00abAbatta\u00bb en Cocody (Abiy\u00e1n), en Costa de Marfil, por importe de hasta 23.400.000 euros.<\/li>\n<\/ul>\n<p>Ciencia, Innovaci\u00f3n y Universidades Para la Transformaci\u00f3n Digital y de la Funci\u00f3n P\u00fablica Juventud e Infancia <\/p>\n<ul>\n<li>ACUERDO por el que se autoriza el pago de la contribuci\u00f3n voluntaria para el a\u00f1o 2025 a la Oficina para la Juventud de Naciones Unidas, por importe de 35.000 euros.<\/li>\n<\/ul>\n<p>ACUERDOS DE PERSONALAsuntos Exteriores, Uni\u00f3n Europea y Cooperaci\u00f3nPara la Transformaci\u00f3n Digital y de la Funci\u00f3n P\u00fablicaAMPLIACI\u00d3N DE CONTENIDOSASUNTOS GENERALESHacienda<a href=\"https:\/\/www.lamoncloa.gob.es\/consejodeministros\/referencias\/Paginas\/2025\/20251202-referencia-rueda-de-prensa-ministros.aspx\" name=\"techo\" id=\"techo\" onclick=\"javascript:GoogleTrackEvent(&#039;True&#039;,&#039;Contenido&#039;,&#039;Click&#039;,&#039;[https:\/\/www.lamoncloa.gob.es\/consejodeministros\/referencias\/Paginas\/2025\/20251202-referencia-rueda-de-prensa-ministros.aspx] APROBADOS LOS OBJETIVOS DE ESTABILIDAD DE LAS AAPP HASTA 2028 Y EL TECHO DE GASTO DE 2026. [\/consejodeministros\/referencias\/Paginas\/2025\/20251202-referencia-rueda-de-prensa-ministros.aspx]&#039;);\" rel=\"nofollow noopener\" target=\"_blank\">APROBADOS LOS OBJETIVOS DE ESTABILIDAD DE LAS AAPP HASTA 2028 Y EL TECHO DE GASTO DE 2026<\/a><\/p>\n<p class=\"ms-rteElement-Parrafo_Normal\">El Consejo de Ministros ha aprobado el Acuerdo por el que se fijan los objetivos de estabilidad presupuestaria y de deuda p\u00fablica para el conjunto de Administraciones P\u00fablicas y de cada uno de sus subsectores para el per\u00edodo 2026-2028 para su remisi\u00f3n a las Cortes Generales, y el l\u00edmite de gasto no financiero del presupuesto del Estado para 2026.<\/p>\n<p class=\"ms-rteElement-Parrafo_Normal\">La senda de d\u00e9ficit se aprueba de nuevo despu\u00e9s de que fuera rechazada en primera lectura por el Congreso de los Diputados, cumpliendo as\u00ed con lo establecido en la Ley Org\u00e1nica 2\/2012, de Estabilidad Presupuestaria y Sostenibilidad Financiera. El texto incluye unos objetivos para ese trienio que son los mismos que fueron aprobados inicialmente por el Consejo de Pol\u00edtica Fiscal y Financiera y el Ejecutivo. Lo mismo ocurre con el techo de gasto, que asciende a 212.026 millones de euros (sin fondos europeos).<\/p>\n<p>Hacienda<a href=\"https:\/\/www.lamoncloa.gob.es\/consejodeministros\/referencias\/Paginas\/2025\/20251202-referencia-rueda-de-prensa-ministros.aspx\" name=\"dana\" id=\"dana\" onclick=\"javascript:GoogleTrackEvent(&#039;True&#039;,&#039;Contenido&#039;,&#039;Click&#039;,&#039;[https:\/\/www.lamoncloa.gob.es\/consejodeministros\/referencias\/Paginas\/2025\/20251202-referencia-rueda-de-prensa-ministros.aspx] APLICACI\u00d3N DEL FONDO DE CONTINGENCIA PARA AYUDAS DIRECTAS A EMPRESAS Y PROFESIONALES AFECTADOS POR LA DANA. [\/consejodeministros\/referencias\/Paginas\/2025\/20251202-referencia-rueda-de-prensa-ministros.aspx]&#039;);\" rel=\"nofollow noopener\" target=\"_blank\">APLICACI\u00d3N DEL FONDO DE CONTINGENCIA PARA AYUDAS DIRECTAS A EMPRESAS Y PROFESIONALES AFECTADOS POR LA DANA<\/a><\/p>\n<p class=\"ms-rteElement-Parrafo_Normal\">El Consejo de Ministros ha aprobado un acuerdo por el que se autoriza la aplicaci\u00f3n del Fondo de Contingencia por importe de 104.895.806,31 euros y la concesi\u00f3n de un cr\u00e9dito extraordinario en el Ministerio de Hacienda para financiar la l\u00ednea de ayudas directas a empresas y profesionales especialmente afectados por la DANA, l\u00ednea recogida en el art\u00edculo 11 del Real Decreto-ley 6\/2024, de 5 de noviembre.<\/p>\n<p class=\"ms-rteElement-Parrafo_Normal\">Seg\u00fan establece la Disposici\u00f3n adicional segunda del citado Real Decreto-ley, los departamentos ministeriales podr\u00e1n solicitar al Ministerio de Hacienda cr\u00e9ditos extraordinarios y suplementos de cr\u00e9dito para financiar las insuficiencias presupuestarias con ocasi\u00f3n de los gastos causados en atender las medidas para paliar los da\u00f1os causados por la DANA, mediante los correspondientes expedientes de modificaciones presupuestarias. Estos expedientes de modificaci\u00f3n presupuestaria se aprobar\u00e1n por el Consejo de Ministros y se financiar\u00e1n con cargo al cr\u00e9dito, declarado ampliable, &#8216;Fondo de Contingencia de ejecuci\u00f3n presupuestaria, art\u00edculo 50 de la Ley 47\/2003, de 26 de noviembre, General Presupuestaria, DANA 28 de octubre 2024&#8217;.<\/p>\n<p class=\"ms-rteElement-Parrafo_Normal\">Por otro lado, de acuerdo con la Disposici\u00f3n adicional primera del Real Decreto-ley 6\/2024, de 5 de noviembre, por el que se adoptan medidas urgentes de respuesta ante los da\u00f1os causados por la Depresi\u00f3n Aislada en Niveles Altos(DANA) en diferentes municipios entre el 28 de octubre y el 4 de noviembre de 2024, cualquier expediente de gasto que se tramite al efecto deber\u00e1 imputarse al programa presupuestario &#8216;Contingencias asociadas a la Depresi\u00f3n Aislada en Niveles Altos (DANA) de 2024&#8217;, que se crea para esta finalidad en cada secci\u00f3n presupuestaria.<\/p>\n<p class=\"ms-rteElement-Parrafo_Normal\">En este contexto, el art\u00edculo 11 del Real Decreto-ley 6\/2024, de 5 de noviembre, estableci\u00f3 un sistema de ayudas directas, correspondiente al ejercicio 2024, para los obligados tributarios, empresarios o profesionales, que a 28 de octubre de 2024 tuvieran bien su domicilio fiscal, bien su establecimiento de explotaci\u00f3n, o bienes inmuebles declarados como afectos a su actividad, ubicados en cualquiera de los municipios, o \u00e1reas de los mismos, comprendidos en la &#8216;Zona afectada gravemente por una emergencia de protecci\u00f3n civil&#8217;, declarada por acuerdo del Consejo de Ministros de 5 de noviembre de 2024.<\/p>\n<p class=\"ms-rteElement-Parrafo_Normal\">Los pagos correspondientes a tales ayudas se est\u00e1n realizando por la Agencia Estatal de Administraci\u00f3n Tributaria (AEAT), previa provisi\u00f3n de fondos por el Tesoro P\u00fablico, de acuerdo con el procedimiento previsto en la Orden de 27 de diciembre de 1991, por la que se dictan instrucciones acerca del r\u00e9gimen econ\u00f3mico financiero de la Agencia Estatal de Administraci\u00f3n Tributaria. <\/p>\n<p class=\"ms-rteElement-Parrafo_Normal\">De acuerdo con la documentaci\u00f3n justificativa aportada, en el marco de la tramitaci\u00f3n de los expedientes en concepto de ayudas directas a empresas y profesionales especialmente afectados por la DANA, de acuerdo con lo previsto por el Real Decreto Ley 6\/2024, de 5 de noviembre, se han estimado un total de 18.533 solicitudes de ayudas hasta el 9 de diciembre de 2024, valoradas en un importe total de 236.290.000 euros, tal y como consta en el certificado del Departamento de Gesti\u00f3n Tributaria de la Agencia Estatal de Administraci\u00f3n Tributaria expedido en dicha fecha.<\/p>\n<p class=\"ms-rteElement-Parrafo_Normal\">Por otra parte, el importe total acreditado de pagos netos realizados en aplicaci\u00f3n de la l\u00ednea de ayudas directas a empresas y profesionales especialmente afectados por la DANA establecida en el art\u00edculo 11 del Real Decreto-ley 6\/2024, de 5 de noviembre, desde su entrada en vigor hasta el 15 de octubre de 2025 asciende a 341.185.806,31 euros.<\/p>\n<p class=\"ms-rteElement-Parrafo_Normal\">En este contexto, el centro gestor manifiesta que la diferencia del importe aplicado a finales del ejercicio 2024, y el importe certificado por la AEAT de pagos netos en 2025 constituye la cantidad requerida en esta modificaci\u00f3n, sin contar con remante alguno que pueda incorporarse al cierre del ejercicio 2025 en la aplicaci\u00f3n presupuestaria &#8216;L\u00ednea de ayudas directas a empresas y profesionales especialmente afectados por la DANA&#8217;.<\/p>\n<p class=\"ms-rteElement-Parrafo_Normal\">Por lo tanto, para permitir la financiaci\u00f3n de la mencionada l\u00ednea de ayudas directas, es preciso autorizar la aplicaci\u00f3n del Fondo de Contingencia y la concesi\u00f3n de un cr\u00e9dito extraordinario en el Ministerio de Hacienda, por importe total de 104.895.806,31 euros, de conformidad con lo establecido en la Ley General Presupuestaria y en el Real Decreto- ley 6\/2024.<\/p>\n<p class=\"ms-rteElement-Parrafo_Normal\">El Fondo de Contingencia que se aplica en este acuerdo se ha financiado parcialmente, en una cuant\u00eda de 13.327,11 euros, con donaciones de dinero que se han efectuado para contribuir a la financiaci\u00f3n de los gastos destinados a atender las medidas para paliar los da\u00f1os causados por la DANA.<\/p>\n<p>Hacienda<a href=\"https:\/\/www.lamoncloa.gob.es\/consejodeministros\/referencias\/Paginas\/2025\/20251202-referencia-rueda-de-prensa-ministros.aspx\" name=\"palma\" id=\"palma\" onclick=\"javascript:GoogleTrackEvent(&#039;True&#039;,&#039;Contenido&#039;,&#039;Click&#039;,&#039;[https:\/\/www.lamoncloa.gob.es\/consejodeministros\/referencias\/Paginas\/2025\/20251202-referencia-rueda-de-prensa-ministros.aspx] APLICACI\u00d3N DEL FONDO DE CONTINGENCIA PARA ATENDER DA\u00d1OS POR EL VOLC\u00c1N DE LA PALMA. [\/consejodeministros\/referencias\/Paginas\/2025\/20251202-referencia-rueda-de-prensa-ministros.aspx]&#039;);\" rel=\"nofollow noopener\" target=\"_blank\">APLICACI\u00d3N DEL FONDO DE CONTINGENCIA PARA ATENDER DA\u00d1OS POR EL VOLC\u00c1N DE LA PALMA<\/a><\/p>\n<p class=\"ms-rteElement-Parrafo_Normal\">El Consejo de Ministros ha aprobado un acuerdo por el que se autoriza la aplicaci\u00f3n del Fondo de Contingencia por importe de 195.048,39 euros para financiar modificaciones de cr\u00e9dito destinadas a atender los da\u00f1os ocasionados por la erupci\u00f3n volc\u00e1nica en la isla de La Palma por importe de 179.928,39 euros, y por diversas cat\u00e1strofes por importe de 15.120 euros.<\/p>\n<p class=\"ms-rteElement-Parrafo_Normal\">De esta forma, la asignaci\u00f3n de Fondo de Contingencia que se contempla en este acuerdo, tiene como finalidad la financiaci\u00f3n de la ampliaci\u00f3n de cr\u00e9dito en el Ministerio del Interior para atender la concesi\u00f3n de ayudas a familias e instituciones sin fines de lucro como consecuencia de situaciones de emergencia motivada por siniestros, cat\u00e1strofes u otras de reconocida urgencia, por un importe de 195.048,39 euros. <\/p>\n<p class=\"ms-rteElement-Parrafo_Normal\">Con estos cr\u00e9ditos se atender\u00e1n los gastos derivados de:<\/p>\n<ul class=\"ms-rteElement-Parrafo_Normal\">\n<li>La erupci\u00f3n volc\u00e1nica en la isla de La Palma: con objeto de atender las obligaciones tras impugnaciones efectuadas sobre resoluciones de concesi\u00f3n de ayudas en el marco del Real Decreto 307\/2005, de 18 de marzo, por el que se regulan las subvenciones en atenci\u00f3n a determinadas necesidades derivadas de situaciones de emergencia o de naturaleza catastr\u00f3fica, y se establece el procedimiento para su concesi\u00f3n, adoptadas como consecuencia de la erupci\u00f3n volc\u00e1nica de La Palma en septiembre del a\u00f1o 2021, se requiere un importe de 179.928,39 euros.<\/li>\n<li>Otras cat\u00e1strofes: En el marco de las ayudas reguladas en el citado Real Decreto 307\/2005 se ha resuelto conceder una subvenci\u00f3n, por importe de 15.120 euros, para paliar da\u00f1os materiales producidos en vivienda habitual, como consecuencia de los incendios no forestales acaecidos en el mes de febrero de 2024 en la localidad de Valencia. <\/li>\n<\/ul>\n<p class=\"ms-rteElement-Parrafo_Normal\">Por todo ello, con el fin de hacer frente a estos gastos, es preciso disponer de una cuant\u00eda total de 195.048,39 euros, financi\u00e1ndose con cargo al Fondo de Contingencia.<\/p>\n<p class=\"ms-rteElement-Parrafo_Normal\">Por tanto, en aplicaci\u00f3n del art\u00edculo 50.2 de la Ley 47\/2003, de 26 de noviembre, General Presupuestaria, se solicita la aprobaci\u00f3n del Consejo de Ministros de la aplicaci\u00f3n del Fondo de Contingencia.<\/p>\n<p>Hacienda<a href=\"https:\/\/www.lamoncloa.gob.es\/consejodeministros\/referencias\/Paginas\/2025\/20251202-referencia-rueda-de-prensa-ministros.aspx\" name=\"digitales\" id=\"digitales\" onclick=\"javascript:GoogleTrackEvent(&#039;True&#039;,&#039;Contenido&#039;,&#039;Click&#039;,&#039;[https:\/\/www.lamoncloa.gob.es\/consejodeministros\/referencias\/Paginas\/2025\/20251202-referencia-rueda-de-prensa-ministros.aspx] TRANSFERENCIA AL MINISTERIO DE DEFENSA PARA FORMACI\u00d3N EN COMPETENCIAS DIGITALES . [\/consejodeministros\/referencias\/Paginas\/2025\/20251202-referencia-rueda-de-prensa-ministros.aspx]&#039;);\" rel=\"nofollow noopener\" target=\"_blank\">TRANSFERENCIA AL MINISTERIO DE DEFENSA PARA FORMACI\u00d3N EN COMPETENCIAS DIGITALES <\/a><\/p>\n<p class=\"ms-rteElement-Parrafo_Normal\">El Consejo de Ministros ha autorizado una transferencia de cr\u00e9dito por importe de 6 millones de euros al Ministerio de Defensa para la formaci\u00f3n en competencias digitales en el marco del componente 19, inversi\u00f3n 3, del Plan de Recuperaci\u00f3n, Transformaci\u00f3n y Resiliencia (PRTR).<\/p>\n<p class=\"ms-rteElement-Parrafo_Normal\">La Secretar\u00eda de Estado de Digitalizaci\u00f3n e Inteligencia Artificial solicita una transferencia de cr\u00e9dito a la aplicaci\u00f3n presupuestaria &#8216;Convenios con universidades para proyectos MRR&#8217;, del Ministerio de Defensa, por importe de 6 millones de euros.<\/p>\n<p class=\"ms-rteElement-Parrafo_Normal\">Con fecha 17 de septiembre de 2025 se suscribi\u00f3 el Acuerdo Interdepartamental entre el Ministerio de Defensa y el Ministerio para la Transformaci\u00f3n Digital y de la Funci\u00f3n P\u00fablica para la formaci\u00f3n en competencias digitales en el marco de la Inversi\u00f3n 3 &#8216;Competencias digitales para el empleo&#8217;, del Componente 19 &#8216;Plan Nacional de Capacidades Digitales&#8217;, del PRTR.<\/p>\n<p class=\"ms-rteElement-Parrafo_Normal\">La cl\u00e1usula segunda del citado Acuerdo dispone que el Ministerio para la Transformaci\u00f3n Digital y de la Funci\u00f3n P\u00fablica transferir\u00e1 la cuant\u00eda de 6 millones de euros desde el servicio 50 de su presupuesto de gastos al mismo servicio del Ministerio de Defensa.<\/p>\n<p class=\"ms-rteElement-Parrafo_Normal\">Por todo lo anterior, se solicita transferencia de cr\u00e9dito, por el referido importe, desde la aplicaci\u00f3n presupuestaria &#8216;Formaci\u00f3n en competencias digitales. MRR&#8217;, del Ministerio para la Transformaci\u00f3n Digital y de la Funci\u00f3n P\u00fablica, a la partida de nueva creaci\u00f3n &#8216;Convenios con universidades para proyectos MRR&#8217; del Ministerio de Defensa.<\/p>\n<p class=\"ms-rteElement-Parrafo_Normal\">En consecuencia y con la finalidad indicada, procede elevar el expediente al Consejo de Ministros para su aprobaci\u00f3n en los t\u00e9rminos contenidos en la Propuesta.<\/p>\n<p>Hacienda<a href=\"https:\/\/www.lamoncloa.gob.es\/consejodeministros\/referencias\/Paginas\/2025\/20251202-referencia-rueda-de-prensa-ministros.aspx\" name=\"turismo\" id=\"turismo\" onclick=\"javascript:GoogleTrackEvent(&#039;True&#039;,&#039;Contenido&#039;,&#039;Click&#039;,&#039;[https:\/\/www.lamoncloa.gob.es\/consejodeministros\/referencias\/Paginas\/2025\/20251202-referencia-rueda-de-prensa-ministros.aspx] MODIFICACI\u00d3N DE L\u00cdMITES PARA LA CONVOCATORIA DE BECAS DE TURESPA\u00d1A. [\/consejodeministros\/referencias\/Paginas\/2025\/20251202-referencia-rueda-de-prensa-ministros.aspx]&#039;);\" rel=\"nofollow noopener\" target=\"_blank\">MODIFICACI\u00d3N DE L\u00cdMITES PARA LA CONVOCATORIA DE BECAS DE TURESPA\u00d1A<\/a><\/p>\n<p class=\"ms-rteElement-Parrafo_Normal\">El Consejo de Ministros ha aprobado un acuerdo por el que se autoriza la modificaci\u00f3n de l\u00edmites para adquirir compromisos de gasto con cargo a ejercicios futuros en aplicaci\u00f3n de lo dispuesto en el art\u00edculo 47 de la Ley 47\/2003, de 26 de noviembre, General Presupuestaria, a fin de posibilitar al Organismo Aut\u00f3nomo Instituto de Turismo de Espa\u00f1a (TURESPA\u00d1A) hacer frente a los compromisos derivados de la convocatoria de becas para la realizaci\u00f3n de pr\u00e1cticas profesionales.<\/p>\n<p class=\"ms-rteElement-Parrafo_Normal\">Dicho organismo solicita autorizaci\u00f3n para modificar los l\u00edmites de gasto con cargo a ejercicios futuros en la aplicaci\u00f3n presupuestaria &#8216;Becas para alumnos de turismo&#8217;, a nivel de vinculaci\u00f3n, cuya dotaci\u00f3n inicial en los presupuestos vigentes en 2025, asciende a 1.106.340 euros.<\/p>\n<p class=\"ms-rteElement-Parrafo_Normal\">La Orden ICT\/885\/2018, de 17 de agosto, por la que se aprueban las bases reguladoras del programa de becas del Instituto de Turismo de Espa\u00f1a para la realizaci\u00f3n de pr\u00e1cticas profesionales, constituye el marco en el que se conceden becas para el desarrollo de actividades formativas en la red de Consejer\u00edas de Turismo en el exterior o en los servicios centrales de TURESPA\u00d1A y la Secretar\u00eda de Estado de Turismo, con el fin de lograr una mayor cualificaci\u00f3n y formaci\u00f3n de los recursos humanos del sector tur\u00edstico espa\u00f1ol, as\u00ed como un mejor conocimiento de los mercados emisores de turistas internacionales y los atributos diferenciales que conforman la identidad de la marca Espa\u00f1a.<\/p>\n<p class=\"ms-rteElement-Parrafo_Normal\">En virtud de lo dispuesto en la citada Orden, por Resoluci\u00f3n de 13 de mayo de 2024, modificada por la Resoluci\u00f3n de 12 de diciembre de 2024, de la Presidencia de TURESPA\u00d1A, se convocaron las becas del Instituto de Turismo de Espa\u00f1a para la realizaci\u00f3n de pr\u00e1cticas profesionales correspondientes al periodo de 2024 al 2025.<\/p>\n<p class=\"ms-rteElement-Parrafo_Normal\">La cuant\u00eda total anual m\u00e1xima de las becas, recogida en la Resoluci\u00f3n de 12 de diciembre de 2024, asciende a 1.121.249,60 euros. El importe total de las becas se abonar\u00eda por una cuant\u00eda m\u00e1xima de 109.028,38 euros para el a\u00f1o 2024, 927.869,45 euros para el a\u00f1o 2025 y 84.351,77 euros para el 2026.<\/p>\n<p class=\"ms-rteElement-Parrafo_Normal\">La incorporaci\u00f3n de los nuevos becarios se retras\u00f3 hasta el 1 de febrero de 2025, por lo que parte del gasto que inicialmente se hab\u00eda previsto ejecutar en el presente ejercicio, se realizar\u00e1 en 2026. Adem\u00e1s, la Orden PJC\/178\/2025, de 25 de febrero, por la que se desarrollan las normas legales de cotizaci\u00f3n a la Seguridad Social, desempleo, protecci\u00f3n por cese de actividad, Fondo de Garant\u00eda Salarial y formaci\u00f3n profesional para el ejercicio 2025, incrementa los costes de Seguridad Social con efecto desde el 1 de enero de 2025.<\/p>\n<p class=\"ms-rteElement-Parrafo_Normal\">Por otro lado, TURESPA\u00d1A, de acuerdo con lo establecido en el art\u00edculo 12 de la Orden ICT\/885\/2018, de 17 de agosto, est\u00e1 tramitando una pr\u00f3rroga de las becas por un periodo adicional de 12 meses (Fase II), lo que prolongar\u00e1 su duraci\u00f3n hasta el 31 de enero de 2027.<\/p>\n<p class=\"ms-rteElement-Parrafo_Normal\">Lo anterior conlleva la necesidad de recalcular las anualidades, dado que se trasladar\u00e1 a 2026 una parte de los gastos correspondientes a la primera fase (Fase I) del programa de becas, se prev\u00e9 la pr\u00f3rroga de una segunda fase (Fase II), y se producir\u00e1 un incremento del gasto respecto a la estimaci\u00f3n inicial, como consecuencia de mayores costes de Seguridad Social.<\/p>\n<p class=\"ms-rteElement-Parrafo_Normal\">Por todo lo anterior, se solicita la autorizaci\u00f3n del Consejo de Ministros para modificar los l\u00edmites a los que se refiere el apartado 2 del art\u00edculo 47 de la Ley 47\/2003, de 26 de noviembre, General Presupuestaria, en el ejercicio 2026, seg\u00fan lo previsto en el apartado 3 del mismo art\u00edculo, en los siguientes t\u00e9rminos:<\/p>\n<p><\/p>\n<tr>\n<td>A\u00f1o<\/td>\n<td>L\u00edmite de compromiso m\u00e1ximo a adquirir (\u20ac)<\/td>\n<\/tr>\n<tr>\n<td>2026<\/td>\n<td>1.019.977,80<\/td>\n<\/tr>\n<tr>\n<td>2027<\/td>\n<td>187.102,45<\/td>\n<\/tr>\n<p>Hacienda<a href=\"https:\/\/www.lamoncloa.gob.es\/consejodeministros\/referencias\/Paginas\/2025\/20251202-referencia-rueda-de-prensa-ministros.aspx\" name=\"agraria\" id=\"agraria\" onclick=\"javascript:GoogleTrackEvent(&#039;True&#039;,&#039;Contenido&#039;,&#039;Click&#039;,&#039;[https:\/\/www.lamoncloa.gob.es\/consejodeministros\/referencias\/Paginas\/2025\/20251202-referencia-rueda-de-prensa-ministros.aspx] MODIFICADOS L\u00cdMITES DE GASTO PARA PERMITIR AL FEGA LA CONCESI\u00d3N DE SUBVENCIONES. [\/consejodeministros\/referencias\/Paginas\/2025\/20251202-referencia-rueda-de-prensa-ministros.aspx]&#039;);\" rel=\"nofollow noopener\" target=\"_blank\">MODIFICADOS L\u00cdMITES DE GASTO PARA PERMITIR AL FEGA LA CONCESI\u00d3N DE SUBVENCIONES<\/a><\/p>\n<p class=\"ms-rteElement-Parrafo_Normal\">El Consejo de Ministros ha aprobado un acuerdo por el que se autoriza la modificaci\u00f3n de l\u00edmites para adquirir compromisos de gasto con cargo a ejercicios futuros en aplicaci\u00f3n de lo dispuesto en el art\u00edculo 47 de la Ley 47\/2003, de 26 de noviembre, General Presupuestaria, a fin de posibilitar al Organismo Aut\u00f3nomo Fondo Espa\u00f1ol de Garant\u00eda Agraria la concesi\u00f3n de subvenciones en el marco del Plan Estrat\u00e9gico de la Pol\u00edtica Agraria Com\u00fan 2023-2027.<\/p>\n<p class=\"ms-rteElement-Parrafo_Normal\">Por Real Decreto 366\/2023, de 16 de mayo, se establecen las bases reguladoras para la concesi\u00f3n de subvenciones a la cooperaci\u00f3n para la preparaci\u00f3n y ejecuci\u00f3n de proyectos de innovaci\u00f3n de inter\u00e9s general llevados a cabo por grupos operativos supraauton\u00f3micos de la Asociaci\u00f3n Europea para la Innovaci\u00f3n en materia de productividad y sostenibilidad agr\u00edcolas (AEI-Agri), en el marco del Plan Estrat\u00e9gico Nacional de la Pol\u00edtica Agr\u00edcola Com\u00fan (PEPAC) 2023-2027. <\/p>\n<p class=\"ms-rteElement-Parrafo_Normal\">Estas medidas est\u00e1n cofinanciadas en un 80% con cargo al Fondo Europeo Agr\u00edcola de Desarrollo Rural (FEADER), y en un 20% con cargo al presupuesto nacional.<\/p>\n<p class=\"ms-rteElement-Parrafo_Normal\">Por Resoluci\u00f3n de 2 de agosto de 2023, del Fondo Espa\u00f1ol de Garant\u00eda Agraria, O. A. (FEGA) se convocan anticipadamente en el a\u00f1o 2023 para el per\u00edodo 2025-2027 las citadas ayudas.<\/p>\n<p class=\"ms-rteElement-Parrafo_Normal\">En base a los pagos realizados hasta el momento, debido a la complejidad de la ayuda y de acuerdo con la posibilidad de reajuste de anualidades que se contempla en las bases reguladoras, ha surgido la necesidad de llevar a cabo una redistribuci\u00f3n del gasto, traspasando pagos por importe total de 8.161.726,14 euros del a\u00f1o 2025 al a\u00f1o 2027.<\/p>\n<p class=\"ms-rteElement-Parrafo_Normal\">Por otro lado, por Real Decreto 251\/2024, de 12 de marzo, se establecen las bases reguladoras de las subvenciones de las intervenciones de intercambio de conocimientos y actividades de formaci\u00f3n e informaci\u00f3n y servicios de asesoramiento, destinadas al sector agroalimentario y forestal, en el marco del Plan Estrat\u00e9gico de la Pol\u00edtica Agr\u00edcola Com\u00fan 2023-2027.<\/p>\n<p class=\"ms-rteElement-Parrafo_Normal\">La financiaci\u00f3n de estas ayudas se realiza en un 43% con cargo al Fondo Europeo Agr\u00edcola de Desarrollo Rural (FEADER) y en un 57% con cargo al presupuesto nacional.<\/p>\n<p class=\"ms-rteElement-Parrafo_Normal\">Actualmente el FEGA est\u00e1 elaborando la Resoluci\u00f3n para llevar a cabo la tramitaci\u00f3n anticipada de la convocatoria 2025, de la Intervenci\u00f3n 7202: Subvenciones de servicios de asesoramiento de \u00e1mbito supraauton\u00f3mico, destinadas al sector agroalimentario y forestal, en el marco del Plan Estrat\u00e9gico de la Pol\u00edtica Agraria Com\u00fan 2023-2027. <\/p>\n<p class=\"ms-rteElement-Parrafo_Normal\">El presupuesto total estimado para esta convocatoria de ayudas es de 4.700.000,00 euros e implica necesidad de cr\u00e9dito en el a\u00f1o 2027 y 2028. <\/p>\n<p class=\"ms-rteElement-Parrafo_Normal\">La distribuci\u00f3n del gasto total por anualidades presenta el siguiente detalle (importe en euros):<\/p>\n<p><\/p>\n<tr>\n<td> <\/td>\n<td>2026<\/td>\n<td>2027<\/td>\n<td>2028<\/td>\n<td>2029<\/td>\n<td>TOTAL<\/td>\n<\/tr>\n<tr>\n<td>Intervenci\u00f3n 7161 Reajuste de anualidades <\/td>\n<td>&#8211;<\/td>\n<td>8.161.726,14<\/td>\n<td>&#8211;<\/td>\n<td>&#8211;<\/td>\n<td>8.161.726,14<\/td>\n<\/tr>\n<tr>\n<td>Intervenci\u00f3n 7202 Tramitaci\u00f3n anticipada convocatoria 2025<\/td>\n<td>&#8211;<\/td>\n<td>2.350.000,00<\/td>\n<td>2.350.000,00<\/td>\n<td>&#8211;<\/td>\n<td>4.700.000,00<\/td>\n<\/tr>\n<tr>\n<td><strong>TOTAL<\/strong><\/td>\n<td><strong>&#8211;<\/strong><\/td>\n<td><strong>10.511.726,14<\/strong><\/td>\n<td><strong>2.350.000,00<\/strong><\/td>\n<td><strong>&#8211;<\/strong><\/td>\n<td><strong>12.861.726,14<\/strong><\/td>\n<\/tr>\n<p class=\"ms-rteElement-Parrafo_Normal\">Estas nuevas necesidades, sumadas a los compromisos ya adquiridos, son las siguientes (importe en euros):<\/p>\n<tr>\n<td> <\/td>\n<td>2026<\/td>\n<td>2027<\/td>\n<td>2028<\/td>\n<td>2029<\/td>\n<\/tr>\n<tr>\n<td>Cr\u00e9dito retenido<\/td>\n<td>27.436.958,95<\/td>\n<td>9.345.898,55<\/td>\n<td>&#8211;<\/td>\n<td>23.261.955,46<\/td>\n<\/tr>\n<tr>\n<td>Nuevas necesidades<\/td>\n<td>&#8211;<\/td>\n<td>10.511.726,14<\/td>\n<td>2.350.000,00<\/td>\n<td>&#8211;<\/td>\n<\/tr>\n<tr>\n<td>Total necesidades<\/td>\n<td>27.436.958,95<\/td>\n<td>19.857.624,69<\/td>\n<td>2.350.000,00<\/td>\n<td>23.261.955,46<\/td>\n<\/tr>\n<p><\/p>\n<p>Por todo ello, al superarse los l\u00edmites establecidos en el apartado 2 del art\u00edculo 47 de la Ley 47\/2003, de 26 de noviembre, General Presupuestaria, se solicita la autorizaci\u00f3n del Consejo de Ministros para elevar el l\u00edmite de compromisos de gasto en la aplicaci\u00f3n presupuestaria 21.103.414B.780 para los ejercicios 2026, 2027 y 2029.<\/p>\n<p>Hacienda<a href=\"https:\/\/www.lamoncloa.gob.es\/consejodeministros\/referencias\/Paginas\/2025\/20251202-referencia-rueda-de-prensa-ministros.aspx\" name=\"auto\" id=\"auto\" onclick=\"javascript:GoogleTrackEvent(&#039;True&#039;,&#039;Contenido&#039;,&#039;Click&#039;,&#039;[https:\/\/www.lamoncloa.gob.es\/consejodeministros\/referencias\/Paginas\/2025\/20251202-referencia-rueda-de-prensa-ministros.aspx] ADENDA AL CONVENIO DE ASISTENCIA T\u00c9CNICA EN LA TRAMITACI\u00d3N DE AYUDAS DEL PLAN REINICIA AUTO+. [\/consejodeministros\/referencias\/Paginas\/2025\/20251202-referencia-rueda-de-prensa-ministros.aspx]&#039;);\" rel=\"nofollow noopener\" target=\"_blank\">ADENDA AL CONVENIO DE ASISTENCIA T\u00c9CNICA EN LA TRAMITACI\u00d3N DE AYUDAS DEL PLAN REINICIA AUTO+<\/a><\/p>\n<p class=\"ms-rteElement-Parrafo_Normal\">El Consejo de Ministros ha aprobado un acuerdo por el que se autorizan los l\u00edmites para adquirir compromisos de gasto con cargo a ejercicios futuros en aplicaci\u00f3n de lo dispuesto en el art\u00edculo 47 de la Ley 47\/2003, de 26 de noviembre, General Presupuestaria, a fin de posibilitar al Ministerio de Industria y Turismo la formalizaci\u00f3n de una adenda al convenio para la asistencia t\u00e9cnica en la tramitaci\u00f3n de las ayudas del programa de renovaci\u00f3n del parque de veh\u00edculos afectado por las inundaciones de octubre y noviembre de 2024 (Plan Reinicia Auto +).<\/p>\n<p class=\"ms-rteElement-Parrafo_Normal\">La Direcci\u00f3n General de Programas Industriales del Ministerio de Industria y Turismo solicit\u00f3 autorizaci\u00f3n para modificar los l\u00edmites establecido en el apartado 2 del art\u00edculo 47 de la Ley 47\/2003, de 26 de noviembre, General Presupuestaria, para adquirir compromisos de gasto con cargo a ejercicios futuros en la aplicaci\u00f3n presupuestaria \u00abMaterial, suministros y otros\u00bb, que carece de dotaci\u00f3n inicial en los vigentes presupuestos para 2025. <\/p>\n<p class=\"ms-rteElement-Parrafo_Normal\">La finalidad es formalizar una adenda al convenio que permita contar con la asistencia t\u00e9cnica de la entidad Tecnolog\u00edas y Servicios Agrarios, S.A., S.M.E., M.P (TRAGSATEC) para la tramitaci\u00f3n de ayudas en el ejercicio 2026. <\/p>\n<p class=\"ms-rteElement-Parrafo_Normal\">Como respuesta ante los da\u00f1os causados por la Depresi\u00f3n Aislada en Niveles Altos (DANA), el Real Decreto-ley 8\/2024, de 28 de noviembre, contempla una serie de medidas dirigidas a la renovaci\u00f3n y compra de veh\u00edculos nuevos y seminuevos que puedan sustituir a los destruidos, denominado Programa de Renovaci\u00f3n del parque de veh\u00edculos afectado por las inundaciones de octubre y noviembre de 2024 (Plan REINICIA AUTO +). <\/p>\n<p class=\"ms-rteElement-Parrafo_Normal\">Dada la urgencia derivada de la situaci\u00f3n de los afectados y debido a la premura en la tramitaci\u00f3n de estas ayudas, el Ministerio de Industria y Turismo requiri\u00f3 la asistencia t\u00e9cnica de TRAGSATEC, por lo que se formaliz\u00f3 un convenio de colaboraci\u00f3n con dicha entidad, tal y como se\u00f1ala el art\u00edculo 8 del referido Real Decreto-ley. <\/p>\n<p class=\"ms-rteElement-Parrafo_Normal\">El art\u00edculo 6 del Real Decreto-ley 8\/2024, de 28 de noviembre, fijaba el plazo para la presentaci\u00f3n de solicitudes hasta el 30 de junio de 2025, por lo que se preve\u00eda que la vigencia del convenio no se extendiera m\u00e1s all\u00e1 de ese a\u00f1o. No obstante, el Real Decreto-ley 12\/2025, de 28 de octubre, por el que se adoptan medidas urgentes de reactivaci\u00f3n, refuerzo y prevenci\u00f3n en el marco del Plan de respuesta inmediata, reconstrucci\u00f3n y relanzamiento frente a los da\u00f1os causados por la Depresi\u00f3n Aislada en Niveles Altos (DANA) en diferentes municipios entre el 28 de octubre y el 4 de noviembre de 2024, ampl\u00eda el plazo de presentaci\u00f3n de solicitudes hasta el 31 de diciembre de 2025. <\/p>\n<p class=\"ms-rteElement-Parrafo_Normal\">Por ello, ser\u00e1 necesario mantener la asistencia de TRAGSATEC en 2026, lo que implica formalizar una adenda al convenio para redistribuir el gasto sin aumentar el coste total, seg\u00fan el siguiente detalle:<\/p>\n<tr>\n<td>Anualidad<\/td>\n<td>2024<\/td>\n<td>2025<\/td>\n<td>2026<\/td>\n<td>Total<\/td>\n<\/tr>\n<tr>\n<td>Previsi\u00f3n inicial<\/td>\n<td>400.000<\/td>\n<td>2.900.000<\/td>\n<td>&#8211;<\/td>\n<td>3.300.000<\/td>\n<\/tr>\n<tr>\n<td>Previsi\u00f3n actual<\/td>\n<td>330.000<\/td>\n<td>2.170.000<\/td>\n<td>800.000<\/td>\n<td>3.300.000<\/td>\n<\/tr>\n<p class=\"ms-rteElement-Parrafo_Normal\">En este sentido, para el ejercicio 2026 es preciso comprometer la siguiente cuant\u00eda con cargo a la aplicaci\u00f3n presupuestaria \u00abMaterial, suministros y otros\u00bb:<\/p>\n<tr>\n<td>A\u00f1o<\/td>\n<td\/>\n<td>Compromiso m\u00e1ximo<\/td>\n<\/tr>\n<tr>\n<td> <\/td>\n<td\/>\n<td>a adquirir (\u20ac)<\/td>\n<\/tr>\n<tr>\n<td>2026<\/td>\n<td\/>\n<td>800.000<\/td>\n<\/tr>\n<p class=\"ms-rteElement-Parrafo_Normal\">Dado que la citada aplicaci\u00f3n carece de dotaci\u00f3n inicial a nivel de vinculaci\u00f3n en el presupuesto vigente, de conformidad con el apartado 3 del art\u00edculo 47 de la Ley 47\/2003, de 26 de noviembre, General Presupuestaria se solicit\u00f3 autorizaci\u00f3n del Consejo de Ministros para adquirir compromisos de gasto con cargo a ejercicios futuros.<\/p>\n<p>Hacienda<a href=\"https:\/\/www.lamoncloa.gob.es\/consejodeministros\/referencias\/Paginas\/2025\/20251202-referencia-rueda-de-prensa-ministros.aspx\" name=\"jaen\" id=\"jaen\" onclick=\"javascript:GoogleTrackEvent(&#039;True&#039;,&#039;Contenido&#039;,&#039;Click&#039;,&#039;[https:\/\/www.lamoncloa.gob.es\/consejodeministros\/referencias\/Paginas\/2025\/20251202-referencia-rueda-de-prensa-ministros.aspx] MODIFICADOS L\u00cdMITES DE GASTO PARA MODIFICACIONES CONTRACTUALES EN LA CONSTRUCCI\u00d3N DEL CETEDEX DE JA\u00c9N. [\/consejodeministros\/referencias\/Paginas\/2025\/20251202-referencia-rueda-de-prensa-ministros.aspx]&#039;);\" rel=\"nofollow noopener\" target=\"_blank\">MODIFICADOS L\u00cdMITES DE GASTO PARA MODIFICACIONES CONTRACTUALES EN LA CONSTRUCCI\u00d3N DEL CETEDEX DE JA\u00c9N<\/a><\/p>\n<p class=\"ms-rteElement-Parrafo_Normal\">El Consejo de Ministros ha aprobado un acuerdo por el que se modifican los l\u00edmites establecidos en el art\u00edculo 47 de la Ley 47\/2003, de 26 de noviembre, General Presupuestaria, para adquirir compromisos de gasto con cargo a ejercicios futuros, a fin de posibilitar al Instituto Nacional de T\u00e9cnica Aeroespacial Esteban Terradas llevar a cabo reajustes de anualidades y modificaciones contractuales para la construcci\u00f3n del nuevo Centro Tecnol\u00f3gico de Desarrollo y Experimentaci\u00f3n en Ja\u00e9n (CETEDEX).<\/p>\n<p class=\"ms-rteElement-Parrafo_Normal\">El Instituto Nacional de T\u00e9cnica Aeroespacial Esteban Terradas (en adelante INTA), organismo aut\u00f3nomo dependiente del Ministerio de Defensa, solicit\u00f3 autorizaci\u00f3n para modificar los l\u00edmites establecidos en el apartado 2 del art\u00edculo 47 de la Ley 47\/2003, de 26 de noviembre, General Presupuestaria, para adquirir compromisos de gasto con cargo a ejercicios futuros, en la aplicaci\u00f3n presupuestaria \u00abInversiones reales\u00bb, cuya dotaci\u00f3n inicial, en el presupuesto prorrogado para el a\u00f1o 2025 es de 58.852.140 euros, con la finalidad de llevar a cabo reajustes de anualidades y modificaciones contractuales para la construcci\u00f3n del nuevo Centro Tecnol\u00f3gico de Desarrollo y Experimentaci\u00f3n en Ja\u00e9n (CETEDEX). <\/p>\n<p class=\"ms-rteElement-Parrafo_Normal\">El CETEDEX constituye un objetivo estrat\u00e9gico para el Ministerio de Defensa. Este Centro pretende el desarrollo y experimentaci\u00f3n de tecnolog\u00edas duales en las \u00e1reas del veh\u00edculo aut\u00f3nomo y conectado, la lucha antidron y la inteligencia artificial. <\/p>\n<p class=\"ms-rteElement-Parrafo_Normal\">El proyecto CETEDEX se inici\u00f3 en el ejercicio 2023 y dispondr\u00e1 de un Campus Principal y de un Campo de Pruebas Avanzado que se ubicar\u00e1n en terrenos cedidos por el Ayuntamiento y la Diputaci\u00f3n de Ja\u00e9n al INTA, a trav\u00e9s del mecanismo de Cesi\u00f3n de Derecho de Superficie. <\/p>\n<p class=\"ms-rteElement-Parrafo_Normal\">Actualmente est\u00e1 en fase de ejecuci\u00f3n la obra del Campus Principal, as\u00ed como otros proyectos asociados. <\/p>\n<p class=\"ms-rteElement-Parrafo_Normal\">Incidencias imprevisibles surgidas durante la ejecuci\u00f3n de la obra del Campus Principal, derivadas de la complejidad del proyecto, la gran heterogeneidad geot\u00e9cnica del suelo y de la singularidad de la actuaci\u00f3n, han aconsejado realizar nuevos estudios geot\u00e9cnicos y adaptar la soluci\u00f3n de cimentaci\u00f3n inicialmente proyectada, impidiendo mantener el ritmo de trabajo establecido en la planificaci\u00f3n original y haciendo preciso tramitar un reajuste de las anualidades inicialmente previstas, en el sentido de trasladar de la anualidad 2025 un importe de 17.120.500,00 euros a la anualidad 2026. <\/p>\n<p class=\"ms-rteElement-Parrafo_Normal\">En consecuencia, se requiere de financiaci\u00f3n adicional para el ejercicio 2026, que sumada a los compromisos ya adquiridos en la aplicaci\u00f3n presupuestaria \u00abInversiones reales\u00bb suponen un total de (en euros):<\/p>\n<tr>\n<td>\n<p class=\"Centrado\"><strong>A\u00f1o<\/strong><\/p>\n<\/td>\n<td><strong>Compromisos ya adquiridos<\/strong><\/td>\n<td><strong>Nuevas necesidades<\/strong><\/td>\n<td><strong>Compromiso m\u00e1ximo a adquirir<\/strong><\/td>\n<\/tr>\n<tr>\n<td>2026<\/td>\n<td>76.872.923,54<\/td>\n<td>17.120.500,00<\/td>\n<td>93.993.423,54<\/td>\n<\/tr>\n<tr>\n<td>2027<\/td>\n<td>19.389.370,00<\/td>\n<td>&#8212;<\/td>\n<td>19.389.370,00<\/td>\n<\/tr>\n<tr>\n<td>2028<\/td>\n<td>3.600.670,00<\/td>\n<td>&#8212;<\/td>\n<td>3.600.670,00<\/td>\n<\/tr>\n<tr>\n<td><strong>TOTAL<\/strong><\/td>\n<td><strong>99.862.963,54<\/strong><\/td>\n<td><strong>17.120.500,00<\/strong><\/td>\n<td><strong>116.983.463,54<\/strong><\/td>\n<\/tr>\n<p>Dado que los compromisos adquiridos con cargo a la aplicaci\u00f3n &#8216;Inversiones reales&#8217; en el a\u00f1o 2026 superan los l\u00edmites a los que se refiere el apartado 2 del art\u00edculo 47 de la Ley 47\/2003, de 26 de noviembre, General Presupuestaria, se solicit\u00f3 la autorizaci\u00f3n del Consejo de Ministros para modificar dichos l\u00edmites, seg\u00fan lo previsto en el apartado 3 del mismo art\u00edculo.<br \/>Hacienda<a href=\"https:\/\/www.lamoncloa.gob.es\/consejodeministros\/referencias\/Paginas\/2025\/20251202-referencia-rueda-de-prensa-ministros.aspx\" name=\"gasto\" id=\"gasto\" onclick=\"javascript:GoogleTrackEvent(&#039;True&#039;,&#039;Contenido&#039;,&#039;Click&#039;,&#039;[https:\/\/www.lamoncloa.gob.es\/consejodeministros\/referencias\/Paginas\/2025\/20251202-referencia-rueda-de-prensa-ministros.aspx] MODIFICACI\u00d3N DE L\u00cdMITES DE GASTO PARA LA PROMOCI\u00d3N DE &#039;WORDSKILLS SHANGHAI 2026&#039;. [\/consejodeministros\/referencias\/Paginas\/2025\/20251202-referencia-rueda-de-prensa-ministros.aspx]&#039;);\" rel=\"nofollow noopener\" target=\"_blank\">MODIFICACI\u00d3N DE L\u00cdMITES DE GASTO PARA LA PROMOCI\u00d3N DE &#8216;WORDSKILLS SHANGHAI 2026&#8217;<\/a><\/p>\n<p class=\"ms-rteElement-Parrafo_Normal\">El Consejo de Ministros ha aprobado un acuerdo por el que se modifican los l\u00edmites establecidos en el art\u00edculo 47 de la Ley 47\/2003, de 26 de noviembre, General Presupuestaria, a fin de posibilitar al Ministerio de Educaci\u00f3n, Formaci\u00f3n Profesional y Deportes la contrataci\u00f3n de los \u00abServicios necesarios para la promoci\u00f3n del atractivo y la calidad de la Formaci\u00f3n Profesional a trav\u00e9s de la competici\u00f3n de Formaci\u00f3n Profesional Worldskills Shanghai 2026\u00bb.<\/p>\n<p class=\"ms-rteElement-Parrafo_Normal\">El Ministerio de Educaci\u00f3n solicit\u00f3 autorizaci\u00f3n para modificar los l\u00edmites establecidos en el apartado 2 del art\u00edculo 47 de la Ley 47\/2003, de 26 de noviembre, General Presupuestaria, para adquirir compromisos de gasto con cargo a ejercicios futuros en la aplicaci\u00f3n presupuestaria &#8216;Para diversas actuaciones&#8217;, cuya dotaci\u00f3n inicial en los Presupuestos Generales del Estado para el a\u00f1o 2023, prorrogados en 2025, a nivel de vinculaci\u00f3n, se eleva a 525.000 euros. <\/p>\n<p class=\"ms-rteElement-Parrafo_Normal\">La Ley Org\u00e1nica 2\/2006, de 3 de mayo, de Educaci\u00f3n, establece en su art\u00edculo 89 que el Ministerio de Educaci\u00f3n, Formaci\u00f3n Profesional y Deportes sin perjuicio de las competencias de las comunidades aut\u00f3nomas, podr\u00e1 establecer, por s\u00ed mismo o en colaboraci\u00f3n con otras entidades, premios y concursos de car\u00e1cter estatal destinados a alumnos, profesores o centros escolares. <\/p>\n<p class=\"ms-rteElement-Parrafo_Normal\">Por su parte, el Real Decreto 274\/2024, de 19 de marzo, por el que se desarrolla la estructura org\u00e1nica b\u00e1sica del Ministerio de Educaci\u00f3n, Formaci\u00f3n Profesional y Deportes, establece en su art\u00edculo quinto que entre las funciones que corresponden a la Secretar\u00eda General de Formaci\u00f3n Profesional est\u00e1 el impulso en el \u00e1mbito internacional de acuerdos, proyectos y participaci\u00f3n en organismos y competiciones de la formaci\u00f3n profesional, en coordinaci\u00f3n con el Ministerio de Asuntos Exteriores, Uni\u00f3n Europea y Cooperaci\u00f3n. <\/p>\n<p class=\"ms-rteElement-Parrafo_Normal\">En este contexto se celebrar\u00e1 la competici\u00f3n mundial de formaci\u00f3n profesional WorldSkills Shanghai 2026 del 16 al 28 de septiembre de 2026, participando Espa\u00f1a con una delegaci\u00f3n oficial compuesta por 76 personas.<\/p>\n<p class=\"ms-rteElement-Parrafo_Normal\">Para garantizar la participaci\u00f3n en esta competici\u00f3n, se propone llevar a cabo un contrato de tramitaci\u00f3n anticipada que tiene como objeto la prestaci\u00f3n de los \u00abservicios necesarios para la promoci\u00f3n del atractivo y la calidad de la formaci\u00f3n profesional a trav\u00e9s de la competici\u00f3n de formaci\u00f3n profesional WorldSkills Shanghai 2026\u00bb, por un importe de 488.803,70 euros con cargo a la aplicaci\u00f3n presupuestaria correspondiente. <\/p>\n<p class=\"ms-rteElement-Parrafo_Normal\">Mediante Acuerdo del Consejo de Ministros de 1 de julio de 2025, se autoriz\u00f3 la modificaci\u00f3n de los l\u00edmites para la adquisici\u00f3n de compromisos de gasto con cargo a ejercicios futuros en la misma aplicaci\u00f3n con destino a la convocatoria de la competici\u00f3n nacional de formaci\u00f3n profesional Spainskills y la l\u00ednea de ayudas para la participaci\u00f3n en competiciones de formaci\u00f3n profesional en 2026 y 2027, convocados por el Ministerio de Educaci\u00f3n, Formaci\u00f3n Profesional y Deportes por importe de 526.182,24 euros en 2026 y 506.181,12 euros en 2027. <\/p>\n<p class=\"ms-rteElement-Parrafo_Normal\">De lo anteriormente expuesto se desprende que en la aplicaci\u00f3n presupuestaria citada se superan los l\u00edmites previstos en el apartado 2 del art\u00edculo 47 de la Ley 47\/2003, de 26 de noviembre, General Presupuestaria, por lo que se solicit\u00f3 el aumento de los mismos seg\u00fan la siguiente propuesta:<\/p>\n<p><\/p>\n<tr>\n<td>\n<p class=\"Centrado\"><strong>A\u00f1o<\/strong><\/p>\n<\/td>\n<td><strong>Compromisos ya adquiridos<\/strong><\/td>\n<td><strong>Nuevas necesidades<\/strong><\/td>\n<td><strong>Compromiso m\u00e1ximo para adquirir<\/strong><\/td>\n<\/tr>\n<tr>\n<td>2026<\/td>\n<td>526.182,24<\/td>\n<td>488.803,70<\/td>\n<td>1.014.985,94<\/td>\n<\/tr>\n<tr>\n<td>2027<\/td>\n<td>506.181,12<\/td>\n<td>&#8211;<\/td>\n<td>506.181,12<\/td>\n<\/tr>\n<tr>\n<td><strong>TOTAL<\/strong><\/td>\n<td><strong>1.032.363,36<\/strong><\/td>\n<td><strong>488.803,70<\/strong><\/td>\n<td><strong>1.521.167,06<\/strong><\/td>\n<\/tr>\n<p>Hacienda<a href=\"https:\/\/www.lamoncloa.gob.es\/consejodeministros\/referencias\/Paginas\/2025\/20251202-referencia-rueda-de-prensa-ministros.aspx\" name=\"efectos\" id=\"efectos\" onclick=\"javascript:GoogleTrackEvent(&#039;True&#039;,&#039;Contenido&#039;,&#039;Click&#039;,&#039;[https:\/\/www.lamoncloa.gob.es\/consejodeministros\/referencias\/Paginas\/2025\/20251202-referencia-rueda-de-prensa-ministros.aspx] RESTAURACI\u00d3N HIDROL\u00d3GICA-FORESTAL PARA PALIAR LOS EFECTOS DE LA DANA. [\/consejodeministros\/referencias\/Paginas\/2025\/20251202-referencia-rueda-de-prensa-ministros.aspx]&#039;);\" rel=\"nofollow noopener\" target=\"_blank\">RESTAURACI\u00d3N HIDROL\u00d3GICA-FORESTAL PARA PALIAR LOS EFECTOS DE LA DANA<\/a><\/p>\n<p class=\"ms-rteElement-Parrafo_Normal\">El Consejo de Ministros ha aprobado un acuerdo por el que se autoriza adquirir compromisos de gasto con cargo a ejercicios futuros en aplicaci\u00f3n de lo dispuesto en el art\u00edculo 47 de la Ley 47\/2003, de 26 de noviembre, General Presupuestaria, a fin de posibilitar al Ministerio para la Transici\u00f3n Ecol\u00f3gica y el Reto Demogr\u00e1fico, la tramitaci\u00f3n de diversas actuaciones de restauraci\u00f3n hidrol\u00f3gico-forestal para paliar los efectos adversos producidos por la DANA de finales de octubre de 2024.<\/p>\n<p class=\"ms-rteElement-Parrafo_Normal\">La Direcci\u00f3n General de Biodiversidad, Bosques y Desertificaci\u00f3n del Ministerio para la Transici\u00f3n Ecol\u00f3gica y el Reto Demogr\u00e1fico, ha sido el centro directivo que ha solicitado autorizaci\u00f3n para adquirir compromisos de gasto con cargo a ejercicios futuros. <\/p>\n<p class=\"ms-rteElement-Parrafo_Normal\">A fin de paliar los efectos producidos por la DANA que tuvo lugar en diferentes municipios entre el 28 de octubre y el 4 de noviembre de 2024, se han dictado diversas disposiciones que conforman un importante paquete de ayudas y actuaciones de reacci\u00f3n inmediata, en concreto, el acuerdo de Consejo de Ministros de 5 de noviembre, el Real Decreto-ley 6\/2024, de 5 de noviembre, y el Real-Decreto-ley 7\/2024, de 12 de noviembre.<\/p>\n<p class=\"ms-rteElement-Parrafo_Normal\">Con el objetivo de financiar actuaciones de restauraci\u00f3n hidrol\u00f3gico-forestal que contribuyan a paliar tales efectos adversos, se ha tramitado un expediente de modificaci\u00f3n presupuestaria, que dota, entre otros conceptos, con 15 millones de euros la aplicaci\u00f3n presupuestaria &#8216;Otras. Contingencias asociadas a la DANA de 2024&#8217; para permitir la tramitaci\u00f3n de una serie de obras de restauraci\u00f3n.<\/p>\n<p class=\"ms-rteElement-Parrafo_Normal\">De esta forma, se han tramitado en tres de esas obras diferentes modificados y ampliaciones del plazo de ejecuci\u00f3n, con los correspondientes ajustes de presupuesto, generando el impacto en el a\u00f1o 2026 que viene recogido en el siguiente cuadro (importe en euros):<\/p>\n<p><\/p>\n<tr>\n<td>EXPEDIENTE<\/td>\n<td>2026<\/td>\n<\/tr>\n<tr>\n<td>Obras de restauraci\u00f3n hidrol\u00f3gico forestal en la cuenca del r\u00edo Turia, en la rambla de Poyo-Pozalet-Saleta y r\u00edo Magro<\/td>\n<td>1.709.448,49<\/td>\n<\/tr>\n<tr>\n<td>Obras de restauraci\u00f3n hidrol\u00f3gico forestal en pistas forestales del t\u00e9rmino municipal de Letur (Albacete)<\/td>\n<td>185.607,50<\/td>\n<\/tr>\n<tr>\n<td>Obras de restauraci\u00f3n hidrol\u00f3gico forestal en pistas forestales del t\u00e9rmino municipal de Mira (Cuenca)<\/td>\n<td>599.643,13<\/td>\n<\/tr>\n<tr>\n<td>TOTAL<\/td>\n<td>2.494.699,12<\/td>\n<\/tr>\n<p class=\"ms-rteElement-Parrafo_Normal\">El importe de dichos gastos se atender\u00e1 con cargo a la aplicaci\u00f3n presupuestaria &#8216;Inversiones reales&#8217;, seg\u00fan nivel de vinculaci\u00f3n, atendiendo as\u00ed a lo dispuesto en la disposici\u00f3n adicional primera del Real Decreto-ley 6\/2024, de 5 de noviembre.<\/p>\n<p class=\"ms-rteElement-Parrafo_Normal\">Teniendo en cuenta lo se\u00f1alado, y los compromisos ya adquiridos, las necesidades de cr\u00e9dito para la aplicaci\u00f3n presupuestaria &#8216;Inversiones reales&#8217;, seg\u00fan nivel de vinculaci\u00f3n, son las siguientes (importe en euros):<\/p>\n<tr>\n<td\/>\n<td\/>\n<td>2026<\/td>\n<\/tr>\n<tr>\n<td>Compromisos adquiridos<\/td>\n<td\/>\n<td>1.983.223,20<\/td>\n<\/tr>\n<tr>\n<td>Compromisos por adquirir<\/td>\n<td\/>\n<td>2.494.699,12<\/td>\n<\/tr>\n<tr>\n<td>Compromisos totales<\/td>\n<td\/>\n<td>4.477.922,32<\/td>\n<\/tr>\n<p class=\"ms-rteElement-Parrafo_Normal\">Dado que dicha aplicaci\u00f3n presupuestaria carece de cr\u00e9dito inicial, se ha solicitado la autorizaci\u00f3n del Consejo de Ministros para adquirir compromisos de gasto con cargo a ejercicios futuros, en la anualidad de 2026 de acuerdo con lo previsto en la Ley General Presupuestaria.<\/p>\n<p>Hacienda<a href=\"https:\/\/www.lamoncloa.gob.es\/consejodeministros\/referencias\/Paginas\/2025\/20251202-referencia-rueda-de-prensa-ministros.aspx\" name=\"foral\" id=\"foral\" onclick=\"javascript:GoogleTrackEvent(&#039;True&#039;,&#039;Contenido&#039;,&#039;Click&#039;,&#039;[https:\/\/www.lamoncloa.gob.es\/consejodeministros\/referencias\/Paginas\/2025\/20251202-referencia-rueda-de-prensa-ministros.aspx] SUBVENCI\u00d3N A LA DIPUTACI\u00d3N FORAL DE GUIP\u00daZCOA PARA LA ADECUACI\u00d3N DE T\u00daNELES A LA NORMATIVA COMUNITARIA. [\/consejodeministros\/referencias\/Paginas\/2025\/20251202-referencia-rueda-de-prensa-ministros.aspx]&#039;);\" rel=\"nofollow noopener\" target=\"_blank\">SUBVENCI\u00d3N A LA DIPUTACI\u00d3N FORAL DE GUIP\u00daZCOA PARA LA ADECUACI\u00d3N DE T\u00daNELES A LA NORMATIVA COMUNITARIA<\/a><\/p>\n<p class=\"ms-rteElement-Parrafo_Normal\">El Consejo de Ministros ha aprobado un acuerdo por el que se autoriza adquirir compromisos de gasto con cargo a ejercicios futuros en aplicaci\u00f3n de lo dispuesto en el art\u00edculo 47 de la Ley 47\/2003, de 26 de noviembre, General Presupuestaria, a fin de posibilitar al Ministerio de Transportes y Movilidad Sostenible la cobertura presupuestaria plurianual de un Real Decreto de concesi\u00f3n directa de una subvenci\u00f3n a la Diputaci\u00f3n Foral de Guip\u00fazcoa para la adecuaci\u00f3n de t\u00faneles a la Directiva 2004\/54\/CE del Parlamento Europeo y del Consejo de 29 de abril de 2004.<\/p>\n<p class=\"ms-rteElement-Parrafo_Normal\">La Direcci\u00f3n General de Carreteras, adscrita al Ministerio de Transportes y Movilidad Sostenible (MITMS) ha sido el centro directivo que ha solicitado la adquisici\u00f3n de compromisos de gasto con cargo a ejercicios futuros. <\/p>\n<p class=\"ms-rteElement-Parrafo_Normal\">El Real Decreto al que da cobertura presupuestaria plurianual este acuerdo tiene como objeto regular la concesi\u00f3n directa de una subvenci\u00f3n a la Diputaci\u00f3n Foral de Guip\u00fazcoa para colaborar en la financiaci\u00f3n de las obras necesarias para que los t\u00faneles de Belabieta, Gorosmendi y Oindolar, pertenecientes a la red TEN-t y cuya titularidad corresponde a esta Diputaci\u00f3n, cumplan con la Directiva 2004\/54\/CE del Parlamento Europeo y del Consejo de 29 de abril de 2004.<\/p>\n<p class=\"ms-rteElement-Parrafo_Normal\">La concesi\u00f3n de esta subvenci\u00f3n se instrumentar\u00e1 mediante resoluci\u00f3n del Ministro de Transportes y Movilidad Sostenible, siendo la Direcci\u00f3n General de Carreteras la encargada de la instrucci\u00f3n del procedimiento de concesi\u00f3n.<\/p>\n<p class=\"ms-rteElement-Parrafo_Normal\">Conforme a los art\u00edculos 7 y 9 del texto del citado Real Decreto, el importe m\u00e1ximo de la subvenci\u00f3n ser\u00e1 de 20 millones de euros con cargo a la aplicaci\u00f3n presupuestaria &#8216;A la Diputaci\u00f3n Foral de Gipuzkoa para la adecuaci\u00f3n de los t\u00faneles de Belabieta, Gorosmendi y Oindolar a la Directiva 2004\/54\/CE&#8217;, de los presupuestos del Ministerio de Transportes y Movilidad Sostenible en los ejercicios 2025 y 2026, o equivalente que la sustituya, con la siguiente distribuci\u00f3n de anualidades:<\/p>\n<tr>\n<td>Aplicaci\u00f3n<\/td>\n<td>2025<\/td>\n<td>2026<\/td>\n<td>Total<\/td>\n<\/tr>\n<tr>\n<td>17.38.453B.768.18<\/td>\n<td>10.000.000<\/td>\n<td>10.000.000<\/td>\n<td>20.000.000<\/td>\n<\/tr>\n<p>A la vista de cuanto antecede, la Direcci\u00f3n General de Carreteras ha incoado este expediente de solicitud de autorizaci\u00f3n para adquirir compromisos de gasto con cargo a ejercicios futuros, con el importe de 10 millones de euros para 2026.<\/p>\n<p class=\"ms-rteElement-Parrafo_Normal\">Por lo expuesto, en aplicaci\u00f3n de lo dispuesto en el apartado 3 del art\u00edculo 47 de la Ley 47\/2003, de 26 de noviembre, General Presupuestaria, se somete este acuerdo para su autorizaci\u00f3n por el Consejo de Ministros en los t\u00e9rminos previstos en la propuesta.<\/p>\n<p>Presidencia, Justicia y Relaciones con las Cortes<a href=\"https:\/\/www.lamoncloa.gob.es\/consejodeministros\/referencias\/Paginas\/2025\/20251202-referencia-rueda-de-prensa-ministros.aspx\" name=\"sector\" id=\"sector\" onclick=\"javascript:GoogleTrackEvent(&#039;True&#039;,&#039;Contenido&#039;,&#039;Click&#039;,&#039;[https:\/\/www.lamoncloa.gob.es\/consejodeministros\/referencias\/Paginas\/2025\/20251202-referencia-rueda-de-prensa-ministros.aspx] RETRIBUCIONES EN EL \u00c1MBITO DEL SECTOR P\u00daBLICO. [\/consejodeministros\/referencias\/Paginas\/2025\/20251202-referencia-rueda-de-prensa-ministros.aspx]&#039;);\" rel=\"nofollow noopener\" target=\"_blank\">RETRIBUCIONES EN EL \u00c1MBITO DEL SECTOR P\u00daBLICO<\/a><\/p>\n<p class=\"ms-rteElement-Parrafo_Normal\">El Consejo de Ministros ha aprobado el Real Decreto-ley por el que se aprueban medidas urgentes en materia de retribuciones en el \u00e1mbito del sector p\u00fablico.<\/p>\n<p class=\"ms-rteElement-Parrafo_Normal\">Este real decreto-ley hace efectivas las subidas salariales de los empleados p\u00fablicos correspondientes a 2025 y 2026. Estos incrementos retributivos forman parte del Acuerdo Marco de mejora de las condiciones laborales y salariales hasta 2028 firmado por el Gobierno con las organizaciones sindicales la semana pasada. <\/p>\n<p class=\"ms-rteElement-Parrafo_Normal\">Este RD-ley regula aquellos aspectos indispensables para aprobar, por un lado, el incremento retributivo del personal al servicio del sector p\u00fablico en 2025, con efectos retroactivos desde el 1 de enero de ese a\u00f1o, y, por otro, el incremento retributivo del personal al servicio del sector p\u00fablico en 2026 con efectos desde el 1 de enero.<\/p>\n<p class=\"ms-rteElement-Parrafo_Normal\">Para 2025 se establece una subida salarial consolidable del 2,5% respecto a los importes vigentes a 31 de diciembre de 2024, y actualizados en junio por el Real Decreto-ley 4\/2024. Adem\u00e1s, se incluyen las disposiciones necesarias para que dicho incremento se pueda hacer efectivo este a\u00f1o. <\/p>\n<p class=\"ms-rteElement-Parrafo_Normal\"><strong>La Administraci\u00f3n del Estado abona la subida en diciembre<\/strong><\/p>\n<p class=\"ms-rteElement-Parrafo_Normal\">Por tanto, en el sector p\u00fablico estatal el incremento de 2025 se har\u00e1 efectivo este mes de diciembre, abon\u00e1ndose como atrasos los importes correspondientes desde el mes de enero de 2025. Este pago adicional y \u00fanico beneficia a 540.000 efectivos del sector p\u00fablico estatal. A modo de ejemplo, para un salario medio de 3.300 euros brutos al mes, en diciembre se le abonar\u00eda una n\u00f3mina adicional con los atrasos de 2025 por 1.140 euros aproximadamente.<\/p>\n<p class=\"ms-rteElement-Parrafo_Normal\">Por su parte, el resto de las administraciones p\u00fablicas establecer\u00e1n el calendario de abono de los importes y atrasos relativos al ejercicio 2025, en el marco de la negociaci\u00f3n sindical de cada \u00e1mbito de administraci\u00f3n. Dicho abono podr\u00e1 distribuirse durante los ejercicios de 2026, 2027 y 2028 o hacerse efectivo en diciembre de 2025.<\/p>\n<p class=\"ms-rteElement-Parrafo_Normal\">Para 2026, el Real Decreto-ley aprobado establece una subida salarial consolidable del 1,5% respecto a los importes vigentes a 31 de diciembre de 2025, actualizados en este RD-ley, con efectos de 1 de enero de 2026. Eso supone que, entre diciembre del presente ejercicio y enero del pr\u00f3ximo a\u00f1o, los salarios habr\u00e1n subido un 4%. Adicionalmente se aplicar\u00e1 otro incremento retributivo y consolidable del 0,5% si la variaci\u00f3n del IPC en 2026 es igual o superior al 1,5%.<\/p>\n<p>Presidencia, Justicia y Relaciones con las Cortes<a href=\"https:\/\/www.lamoncloa.gob.es\/consejodeministros\/referencias\/Paginas\/2025\/20251202-referencia-rueda-de-prensa-ministros.aspx\" name=\"facturas\" id=\"facturas\" onclick=\"javascript:GoogleTrackEvent(&#039;True&#039;,&#039;Contenido&#039;,&#039;Click&#039;,&#039;[https:\/\/www.lamoncloa.gob.es\/consejodeministros\/referencias\/Paginas\/2025\/20251202-referencia-rueda-de-prensa-ministros.aspx] REAL DECRETO-LEY DE MEDIDAS URGENTES PARA LA ACTIVIDAD INVERSORA DE LAS ENTIDADES LOCALES Y CC.AA. Y DE MODIFICACI\u00d3N DEL REGLAMENTO DE REQUISITOS DE SISTEMAS DE FACTURACI\u00d3N DE EMPRESAS Y PROFESIONALES. [\/consejodeministros\/referencias\/Paginas\/2025\/20251202-referencia-rueda-de-prensa-ministros.aspx]&#039;);\" rel=\"nofollow noopener\" target=\"_blank\">REAL DECRETO-LEY DE MEDIDAS URGENTES PARA LA ACTIVIDAD INVERSORA DE LAS ENTIDADES LOCALES Y CC.AA. Y DE MODIFICACI\u00d3N DEL REGLAMENTO DE REQUISITOS DE SISTEMAS DE FACTURACI\u00d3N DE EMPRESAS Y PROFESIONALES<\/a><\/p>\n<p class=\"ms-rteElement-Parrafo_Normal\">El Consejo de Ministros ha aprobado el Real Decreto-ley por el que se adoptan medidas urgentes para favorecer la actividad inversora de las entidades locales y de las comunidades aut\u00f3nomas, y por el que se modifica el Real Decreto 1007\/2023, de 5 de diciembre, por el que se aprueba el Reglamento que establece los requisitos que deben adoptar los sistemas y programas inform\u00e1ticos o electr\u00f3nicos que soporten los procesos de facturaci\u00f3n de empresarios y profesionales, y la estandarizaci\u00f3n de formatos de los registros de facturaci\u00f3n.<\/p>\n<p class=\"ms-rteElement-Parrafo_Normal\">Con este Real Decreto-ley se permitir\u00e1 a las Comunidades Aut\u00f3nomas y Entidades Locales poder emplear el super\u00e1vit obtenido en sus cuentas durante 2024 para destinarlo a Inversiones Financieramente Sostenibles (IFS) en 2025, 2026 y 2027.<\/p>\n<p class=\"ms-rteElement-Parrafo_Normal\">Se trata de una medida que pretende favorecer la actividad inversora de ambas administraciones, aprovechando que la situaci\u00f3n financiera de muchos de estos territorios les ha permitido generar super\u00e1vit y remanentes de tesorer\u00eda en estos \u00faltimos a\u00f1os. <\/p>\n<p class=\"ms-rteElement-Parrafo_Normal\">De esta forma, los recursos generados en 2024, tanto en el caso de las Comunidades Aut\u00f3nomas como de las Entidades Locales, se podr\u00e1n destinar a las llamadas IFS, que contribuir\u00e1n al desarrollo de importantes proyectos de inter\u00e9s p\u00fablico. Todo ello sin que compute en la regla de gasto de 2025, 2026 y 2027.<\/p>\n<p class=\"ms-rteElement-Parrafo_Normal\">Asimismo, en el caso de que un proyecto de IFS no pueda ejecutarse \u00edntegramente antes del 31 de diciembre de 2026, la parte restante del gasto autorizado se podr\u00e1 comprometer y reconocer en el ejercicio siguiente, financi\u00e1ndose con cargo al remanente de tesorer\u00eda del a\u00f1o inmediatamente anterior, con el l\u00edmite del importe del super\u00e1vit de 2024. En todo caso, los proyectos de inversi\u00f3n deber\u00e1n haberse iniciado antes de 31 de diciembre de 2026.<\/p>\n<p class=\"ms-rteElement-Parrafo_Normal\"><strong>Inversiones Financieramente Sostenibles (IFS) <\/strong><\/p>\n<p class=\"ms-rteElement-Parrafo_Normal\">Las IFS son aquellas inversiones que en el largo plazo tengan un impacto positivo sobre la sostenibilidad de las finanzas p\u00fablicas de las Entidades Locales y Comunidades Aut\u00f3nomas que permiten, durante su ejecuci\u00f3n, mantenimiento y liquidaci\u00f3n, dar cumplimiento a los objetivos de estabilidad presupuestaria y deuda p\u00fablica.<\/p>\n<p class=\"ms-rteElement-Parrafo_Normal\">Estas inversiones deben ser econ\u00f3micamente sostenibles a lo largo de la vida \u00fatil de la inversi\u00f3n y no computan en el gasto del ejercicio en que se ejecutan a efectos de la aplicaci\u00f3n de la regla de gasto, aunque s\u00ed a efectos del cumplimiento del objetivo de estabilidad presupuestaria.<\/p>\n<p class=\"ms-rteElement-Parrafo_Normal\">Adem\u00e1s, para poder beneficiarse de esta regla especial del destino del super\u00e1vit presupuestario las administraciones territoriales han de cumplir con el per\u00edodo medio de pago a proveedores previsto en la normativa sobre morosidad.<\/p>\n<p class=\"ms-rteElement-Parrafo_Normal\">Estas Inversiones Financieramente Sostenibles se pueden destinar, por parte de las Entidades Locales, a la prestaci\u00f3n de servicios esenciales, como pueden ser alcantarillado, abastecimiento de agua, recogida de residuos o alumbrado p\u00fablico, mejora de los sistemas productivos y de los diversos sectores, infraestructuras de transporte, centros docentes, asistencia social primaria, vivienda, recursos hidr\u00e1ulicos o sociedad de la informaci\u00f3n, entre otros \u00e1mbitos.<\/p>\n<p class=\"ms-rteElement-Parrafo_Normal\">Por su parte, las Comunidades Aut\u00f3nomas podr\u00e1n realizar inversiones con efectos positivos para el cambio clim\u00e1tico, contribuci\u00f3n a la mejora de la eficiencia energ\u00e9tica, o tratarse de una inversi\u00f3n que permita evitar gastos recurrentes o que implique ahorros en ejercicios futuros, todo ello dentro de los \u00e1mbitos de competencia que tienen asumidos.<\/p>\n<p class=\"ms-rteElement-Parrafo_Normal\"><strong>Aplazamiento de la entrada en vigor del Verifactu<\/strong><\/p>\n<p class=\"ms-rteElement-Parrafo_Normal\">Por otro lado, este Real Decreto-ley contempla la modificaci\u00f3n del Real Decreto 1007\/2023 de 5 de diciembre, que establec\u00eda una serie de requisitos a cumplir por los sistemas inform\u00e1ticos de facturaci\u00f3n de pymes y aut\u00f3nomos, el denominado &#8216;Reglamento Verifactu&#8217;. Esta modificaci\u00f3n consiste en aplazar en un a\u00f1o, hasta 2027, el inicio de la aplicaci\u00f3n de estos requisitos.<\/p>\n<p class=\"ms-rteElement-Parrafo_Normal\">La entrada en vigor del Verifactu estaba prevista inicialmente para el 1 de enero de 2026, en el caso de los obligados tributarios contribuyentes del Impuesto sobre Sociedades, mientras que para las dem\u00e1s empresas y aut\u00f3nomos que utilizaran sistemas inform\u00e1ticos de facturaci\u00f3n, el plazo era el 1 de julio de 2026.<\/p>\n<p class=\"ms-rteElement-Parrafo_Normal\">Con el Real Decreto-ley se ha decidido efectuar una nueva ampliaci\u00f3n del plazo de exigibilidad, algo motivado tanto por la necesaria adecuaci\u00f3n de los sistemas inform\u00e1ticos de facturaci\u00f3n como para garantizar una implantaci\u00f3n ordenada y homog\u00e9nea en el conjunto del tejido empresarial. Con esto, se da mayor margen y plazo para adaptarse al nuevo sistema.<\/p>\n<p class=\"ms-rteElement-Parrafo_Normal\">De esta forma, para las empresas cuyo plazo de implantaci\u00f3n y adaptaci\u00f3n de sus sistemas inform\u00e1ticos comenzaba el 1 de enero de 2026, se traslada al 1 de enero de 2027, mientras que para las empresas y aut\u00f3nomos que ten\u00edan que emplear a aplicar el Verifactu el 1 de julio de 2026, ese plazo se traslada al 1 de julio de 2027.<\/p>\n<p class=\"ms-rteElement-Parrafo_Normal\">Con este nuevo sistema se pretende luchar contra el fraude tributario y la econom\u00eda sumergida derivados del uso del denominado &#8216;software de doble uso&#8217;. Esta medida desarrolla lo contemplado en Ley de prevenci\u00f3n y lucha contra el fraude fiscal y permite dar m\u00e1s seguridad y trazabilidad de la facturaci\u00f3n, as\u00ed como otorgar mayor agilidad y facilidad en el cumplimiento de las obligaciones tributarias para pymes y aut\u00f3nomos.<\/p>\n<p class=\"ms-rteElement-Parrafo_Normal\"><strong>Habilitados<\/strong><\/p>\n<p class=\"ms-rteElement-Parrafo_Normal\">El Real Decreto-ley incorpora asimismo una modificaci\u00f3n de la Ley Reguladora de las Bases del R\u00e9gimen Local que tiene como objetivo devolver a la Generalitat de Catalu\u00f1a la gesti\u00f3n de la oferta p\u00fablica de empleo y procesos de selecci\u00f3n de los habilitados nacionales. <\/p>\n<p class=\"ms-rteElement-Parrafo_Normal\">Se trata de una competencia que ya se dio a Euskadi en el a\u00f1o 2022 y que todas las Comunidades Aut\u00f3nomas tuvieron entre 2007 y 2013. Los habilitados nacionales son funcionarios de la Administraci\u00f3n Local que ejercen como interventores, tesoreros y secretarios municipales. <\/p>\n<p class=\"ms-rteElement-Parrafo_Normal\">Con esta medida, la Generalitat de Catalu\u00f1a podr\u00e1 convocar de forma coordinada con el Estado los concursos para las plazas vacantes, resolviendo la asignaci\u00f3n del primer destino y las situaciones administrativas pertinentes. <\/p>\n<p>Presidencia, Justicia y Relaciones con las Cortes<a href=\"https:\/\/www.lamoncloa.gob.es\/consejodeministros\/referencias\/Paginas\/2025\/20251202-referencia-rueda-de-prensa-ministros.aspx\" name=\"alimentos\" id=\"alimentos\" onclick=\"javascript:GoogleTrackEvent(&#039;True&#039;,&#039;Contenido&#039;,&#039;Click&#039;,&#039;[https:\/\/www.lamoncloa.gob.es\/consejodeministros\/referencias\/Paginas\/2025\/20251202-referencia-rueda-de-prensa-ministros.aspx] NORMATIVA SOBRE DENOMINACIONES COMERCIALES DE ALIMENTOS EN CONSERVA Y PREPARADOS DE LA PESCA Y LA ACUICULTURA . [\/consejodeministros\/referencias\/Paginas\/2025\/20251202-referencia-rueda-de-prensa-ministros.aspx]&#039;);\" rel=\"nofollow noopener\" target=\"_blank\">NORMATIVA SOBRE DENOMINACIONES COMERCIALES DE ALIMENTOS EN CONSERVA Y PREPARADOS DE LA PESCA Y LA ACUICULTURA <\/a><\/p>\n<p class=\"ms-rteElement-Parrafo_Normal\">El Consejo de Ministros ha aprobado el Real Decreto por el que se regula el procedimiento para determinar las denominaciones comerciales nacionales y las denominaciones de alimentos en conserva o preparados admitidas en Espa\u00f1a aplicables a los productos de la pesca y de la acuicultura, a propuesta del Ministerio de Agricultura, Pesca y Alimentaci\u00f3n y del Ministerio de Derechos Sociales, Consumo y Agenda 2030.<\/p>\n<p class=\"ms-rteElement-Parrafo_Normal\">Este real decreto establece un marco legal s\u00f3lido en el \u00e1mbito de las denominaciones comerciales y da respuesta a las obligaciones comunitarias de garantizar al consumidor un alto nivel de protecci\u00f3n y su derecho a la informaci\u00f3n.<\/p>\n<p class=\"ms-rteElement-Parrafo_Normal\">El real decreto tiene en cuenta tambi\u00e9n las necesidades de actualizaci\u00f3n y clarificaci\u00f3n de la normativa nacional, especialmente necesario en el \u00e1mbito de los preparados y conservas. As\u00ed mismo dota de mayor seguridad jur\u00eddica al procedimiento para la determinaci\u00f3n de dichas denominaciones legales.<\/p>\n<p class=\"ms-rteElement-Parrafo_Normal\">La nueva norma tambi\u00e9n establece la base regulatoria para la publicaci\u00f3n peri\u00f3dica de listados de denominaciones comerciales para productos frescos, congelados, ahumados y salados, entre otros, as\u00ed como para conservas y preparados, en todo el territorio nacional. <\/p>\n<p class=\"ms-rteElement-Parrafo_Normal\">No obstante, las denominaciones comerciales reconocidas en los listados que publiquen las distintas comunidades aut\u00f3nomas ser\u00e1n complementarias a la denominaci\u00f3n comercial nacional en sus respectivos territorios, sin que puedan sustituir a las denominaciones nacionales.<\/p>\n<p class=\"ms-rteElement-Parrafo_Normal\">La aprobaci\u00f3n de este real decreto redunda en una mayor transparencia que permite a los consumidores estar m\u00e1s y mejor informados y fortalece su confianza en el mercado.<\/p>\n<p>Presidencia, Justicia y Relaciones con las Cortes<a href=\"https:\/\/www.lamoncloa.gob.es\/consejodeministros\/referencias\/Paginas\/2025\/20251202-referencia-rueda-de-prensa-ministros.aspx\" name=\"declaracion\" id=\"declaracion\" onclick=\"javascript:GoogleTrackEvent(&#039;True&#039;,&#039;Contenido&#039;,&#039;Click&#039;,&#039;[https:\/\/www.lamoncloa.gob.es\/consejodeministros\/referencias\/Paginas\/2025\/20251202-referencia-rueda-de-prensa-ministros.aspx] DECLARACI\u00d3N INSTITUCIONAL POR EL D\u00cdA INTERNACIONAL Y EUROPEO DE LAS PERSONAS CON DISCAPACIDAD. [\/consejodeministros\/referencias\/Paginas\/2025\/20251202-referencia-rueda-de-prensa-ministros.aspx]&#039;);\" rel=\"nofollow noopener\" target=\"_blank\">DECLARACI\u00d3N INSTITUCIONAL POR EL D\u00cdA INTERNACIONAL Y EUROPEO DE LAS PERSONAS CON DISCAPACIDAD<\/a><\/p>\n<p class=\"ms-rteElement-Parrafo_Normal\">El Consejo de Ministros ha aprobado la declaraci\u00f3n institucional por el D\u00eda Internacional y Europeo de las Personas con Discapacidad: desplegar los mandatos del art\u00edculo 49 de la Constituci\u00f3n Espa\u00f1ola en las leyes ordinarias de Espa\u00f1a con motivo de la conmemoraci\u00f3n del D\u00eda Internacional de las Personas con Discapacidad, instituido en 1992 por la Asamblea General de las Naciones Unidas mediante la resoluci\u00f3n 47\/3. Se reitera as\u00ed el reconocimiento de los derechos de las personas con discapacidad tal y como establece el renovado art\u00edculo 49 de la Constituci\u00f3n Espa\u00f1ola, con el siguiente texto:<\/p>\n<p class=\"ms-rteElement-Parrafo_Normal\">\u00abEl Gobierno de Espa\u00f1a, en respeto a los postulados que emanan de la Constituci\u00f3n, ha sido diligente para que el art\u00edculo 49 se positivice y acomode a las leyes que m\u00e1s impacto tienen en la vida de personas con discapacidad y sus familias. En este sentido, ha emprendido una reforma profunda de dos leyes esenciales para la plena inclusi\u00f3n y autonom\u00eda de las personas con discapacidad: la Ley General de derechos de las personas con discapacidad y de su inclusi\u00f3n social, y la conocida como Ley de Dependencia. <\/p>\n<p class=\"ms-rteElement-Parrafo_Normal\">En definitiva, este proyecto de ley materializa los cuatro pilares en los que se sustenta la reforma constitucional de 2024: inclusi\u00f3n, autonom\u00eda y accesibilidad universal, prestando especial atenci\u00f3n a las situaciones de mayor vulnerabilidad que enfrentan las mujeres y la infancia con discapacidad, eliminando las barreras institucionales, culturales y estructurales que perpet\u00faan la discriminaci\u00f3n m\u00faltiple e interseccional.<\/p>\n<p class=\"ms-rteElement-Parrafo_Normal\">En el \u00e1mbito de la inclusi\u00f3n, el proyecto de ley ofrece una nueva definici\u00f3n para que este t\u00e9rmino se interprete y aplique conforme a los est\u00e1ndares de la Convenci\u00f3n Internacional sobre los Derechos de las Personas con Discapacidad, incorporando nuevas definiciones como desinstitucionalizaci\u00f3n o capacitismo, claves para comprender y respetar la vida en la comunidad de la poblaci\u00f3n con discapacidad. Asimismo, destacan medidas para asegurar el derecho a la inclusi\u00f3n laboral, el derecho a la habilitaci\u00f3n y a la rehabilitaci\u00f3n, el derecho a una educaci\u00f3n inclusiva, as\u00ed como el derecho a constituir una familia propia. Tambi\u00e9n son de especial relevancia los avances que se promueven para que la ciencia, la tecnolog\u00eda y el uso de la inteligencia artificial se desarrollen al servicio de la inclusi\u00f3n y de la prevenci\u00f3n de las soledades no deseadas.<\/p>\n<p class=\"ms-rteElement-Parrafo_Normal\">Adem\u00e1s, en aras de la plena inclusi\u00f3n, establece la obligaci\u00f3n de que los poderes p\u00fablicos promuevan una imagen positiva de las personas con discapacidad. En este sentido, cabe destacar que, por primera vez en democracia, se desarrolla contenido espec\u00edfico referido al respeto, apoyo y cuidado de las personas con problemas de salud mental desde una perspectiva integral y comunitaria. En este sentido, se va a reformar el art\u00edculo 763 de la Ley de Enjuiciamiento Civil, que regula el internamiento no voluntario por raz\u00f3n de trastorno ps\u00edquico, con lo que se pretende reforzar los derechos de las personas con discapacidad en coherencia con lo que dispone la reforma de la Ley de Dependencia, cuya terminolog\u00eda se recoge en defensa del concepto de apoyo comunitario a fin de solventar las situaciones cr\u00edticas en que puedan encontrarse las personas con problemas de salud mental y que comprometan su integridad, en l\u00ednea con las recomendaciones a Espa\u00f1a del Comit\u00e9 sobre los Derechos de las Personas con Discapacidad de la Organizaci\u00f3n de las Naciones Unidas en la revisi\u00f3n de Espa\u00f1a a los mandatos de la Convenci\u00f3n Internacional sobre los Derechos de las Personas con Discapacidad.<\/p>\n<p class=\"ms-rteElement-Parrafo_Normal\">Para materializar plenamente el derecho de las personas con discapacidad a una vida aut\u00f3noma, el proyecto de ley busca garantizar los apoyos necesarios para que puedan realizar un ejercicio pleno de ciudadan\u00eda en todas las dimensiones de su vida cotidiana. <\/p>\n<p class=\"ms-rteElement-Parrafo_Normal\">Esto implica actualizar los servicios y prestaciones del Sistema para la Autonom\u00eda y Atenci\u00f3n a la Dependencia, as\u00ed como impulsar nuevos servicios para cuidados y apoyos en la vivienda, o fortalecer, entre otros, la asistencia personal que se configura como servicio del cat\u00e1logo del Sistema para la Autonom\u00eda y Atenci\u00f3n a la Dependencia (SAAD). Asimismo, se eliminan incompatibilidades entre servicios y prestaciones de manera que habr\u00e1 una mayor flexibilidad y capacidad de adaptaci\u00f3n de los apoyos a las necesidades de la vida cotidiana de las personas. Se posibilita as\u00ed, por ejemplo, tener un empleo y un servicio de apoyo, evitando penalizaciones y, por el contrario, incentivando el empleo como parte de una vida independiente. Todo ello, supone, por tanto, un salto cualitativo para las personas con discapacidad, que podr\u00e1n acceder a apoyos m\u00e1s diversos, personalizados y con enfoque comunitario y con perspectiva de g\u00e9nero.<\/p>\n<p class=\"ms-rteElement-Parrafo_Normal\">La accesibilidad universal constituye otro de los pilares de la reforma de la Ley General de derechos de las personas con discapacidad y su inclusi\u00f3n social. As\u00ed, la accesibilidad universal se reconoce como un derecho que a la vez es una obligaci\u00f3n de todos los poderes p\u00fablicos, pudiendo las personas acudir a la justicia a buscar reparaci\u00f3n en caso de incumplimiento. Se crea tambi\u00e9n un Programa Estatal de Promoci\u00f3n de la Accesibilidad Universal para financiar las adaptaciones necesarias en servicios y espacios p\u00fablicos, como hospitales, para que nadie quede fuera. Tambi\u00e9n, y con el fin de blindar el derecho a la vivienda a las personas con discapacidad, se crean nuevas obligaciones legales con el objeto de regular la puesta en marcha de ascensores, rampas o dispositivos accesibles en las comunidades de propietarios y que as\u00ed nadie tenga que abandonar sus casas por no poder salir a la calle. Estos deberes de accesibilidad llegar\u00e1n tambi\u00e9n a todas las Administraciones p\u00fablicas y a los lugares de Patrimonio Hist\u00f3rico, para que la cultura y la historia de Espa\u00f1a est\u00e9 al alcance de toda la ciudadan\u00eda, sin barreras. <\/p>\n<p class=\"ms-rteElement-Parrafo_Normal\">El Proyecto de Ley abre las f\u00f3rmulas para consolidar el acceso a la justicia de las personas con discapacidad, fortaleciendo la figura del facilitador procesal regulado en la Ley 8\/2021, de 2 de junio, por la que se reforma la legislaci\u00f3n civil y procesal para el apoyo a las personas con discapacidad en el ejercicio de la capacidad jur\u00eddica y alinearlo a leyes aprobadas por el Gobierno de Espa\u00f1a como la Ley Org\u00e1nica 5\/2024, de 11 de noviembre, del Derecho de Defensa.<\/p>\n<p class=\"ms-rteElement-Parrafo_Normal\">Por \u00faltimo, en coherencia con el mandato del art\u00edculo 49 de la Constituci\u00f3n de atender particularmente las necesidades espec\u00edficas de las mujeres y la infancia con discapacidad, el proyecto de ley dedica un art\u00edculo espec\u00edfico a actuaciones para romper las brechas machistas y capacitistas que cercenan su derecho a la igualdad, poniendo especial atenci\u00f3n en la prevenci\u00f3n y erradicaci\u00f3n de cualquier tipo de violencia, con especial atenci\u00f3n a las violencias machistas. Adem\u00e1s, se determina que las Administraciones p\u00fablicas velar\u00e1n por un desarrollo saludable de ni\u00f1as y ni\u00f1os con discapacidad reconociendo la atenci\u00f3n temprana como un derecho subjetivo. <\/p>\n<p class=\"ms-rteElement-Parrafo_Normal\">A esta acci\u00f3n normativa se suma la Ley 2\/2025, de 29 de abril, que ha eliminado el despido autom\u00e1tico de las personas con discapacidad, garantizando su derecho al trabajo y excluyendo de nuestro ordenamiento laboral esta discriminaci\u00f3n hist\u00f3rica.<\/p>\n<p class=\"ms-rteElement-Parrafo_Normal\">Por \u00faltimo, cabe se\u00f1alar que el proyecto de ley asume los compromisos de la Estrategia Europea sobre los derechos de las personas con discapacidad de 2021\/2030, presentada por la Comisi\u00f3n Europea para garantizar su plena participaci\u00f3n en la sociedad, en igualdad de condiciones. Espa\u00f1a sigue marcando un liderazgo con los Derechos de las Personas con Discapacidad en seno de la Uni\u00f3n Europea que qued\u00f3 patente en la \u00faltima Presidencia espa\u00f1ola del Consejo de la Uni\u00f3n Europea a trav\u00e9s de diversas iniciativas espa\u00f1olas, impulsando con determinaci\u00f3n normativa europea para garantizar los derechos de las personas con discapacidad.<\/p>\n<p class=\"ms-rteElement-Parrafo_Normal\">En definitiva, la reforma del art\u00edculo 49 de la Constituci\u00f3n, mayoritariamente respaldada por las fuerzas pol\u00edticas, es un \u00e9xito de pa\u00eds y nos se\u00f1al\u00f3 con claridad el camino a seguir. Un camino en el que las organizaciones de la discapacidad, representadas por el CERMI, Comit\u00e9 Espa\u00f1ol de Representantes de Personas con Discapacidad, desempe\u00f1an un papel fundamental. <\/p>\n<p class=\"ms-rteElement-Parrafo_Normal\">Por ello resulta necesario positivizar en estas dos leyes ordinarias su contenido y volver a los consensos parlamentarios de la reforma constitucional de 2024, a fin de que estos postulados sean transformadores y aplicables a una vida digna en la que las personas con discapacidad y sus familias disfruten de todos los derechos humanos\u00bb.<\/p>\n<p>Presidencia, Justicia y Relaciones con las Cortes<a href=\"https:\/\/www.lamoncloa.gob.es\/consejodeministros\/referencias\/Paginas\/2025\/20251202-referencia-rueda-de-prensa-ministros.aspx\" name=\"volcan\" id=\"volcan\" onclick=\"javascript:GoogleTrackEvent(&#039;True&#039;,&#039;Contenido&#039;,&#039;Click&#039;,&#039;[https:\/\/www.lamoncloa.gob.es\/consejodeministros\/referencias\/Paginas\/2025\/20251202-referencia-rueda-de-prensa-ministros.aspx] ELEGIDA LA PALMA COMO SEDE F\u00cdSICA DEL FUTURO CONSORCIO \u00abCENTRO NACIONAL DE VULCANOLOG\u00cdA\u00bb. [\/consejodeministros\/referencias\/Paginas\/2025\/20251202-referencia-rueda-de-prensa-ministros.aspx]&#039;);\" rel=\"nofollow noopener\" target=\"_blank\">ELEGIDA LA PALMA COMO SEDE F\u00cdSICA DEL FUTURO CONSORCIO \u00abCENTRO NACIONAL DE VULCANOLOG\u00cdA\u00bb<\/a><\/p>\n<p class=\"ms-rteElement-Parrafo_Normal\">El Consejo de Ministros ha aprobado el acuerdo por el que se determina la sede f\u00edsica del Consorcio \u00abCentro Nacional de Vulcanolog\u00eda\u00bb en la isla de La Palma. La creaci\u00f3n del Centro Nacional de Vulcanolog\u00eda se incluy\u00f3 en la Ley de Presupuestos Generales del Estado para el a\u00f1o 2023 y el Consorcio contar\u00e1 con la participaci\u00f3n de la Administraci\u00f3n General del Estado -a trav\u00e9s del Ministerio de Ciencia, Innovaci\u00f3n y Universidades- y de la Administraci\u00f3n de la Comunidad Aut\u00f3noma de Canarias, que aportar\u00e1n recursos al 50% para su sostenimiento.<\/p>\n<p class=\"ms-rteElement-Parrafo_Normal\">El Real Decreto 209\/2022 estableci\u00f3 el procedimiento para la determinaci\u00f3n de las sedes f\u00edsicas de las entidades pertenecientes al sector p\u00fablico institucional estatal y cre\u00f3 la Comisi\u00f3n consultiva para la determinaci\u00f3n de las sedes, de forma que la elecci\u00f3n de la sede del Centro Nacional de Vulcanolog\u00eda se ha realizado siguiendo un procedimiento objetivo y competitivo.<\/p>\n<p class=\"ms-rteElement-Parrafo_Normal\">El procedimiento para la determinaci\u00f3n de la sede f\u00edsica del Consorcio la inici\u00f3 el Consejo de Ministros, en su reuni\u00f3n del 2 de septiembre de 2025, mediante la tramitaci\u00f3n de urgencia, contemplada asimismo en el Real Decreto 209\/2022. <\/p>\n<p class=\"ms-rteElement-Parrafo_Normal\">La Comisi\u00f3n Consultiva para la determinaci\u00f3n de las sedes de las entidades pertenecientes al sector p\u00fablico institucional estatal adopt\u00f3 posteriormente, el 16 de septiembre de 2025, el informe con la relaci\u00f3n de criterios a tener en cuenta para determinar la ubicaci\u00f3n, publicado en el BOE el 24 de septiembre de 2025.<\/p>\n<p class=\"ms-rteElement-Parrafo_Normal\">Conforme a ello, y en cumplimiento del Real Decreto 209\/2022, se inici\u00f3 el plazo de un mes para que las asambleas legislativas y los consejos de Gobierno de las comunidades aut\u00f3nomas, as\u00ed como los \u00f3rganos plenarios de las entidades locales, presentaran sus candidaturas al Ministerio de Pol\u00edtica Territorial y Memoria Democr\u00e1tica.<\/p>\n<p class=\"ms-rteElement-Parrafo_Normal\"><strong>La Palma,<\/strong><strong>\u00fanica candidatura presentada para albergar el Consocio<\/strong><\/p>\n<p class=\"ms-rteElement-Parrafo_Normal\">El 24 de octubre de 2025 finaliz\u00f3 el plazo de un mes para presentar candidaturas para albergar la sede f\u00edsica del Consorcio, habi\u00e9ndose recibido una \u00fanica candidatura, presentada de forma conjunta por el Cabildo Insular de La Palma (Santa Cruz de Tenerife) y el Cabildo Insular de Tenerife (Santa Cruz de Tenerife). <\/p>\n<p class=\"ms-rteElement-Parrafo_Normal\">La Comisi\u00f3n Consultiva, el 1 de diciembre de 2025, se reuni\u00f3 para aprobar el dictamen a la vista de las candidaturas presentadas, recomendando su ubicaci\u00f3n en la isla de La Palma, complementada con el ecosistema cient\u00edfico y de innovaci\u00f3n de Tenerife, y elev\u00e1ndola al Consejo de Ministros. <\/p>\n<p class=\"ms-rteElement-Parrafo_Normal\"><strong>Canari<\/strong><strong>as es el \u00fanico territorio espa\u00f1ol con vulcanismo activo<\/strong><\/p>\n<p class=\"ms-rteElement-Parrafo_Normal\">Considerando que las Islas Canarias son el \u00fanico territorio espa\u00f1ol con vulcanismo activo y con historial de gesti\u00f3n de riesgo vulcanol\u00f3gico, destacando la erupci\u00f3n del del a\u00f1o 2021 del Tajogaite en Cumbre Vieja en la isla de La Palma, la regi\u00f3n ofrece oportunidades de investigaci\u00f3n sobre el terreno, tanto desde el punto de vista cient\u00edfico, como social para abordar las externalidades asociadas, en t\u00e9rminos de resolver problemas reales de ordenaci\u00f3n del territorio, planificaci\u00f3n de emergencias, comunicaci\u00f3n del riesgo y protecci\u00f3n civil y de los sectores econ\u00f3micos vitales. <\/p>\n<p class=\"ms-rteElement-Parrafo_Normal\">En particular, la candidatura ofrece una oportunidad para que Espa\u00f1a sea l\u00edder mundial en la gesti\u00f3n integral del fen\u00f3meno volc\u00e1nico en regiones volc\u00e1nicamente activas, fomentando el intercambio de conocimientos entre grupos de investigaci\u00f3n y promoviendo la cooperaci\u00f3n cient\u00edfica, con el prop\u00f3sito de aumentar su proyecci\u00f3n internacional y contribuir al desarrollo de las zonas volc\u00e1nicas.<\/p>\n<p>Presidencia, Justicia y Relaciones con las Cortes<a href=\"https:\/\/www.lamoncloa.gob.es\/consejodeministros\/referencias\/Paginas\/2025\/20251202-referencia-rueda-de-prensa-ministros.aspx\" name=\"postal\" id=\"postal\" onclick=\"javascript:GoogleTrackEvent(&#039;True&#039;,&#039;Contenido&#039;,&#039;Click&#039;,&#039;[https:\/\/www.lamoncloa.gob.es\/consejodeministros\/referencias\/Paginas\/2025\/20251202-referencia-rueda-de-prensa-ministros.aspx] OBLIGACIONES DE SERVICIO P\u00daBLICO AL PRESTADOR DEL SERVICIO POSTAL UNIVERSAL . [\/consejodeministros\/referencias\/Paginas\/2025\/20251202-referencia-rueda-de-prensa-ministros.aspx]&#039;);\" rel=\"nofollow noopener\" target=\"_blank\">OBLIGACIONES DE SERVICIO P\u00daBLICO AL PRESTADOR DEL SERVICIO POSTAL UNIVERSAL <\/a><\/p>\n<p class=\"ms-rteElement-Parrafo_Normal\">El Consejo de Ministros ha aprobado el Acuerdo por el que se establecen obligaciones de servicio p\u00fablico al prestador del servicio postal universal en las elecciones a la Asamblea de Extremadura que se celebrar\u00e1n el d\u00eda 21 de diciembre de 2025 y en las elecciones que se convoquen durante 2026.<\/p>\n<p class=\"ms-rteElement-Parrafo_Normal\">Se trata de las obligaciones de servicio p\u00fablico que deber\u00e1 cumplir el operador postal Correos y Tel\u00e9grafos S.A.; este 21 de diciembre de 2025 se van a celebrar elecciones a la Asamblea de Extremadura y durante 2026 est\u00e1n previstas elecciones al Parlamento de Andaluc\u00eda y a las Cortes de Castilla y Le\u00f3n, en ambos casos por finalizaci\u00f3n del mandato. <\/p>\n<p class=\"ms-rteElement-Parrafo_Normal\">Para el normal desarrollo de estos procesos electorales, el operador postal Correos deber\u00e1 hacer frente a unas obligaciones previstas en la Ley Org\u00e1nica 5\/1985, de 19 de junio, de R\u00e9gimen Electoral General, y que son las siguientes: <\/p>\n<ul class=\"ms-rteElement-Parrafo_Normal\">\n<li>Voto por correo de electores residentes en Espa\u00f1a: puesta a disposici\u00f3n y posterior admisi\u00f3n de los impresos de solicitud; entrega de las solicitudes formuladas por los electores a las delegaciones provinciales de la Oficina del Censo Electoral; entrega a los electores de la documentaci\u00f3n electoral; recepci\u00f3n de la documentaci\u00f3n electoral remitida por el elector por correo certificado, y entrega a la mesa electoral correspondiente.<\/li>\n<li>Voto por correo de electores residentes ausentes: env\u00edo del impreso de solicitud remitido por la Oficina del Censo Electoral a los espa\u00f1oles inscritos en el Censo de los Electores Residentes Ausentes; entrega de las solicitudes y env\u00edo por correo certificado y urgente a los electores de la documentaci\u00f3n electoral. En caso de que haya dificultades significativas para que los electores reciban la documentaci\u00f3n electoral en algunos pa\u00edses, se podr\u00e1 recurrir, previa autorizaci\u00f3n de la Junta Electoral Central y del Ministerio del Interior, a mensajer\u00eda privada o al servicio premium de la Uni\u00f3n Postal Internacional.<\/li>\n<li>Voto por correo de electores temporalmente ausentes: env\u00edo al interesado y entrega a las mesas electorales de la documentaci\u00f3n del voto para los ciudadanos espa\u00f1oles que se encuentren temporalmente en el extranjero.<\/li>\n<li>Voto por correo del personal embarcado: garant\u00eda de entrega a las mesas electorales de la documentaci\u00f3n enviada por el elector por correo certificado y urgente desde cualquiera de los puertos en los que el buque atraque.<\/li>\n<li>Voto del personal de las Fuerzas Armadas y de la Guardia Civil embarcado o en situaciones excepcionales vinculadas con la defensa nacional: env\u00edo por correo certificado y urgente a la Direcci\u00f3n General de Personal del Ministerio de Defensa y a la Secretar\u00eda de Cooperaci\u00f3n Internacional de la Direcci\u00f3n General de la Guardia Civil de la documentaci\u00f3n electoral, as\u00ed como su recepci\u00f3n y entrega a la mesa electoral.<\/li>\n<li>Voto por correo de los internos en centros penitenciarios: entrega y admisi\u00f3n en los centros penitenciarios de los impresos de solicitud de inscripci\u00f3n en el Censo; la entrega al elector de la documentaci\u00f3n enviada por la Oficina del Censo Electoral, y la entrega del voto en las mesas electorales.<\/li>\n<li>Otros env\u00edos realizados por la Oficina del Censo Electoral o dirigidos a las personas designadas como miembros de mesa electoral: Correos realizar\u00e1 la entrega, a los electores, de las tarjetas censales; a los ayuntamientos, de las listas electorales del censo de consulta, as\u00ed como notificaciones a los electores de las reclamaciones sobre rectificaci\u00f3n del Censo, de cambios de local electoral y env\u00edo de las listas del censo a los locales electorales.<\/li>\n<li>Recogida de la documentaci\u00f3n electoral en la mesa: comprende el sobre o sobres que, conteniendo documentaci\u00f3n electoral, habr\u00e1n de ser cursados el d\u00eda siguiente al de la votaci\u00f3n a la junta electoral correspondiente.<\/li>\n<li>Env\u00edos de propaganda electoral: Correos realizar\u00e1 los env\u00edos postales de propaganda electoral de los partidos y federaciones inscritos en el Registro correspondiente. <\/li>\n<\/ul>\n<p>Presidencia, Justicia y Relaciones con las Cortes<a href=\"https:\/\/www.lamoncloa.gob.es\/consejodeministros\/referencias\/Paginas\/2025\/20251202-referencia-rueda-de-prensa-ministros.aspx\" name=\"bilbao\" id=\"bilbao\" onclick=\"javascript:GoogleTrackEvent(&#039;True&#039;,&#039;Contenido&#039;,&#039;Click&#039;,&#039;[https:\/\/www.lamoncloa.gob.es\/consejodeministros\/referencias\/Paginas\/2025\/20251202-referencia-rueda-de-prensa-ministros.aspx] PR\u00d3RROGA Y MODIFICACI\u00d3N DEL CONVENIO PARA EL ESTABLECIMIENTO LA SEDE DEL SECRETARIADO DE LA COALICI\u00d3N LOCAL 2030 DE NNUU EN BILBAO. [\/consejodeministros\/referencias\/Paginas\/2025\/20251202-referencia-rueda-de-prensa-ministros.aspx]&#039;);\" rel=\"nofollow noopener\" target=\"_blank\">PR\u00d3RROGA Y MODIFICACI\u00d3N DEL CONVENIO PARA EL ESTABLECIMIENTO LA SEDE DEL SECRETARIADO DE LA COALICI\u00d3N LOCAL 2030 DE NNUU EN BILBAO<\/a><\/p>\n<p class=\"ms-rteElement-Parrafo_Normal\">El Consejo de Ministros ha aprobado el Acuerdo por el que se autoriza la suscripci\u00f3n de la adenda de pr\u00f3rroga y modificaci\u00f3n al Convenio interadministrativo suscrito el 7 de noviembre de 2023 entre el Ministerio de Asuntos Exteriores, Uni\u00f3n Europea y Cooperaci\u00f3n, el Ministerio de Derechos Sociales y Agenda 2030, la Comunidad Aut\u00f3noma del Pa\u00eds Vasco, el Ayuntamiento de Bilbao y la Fundaci\u00f3n Bancaria BBK, relativo al establecimiento de la sede del Secretariado de la Coalici\u00f3n Local 2030 en Bilbao.<\/p>\n<p class=\"ms-rteElement-Parrafo_Normal\">El 7 de noviembre de 2023, se suscribi\u00f3 un Convenio Interadministrativo que recoge el acuerdo entre las contrapartes espa\u00f1olas y regular, as\u00ed, los compromisos para el establecimiento y mantenimiento de la estructura en Bilbao, as\u00ed como los compromisos vinculados con el trabajo en materia de localizaci\u00f3n que realiza el Fondo Conjunto de los ODS de Naciones Unidas de la mano de la Coalici\u00f3n. El convenio tiene vigencia hasta el 31 de diciembre de 2025. La Comisi\u00f3n de Seguimiento Interadministrativa acord\u00f3 la pr\u00f3rroga por un periodo adicional de tres a\u00f1os. <\/p>\n<p class=\"ms-rteElement-Parrafo_Normal\">La adenda permitir\u00e1 la renovaci\u00f3n del establecimiento del Secretariado de la Coalici\u00f3n Local 2030 en Bilbao. Este secretariado permite fortalecer el trabajo que realiza Espa\u00f1a en materia de localizaci\u00f3n de los ODS, consolidando su reputaci\u00f3n internacional y manteniendo su posici\u00f3n clave en el seno de las Naciones unidas.<\/p>\n<p>Defensa<a href=\"https:\/\/www.lamoncloa.gob.es\/consejodeministros\/referencias\/Paginas\/2025\/20251202-referencia-rueda-de-prensa-ministros.aspx\" name=\"mallorca\" id=\"mallorca\" onclick=\"javascript:GoogleTrackEvent(&#039;True&#039;,&#039;Contenido&#039;,&#039;Click&#039;,&#039;[https:\/\/www.lamoncloa.gob.es\/consejodeministros\/referencias\/Paginas\/2025\/20251202-referencia-rueda-de-prensa-ministros.aspx] DECLARADAS COMO ZONAS DE INTER\u00c9S PARA LA DEFENSA NACIONAL PROPIEDADES EN ALBACETE, MADRID, SEVILLA Y MALLORCA . [\/consejodeministros\/referencias\/Paginas\/2025\/20251202-referencia-rueda-de-prensa-ministros.aspx]&#039;);\" rel=\"nofollow noopener\" target=\"_blank\">DECLARADAS COMO ZONAS DE INTER\u00c9S PARA LA DEFENSA NACIONAL PROPIEDADES EN ALBACETE, MADRID, SEVILLA Y MALLORCA <\/a><\/p>\n<p class=\"ms-rteElement-Parrafo_Normal\">El Consejo de Ministros ha autorizado la declaraci\u00f3n, como zona de inter\u00e9s para la Defensa Nacional, de las siguientes propiedades: Base A\u00e9rea de Albacete y Estaci\u00f3n de Combustible La Losilla; Base A\u00e9rea de Cuatro Vientos; Base A\u00e9rea de Getafe; Base A\u00e9rea de Mor\u00f3n; Base A\u00e9rea de Pollensa; Base A\u00e9rea de Son San Juan y Polvor\u00edn y Campo de Tiro de Puntir\u00f3; Base A\u00e9rea de Torrej\u00f3n; Acuartelamiento A\u00e9reo de Tablada, y Cuartel General del Mando A\u00e9reo General.<\/p>\n<p class=\"ms-rteElement-Parrafo_Normal\">La declaraci\u00f3n como zona de inter\u00e9s para la Defensa Nacional incluye diversas limitaciones y condicionantes. Entre ellos, se encuentra la obligaci\u00f3n de interesar y obtener la autorizaci\u00f3n del Ministerio de Defensa para la determinaci\u00f3n de la compatibilidad con los fines de la Defensa Nacional de cualquier regulaci\u00f3n, ordenaci\u00f3n o actuaci\u00f3n administrativa que pueda incidir en la utilizaci\u00f3n de la extensi\u00f3n de terreno de que se trata. <\/p>\n<p class=\"ms-rteElement-Parrafo_Normal\">La zona de inter\u00e9s para la Defensa Nacional que se declara queda bajo la responsabilidad y vigilancia del Ej\u00e9rcito del Aire y del Espacio.<\/p>\n<p>Defensa<a href=\"https:\/\/www.lamoncloa.gob.es\/consejodeministros\/referencias\/Paginas\/2025\/20251202-referencia-rueda-de-prensa-ministros.aspx\" name=\"cartagena\" id=\"cartagena\" onclick=\"javascript:GoogleTrackEvent(&#039;True&#039;,&#039;Contenido&#039;,&#039;Click&#039;,&#039;[https:\/\/www.lamoncloa.gob.es\/consejodeministros\/referencias\/Paginas\/2025\/20251202-referencia-rueda-de-prensa-ministros.aspx] DECLARADA ZONA DE INTER\u00c9S PARA LA DEFENSA NACIONAL EL ARSENAL MILITAR DE CARTAGENA. [\/consejodeministros\/referencias\/Paginas\/2025\/20251202-referencia-rueda-de-prensa-ministros.aspx]&#039;);\" rel=\"nofollow noopener\" target=\"_blank\">DECLARADA ZONA DE INTER\u00c9S PARA LA DEFENSA NACIONAL EL ARSENAL MILITAR DE CARTAGENA<\/a><\/p>\n<p class=\"ms-rteElement-Parrafo_Normal\">El Consejo de Ministros ha autorizado la declaraci\u00f3n, como zona de inter\u00e9s para la Defensa Nacional, de las instalaciones de la propiedad denominada \u00bbArsenal Militar de Cartagena\u00bb, localizadas en el t\u00e9rmino municipal de Cartagena, en la provincia de Murcia.<\/p>\n<p class=\"ms-rteElement-Parrafo_Normal\">La declaraci\u00f3n como zona de inter\u00e9s para la Defensa Nacional incluye diversas limitaciones y condicionantes. Entre ellos, se encuentra la obligaci\u00f3n de interesar y obtener la autorizaci\u00f3n del Ministerio de Defensa para la determinaci\u00f3n de la compatibilidad con los fines de la Defensa Nacional de cualquier regulaci\u00f3n, ordenaci\u00f3n o actuaci\u00f3n administrativa que pueda incidir en la utilizaci\u00f3n de la extensi\u00f3n de terreno de que se trata. <\/p>\n<p class=\"ms-rteElement-Parrafo_Normal\">La zona de inter\u00e9s para la Defensa Nacional que se declara queda bajo la responsabilidad y vigilancia de la Armada.<\/p>\n<p>Defensa<a href=\"https:\/\/www.lamoncloa.gob.es\/consejodeministros\/referencias\/Paginas\/2025\/20251202-referencia-rueda-de-prensa-ministros.aspx\" name=\"mantenimiento\" id=\"mantenimiento\" onclick=\"javascript:GoogleTrackEvent(&#039;True&#039;,&#039;Contenido&#039;,&#039;Click&#039;,&#039;[https:\/\/www.lamoncloa.gob.es\/consejodeministros\/referencias\/Paginas\/2025\/20251202-referencia-rueda-de-prensa-ministros.aspx] DEL CONTRATO PARA LA ADQUISICI\u00d3N DEL SISTEMA AUTOM\u00c1TICO DE MANTENIMIENTO EST\u00c1NDAR. [\/consejodeministros\/referencias\/Paginas\/2025\/20251202-referencia-rueda-de-prensa-ministros.aspx]&#039;);\" rel=\"nofollow noopener\" target=\"_blank\">DEL CONTRATO PARA LA ADQUISICI\u00d3N DEL SISTEMA AUTOM\u00c1TICO DE MANTENIMIENTO EST\u00c1NDAR<\/a><\/p>\n<p class=\"ms-rteElement-Parrafo_Normal\">El Consejo de Ministros ha autorizado la modificaci\u00f3n del contrato para la adquisici\u00f3n del sistema autom\u00e1tico de mantenimiento est\u00e1ndar.<\/p>\n<p class=\"ms-rteElement-Parrafo_Normal\">El objeto de este Acuerdo es la modificaci\u00f3n del contrato con la Agencia de Apoyo y Adquisiciones de la OTAN (NSPA) para la obtenci\u00f3n de nuevos bancos autom\u00e1ticos de prueba de prop\u00f3sito general basados en el Sistema Autom\u00e1tico de Mantenimiento est\u00e1ndar (SAMe) y de la migraci\u00f3n de varios programas de test (TPS).<\/p>\n<p class=\"ms-rteElement-Parrafo_Normal\">Debido a la vida \u00fatil prevista del avi\u00f3n F-18 (C-15) algunos subsistemas van a requerir de un mantenimiento adicional con el que inicialmente no se contaba, lo que hace necesario la adquisici\u00f3n de bancos y TPS adicionales para mantener las capacidades actuales de mantenimiento y operatividad de los sistemas dedicados al soporte de las citadas aeronaves.<\/p>\n<p class=\"ms-rteElement-Parrafo_Normal\">El valor estimado de la modificaci\u00f3n asciende a 26.000.000 euros.<\/p>\n<p>Defensa<a href=\"https:\/\/www.lamoncloa.gob.es\/consejodeministros\/referencias\/Paginas\/2025\/20251202-referencia-rueda-de-prensa-ministros.aspx\" name=\"vehiculo\" id=\"vehiculo\" onclick=\"javascript:GoogleTrackEvent(&#039;True&#039;,&#039;Contenido&#039;,&#039;Click&#039;,&#039;[https:\/\/www.lamoncloa.gob.es\/consejodeministros\/referencias\/Paginas\/2025\/20251202-referencia-rueda-de-prensa-ministros.aspx] ACUERDO MARCO PARA LA ADQUISICI\u00d3N DE CUBIERTAS PARA VEH\u00cdCULOS DE DOTACI\u00d3N EN EL EJ\u00c9RCITO DE TIERRA. [\/consejodeministros\/referencias\/Paginas\/2025\/20251202-referencia-rueda-de-prensa-ministros.aspx]&#039;);\" rel=\"nofollow noopener\" target=\"_blank\">ACUERDO MARCO PARA LA ADQUISICI\u00d3N DE CUBIERTAS PARA VEH\u00cdCULOS DE DOTACI\u00d3N EN EL EJ\u00c9RCITO DE TIERRA<\/a><\/p>\n<p class=\"ms-rteElement-Parrafo_Normal\">El Consejo de Ministros ha autorizado la celebraci\u00f3n del Acuerdo Marco para la adquisici\u00f3n de cubiertas para veh\u00edculos de dotaci\u00f3n en el Ej\u00e9rcito de Tierra.<\/p>\n<p class=\"ms-rteElement-Parrafo_Normal\">Estos materiales son cr\u00edticos para la funci\u00f3n log\u00edstica de movimiento y transporte, del que dependen todas las unidades del Ej\u00e9rcito, en todos los escenarios del teatro de operaciones en los que desarrollan sus cometidos. Su adquisici\u00f3n es imprescindible para mantener la capacidad operativa de las unidades del Ej\u00e9rcito de Tierra y garantizar la respuesta a los requerimientos de la Defensa y Seguridad Nacional.<\/p>\n<p class=\"ms-rteElement-Parrafo_Normal\">El valor estimado del Acuerdo Marco asciende a 12.396.694,20 euros y tendr\u00e1 una duraci\u00f3n de dos a\u00f1os desde la formalizaci\u00f3n, con posibilidad de pr\u00f3rroga de un a\u00f1o.<\/p>\n<p>Defensa<a href=\"https:\/\/www.lamoncloa.gob.es\/consejodeministros\/referencias\/Paginas\/2025\/20251202-referencia-rueda-de-prensa-ministros.aspx\" name=\"cadiz\" id=\"cadiz\" onclick=\"javascript:GoogleTrackEvent(&#039;True&#039;,&#039;Contenido&#039;,&#039;Click&#039;,&#039;[https:\/\/www.lamoncloa.gob.es\/consejodeministros\/referencias\/Paginas\/2025\/20251202-referencia-rueda-de-prensa-ministros.aspx] OBRAS DE REMODELACI\u00d3N DE MUELLES Y ADECUACI\u00d3N DE LAS INSTALACIONES EN LA ESTACI\u00d3N NAVAL DE PUNTALES EN C\u00c1DIZ . [\/consejodeministros\/referencias\/Paginas\/2025\/20251202-referencia-rueda-de-prensa-ministros.aspx]&#039;);\" rel=\"nofollow noopener\" target=\"_blank\">OBRAS DE REMODELACI\u00d3N DE MUELLES Y ADECUACI\u00d3N DE LAS INSTALACIONES EN LA ESTACI\u00d3N NAVAL DE PUNTALES EN C\u00c1DIZ <\/a><\/p>\n<p class=\"ms-rteElement-Parrafo_Normal\">El Consejo de Ministros ha autorizado la celebraci\u00f3n del contrato de obras de remodelaci\u00f3n de muelles y adecuaci\u00f3n de las instalaciones en la Estaci\u00f3n Naval de Puntales (C\u00e1diz).<\/p>\n<p class=\"ms-rteElement-Parrafo_Normal\">La modernizaci\u00f3n de la flotilla hidrogr\u00e1fica actual, con nuevas plataformas navales con base en la Estaci\u00f3n Naval de Puntales (C\u00e1diz), precisa que se lleven a cabo las infraestructuras necesarias asociadas al programa de los buques hidrogr\u00e1ficos. Para ello, es necesario la modernizaci\u00f3n de sus redes de servicios, la construcci\u00f3n de un centro integrado de vigilancia en tierra, actualizaci\u00f3n de pa\u00f1oles y talleres, y el dragado del puerto para el atraque y desatraque de los buques.<\/p>\n<p class=\"ms-rteElement-Parrafo_Normal\">El valor estimado del contrato asciende a 14.700.013,59 euros y tendr\u00e1 una duraci\u00f3n de 18 meses desde la formalizaci\u00f3n del acta de comprobaci\u00f3n del replanteo, sin posibilidad de pr\u00f3rroga.<\/p>\n<p>Defensa<a href=\"https:\/\/www.lamoncloa.gob.es\/consejodeministros\/referencias\/Paginas\/2025\/20251202-referencia-rueda-de-prensa-ministros.aspx\" name=\"armas\" id=\"armas\" onclick=\"javascript:GoogleTrackEvent(&#039;True&#039;,&#039;Contenido&#039;,&#039;Click&#039;,&#039;[https:\/\/www.lamoncloa.gob.es\/consejodeministros\/referencias\/Paginas\/2025\/20251202-referencia-rueda-de-prensa-ministros.aspx] ADQUISICI\u00d3N DE VEH\u00cdCULOS PESADOS TODO TERRENO PARA LA MODERNIZACI\u00d3N Y ADQUISICI\u00d3N DEL SISTEMA DE ARMAS NASAMS. [\/consejodeministros\/referencias\/Paginas\/2025\/20251202-referencia-rueda-de-prensa-ministros.aspx]&#039;);\" rel=\"nofollow noopener\" target=\"_blank\">ADQUISICI\u00d3N DE VEH\u00cdCULOS PESADOS TODO TERRENO PARA LA MODERNIZACI\u00d3N Y ADQUISICI\u00d3N DEL SISTEMA DE ARMAS NASAMS<\/a><\/p>\n<p class=\"ms-rteElement-Parrafo_Normal\">El Consejo de Ministros ha autorizado la celebraci\u00f3n del contrato para la adquisici\u00f3n de veh\u00edculos pesados todo terreno para el programa de modernizaci\u00f3n y adquisici\u00f3n del sistema de armas NASAMS.<\/p>\n<p class=\"ms-rteElement-Parrafo_Normal\">La finalidad de este Acuerdo es la adquisici\u00f3n de veh\u00edculos pesados todo terreno militar para el programa de modernizaci\u00f3n del Sistema de Defensa Antia\u00e9reo NASAMS del Ej\u00e9rcito de Tierra, para proporcionar la movilidad t\u00e1ctica necesaria para el cumplimiento de las misiones asignadas y la adquisici\u00f3n de una bater\u00eda adicional para el Ej\u00e9rcito del Aire y del Espacio.<\/p>\n<p class=\"ms-rteElement-Parrafo_Normal\">El valor estimado del contrato asciende a 26.665.776 euros y tendr\u00e1 una duraci\u00f3n desde la formalizaci\u00f3n hasta el 30 de noviembre de 2027, sin posibilidad de pr\u00f3rroga.<\/p>\n<p>Defensa<a href=\"https:\/\/www.lamoncloa.gob.es\/consejodeministros\/referencias\/Paginas\/2025\/20251202-referencia-rueda-de-prensa-ministros.aspx\" name=\"murcia\" id=\"murcia\" onclick=\"javascript:GoogleTrackEvent(&#039;True&#039;,&#039;Contenido&#039;,&#039;Click&#039;,&#039;[https:\/\/www.lamoncloa.gob.es\/consejodeministros\/referencias\/Paginas\/2025\/20251202-referencia-rueda-de-prensa-ministros.aspx] DECLARACI\u00d3N DE EMERGENCIA FRENTE A LA SITUACI\u00d3N GENERADA POR LA DANA EN LA COLONIA MILITAR DE AVIACI\u00d3N EN SANTIAGO DE LA RIBERA, MURCIA. [\/consejodeministros\/referencias\/Paginas\/2025\/20251202-referencia-rueda-de-prensa-ministros.aspx]&#039;);\" rel=\"nofollow noopener\" target=\"_blank\">DECLARACI\u00d3N DE EMERGENCIA FRENTE A LA SITUACI\u00d3N GENERADA POR LA DANA EN LA COLONIA MILITAR DE AVIACI\u00d3N EN SANTIAGO DE LA RIBERA, MURCIA<\/a><\/p>\n<p class=\"ms-rteElement-Parrafo_Normal\">El Consejo de Ministros ha autorizado la toma de raz\u00f3n de la declaraci\u00f3n de emergencia para hacer frente a la situaci\u00f3n generada por la Depresi\u00f3n Aislada en Niveles Altos (DANA) del 10 de octubre de 2025 en la colonia militar de aviaci\u00f3n en Santiago de la Ribera (San Javier, Murcia).<\/p>\n<p class=\"ms-rteElement-Parrafo_Normal\">El 10 de octubre de 2025 se registr\u00f3 en el t\u00e9rmino municipal de San Javier (Murcia) un episodio meteorol\u00f3gico de car\u00e1cter extraordinario, asociado a una DANA, causando inundaciones, erosi\u00f3n de firmes, colapso de sistemas de drenaje sostenible, acumulaci\u00f3n de lodos en viales y parcelas, y da\u00f1os en vallados y viviendas unifamiliares, dentro del \u00e1mbito de la colonia militar de aviaci\u00f3n en Santiago de la Ribera, donde se ejecutan actualmente las obras de reurbanizaci\u00f3n promovidas por el INVIED O.A.<\/p>\n<p class=\"ms-rteElement-Parrafo_Normal\">La no adopci\u00f3n inmediata de medidas correctoras puede agravar los da\u00f1os existentes, generar nuevos colapsos en las redes soterradas y afectar a la seguridad de las personas y bienes, adem\u00e1s de ocasionar vertidos incontrolados hacia el entorno protegido del Mar Menor.<\/p>\n<p class=\"ms-rteElement-Parrafo_Normal\">El importe total de las actuaciones es de 2.351.078,40 euros.<\/p>\n<p>Interior<a href=\"https:\/\/www.lamoncloa.gob.es\/consejodeministros\/referencias\/Paginas\/2025\/20251202-referencia-rueda-de-prensa-ministros.aspx\" name=\"plan\" id=\"plan\" onclick=\"javascript:GoogleTrackEvent(&#039;True&#039;,&#039;Contenido&#039;,&#039;Click&#039;,&#039;[https:\/\/www.lamoncloa.gob.es\/consejodeministros\/referencias\/Paginas\/2025\/20251202-referencia-rueda-de-prensa-ministros.aspx] PLAN DE PROGRAMACI\u00d3N DE INFRAESTRUCTURAS PARA LA SEGURIDAD DEL ESTADO 2025 - 2029 . [\/consejodeministros\/referencias\/Paginas\/2025\/20251202-referencia-rueda-de-prensa-ministros.aspx]&#039;);\" rel=\"nofollow noopener\" target=\"_blank\">PLAN DE PROGRAMACI\u00d3N DE INFRAESTRUCTURAS PARA LA SEGURIDAD DEL ESTADO 2025 &#8211; 2029 <\/a><\/p>\n<p class=\"ms-rteElement-Parrafo_Normal\">El Consejo de Ministros ha aprobado el Plan de Programaci\u00f3n de Infraestructuras para la Seguridad del Estado 2025-2029, en la que se declaran como &#8216;de inter\u00e9s p\u00fablico&#8217; un total de 130 obras en comisar\u00edas de Polic\u00eda y cuarteles de la Guardia Civil programadas hasta 2029. El importe de las actuaciones ser\u00e1 de 262,8 millones de euros, que ser\u00e1n financiados con cargo al presupuesto ordinario del Ministerio del Interior.<\/p>\n<p class=\"ms-rteElement-Parrafo_Normal\">Se trata de obras para la construcci\u00f3n, reforma, mejora, ampliaci\u00f3n, rehabilitaci\u00f3n o mejora de la eficacia energ\u00e9tica de infraestructuras policiales ya programadas y cuyos proyectos, una vez considerados &#8216;de inter\u00e9s p\u00fablico&#8217;, podr\u00e1n ser tramitados por la v\u00eda especial prevista en la Ley 13\/2003, de 23 de mayo, reguladora del contrato de concesi\u00f3n de obras p\u00fablicas. <\/p>\n<p class=\"ms-rteElement-Parrafo_Normal\">De las 130 intervenciones programadas, la Secretar\u00eda de Estado de Seguridad financiar\u00e1 con cargo a sus presupuestos 19 de ellas, con una inversi\u00f3n superior a los 44,2 millones de euros. Entre ellas, destacan la construcci\u00f3n de nuevas comisar\u00edas de Polic\u00eda en Alcantarilla (Murcia) y Alc\u00e1zar de San Juan (Ciudad Real), as\u00ed como nuevos cuarteles de la Guardia Civil en Los Y\u00e9benes (Toledo), Santany\u00ed (Mallorca).<\/p>\n<p class=\"ms-rteElement-Parrafo_Normal\">La Direcci\u00f3n General de la Polic\u00eda Nacional asume 54 actuaciones por importe de 103,7 millones de euros financiados con sus propios presupuestos, y que incluyen la construcci\u00f3n de nuevas comisar\u00edas en Roquetas de Mar y en la Ciudad de Almer\u00eda, Mar\u00edn (Pontevedra), Valdebebas y Vic\u00e1lvaro (Madrid), Jaca (Huesca), Medina del Campo (Valladolid), as\u00ed como la rehabilitaci\u00f3n de la sala de asilo del aeropuerto Adolfo Su\u00e1rez-Madrid-Barajas en el Pacto Europeo de Migraci\u00f3n y Asilo, que financiar\u00e1 el 90 por ciento de su coste. <\/p>\n<p class=\"ms-rteElement-Parrafo_Normal\">Por su parte, la Direcci\u00f3n General de la Guardia Civil impulsar\u00e1n 51 actuaciones por importe de 89,7 millones de euros con cargo a sus propios presupuestos, entre las que se incluyen la construcci\u00f3n de nuevos acuartelamientos en Vera (Almer\u00eda), Villarrobledo (Albacete), Benavente (Zamora), Algeciras (C\u00e1diz), Calahorra (La Rioja), C\u00e1ceres, Icod de los Vinos (Santa Cruz de Tenerife), Alhaur\u00edn de la Torre y C\u00e1rtama (M\u00e1laga), as\u00ed como un nuevo dep\u00f3sito de municiones en Valdemoro (Madrid). <\/p>\n<p class=\"ms-rteElement-Parrafo_Normal\">Por \u00faltimo, la Gerencia de Infraestructuras y Equipamiento de la Seguridad del Estado (GIESE), organismo aut\u00f3nomo dependiente de la Secretar\u00eda de Estado de Seguridad, asume seis proyectos con una inversi\u00f3n total superior a los 25,1 millones de euros, entre los que destacan nuevas dependencias de Polic\u00eda Nacional en Jaca (Huesca) y el distrito Nervi\u00f3n de Sevilla, as\u00ed como nuevos acuartelamientos de la Guardia Civil en Mijas y la ciudad de M\u00e1laga, y en Miguelturra (Ciudad Real).<\/p>\n<p>Transportes y Movilidad Sotenible<a href=\"https:\/\/www.lamoncloa.gob.es\/consejodeministros\/referencias\/Paginas\/2025\/20251202-referencia-rueda-de-prensa-ministros.aspx\" name=\"plasencia\" id=\"plasencia\" onclick=\"javascript:GoogleTrackEvent(&#039;True&#039;,&#039;Contenido&#039;,&#039;Click&#039;,&#039;[https:\/\/www.lamoncloa.gob.es\/consejodeministros\/referencias\/Paginas\/2025\/20251202-referencia-rueda-de-prensa-ministros.aspx] ADECUACI\u00d3N Y ACONDICIONAMIENTO DE LA CARRETERA N-630A . [\/consejodeministros\/referencias\/Paginas\/2025\/20251202-referencia-rueda-de-prensa-ministros.aspx]&#039;);\" rel=\"nofollow noopener\" target=\"_blank\">ADECUACI\u00d3N Y ACONDICIONAMIENTO DE LA CARRETERA N-630A <\/a> <\/p>\n<p class=\"ms-rteElement-Parrafo_Normal\">El Consejo de Ministros ha aprobado el Real Decreto por el que se regula la concesi\u00f3n directa de una subvenci\u00f3n a la Comunidad Aut\u00f3noma de Extremadura para la adecuaci\u00f3n, mejora y acondicionamiento de la carretera N-630A a su paso por Plasencia.<\/p>\n<p class=\"ms-rteElement-Parrafo_Normal\">La cuant\u00eda de la subvenci\u00f3n es de 6 millones de euros y la actuaci\u00f3n se ubica entre los km 472,395 y 474,385 de esta v\u00eda, correspondiente a las avenidas de Espa\u00f1a y de Mart\u00edn Palomino de la ciudad. <\/p>\n<p class=\"ms-rteElement-Parrafo_Normal\">Esta ayuda econ\u00f3mica se distribuir\u00e1 en dos anualidades, siendo la de 2025 de 500.000 euros y la de 2026 de 5,5 millones de euros. <\/p>\n<p class=\"ms-rteElement-Parrafo_Normal\"><strong>Caracter\u00edsticas de la actuaci\u00f3n<\/strong><\/p>\n<p class=\"ms-rteElement-Parrafo_Normal\">Este eje viario, integrado en la actualidad en el entramado urbano del municipio y convertido en acceso principal al \u00e1rea industrial, se caracteriza por la intensidad de tr\u00e1fico, la falta de regulaci\u00f3n de giros y la ausencia de acerados y zonas ordenadas de tr\u00e1nsito y estacionamiento que dificultan la movilidad y generan problemas de seguridad vial. Adem\u00e1s, la necesidad de una actuaci\u00f3n integral se justifica por el deterioro de infraestructuras b\u00e1sicas de saneamiento, abastecimiento o iluminaci\u00f3n. <\/p>\n<p class=\"ms-rteElement-Parrafo_Normal\">La actuaci\u00f3n comprende los siguientes trabajos:<\/p>\n<ul>\n<li>Ejecuci\u00f3n de infraestructuras ciclistas, mediante una v\u00eda ciclista exclusiva en la Avenida de Espa\u00f1a y un carril de circulaci\u00f3n compartida con prioridad ciclista en la Avenida Mart\u00edn Palomino.<\/li>\n<li>Construcci\u00f3n de dos nuevas glorietas y la reforma de la ya existente para mejorar la regulaci\u00f3n del tr\u00e1fico.<\/li>\n<li>Reordenaci\u00f3n del estacionamiento y creaci\u00f3n de nuevas bandas de aparcamiento.<\/li>\n<li>Nuevos acerados accesibles y zonas ajardinadas.<\/li>\n<li>Renovaci\u00f3n de los servicios urbanos: abastecimiento, saneamiento, electricidad, telefon\u00eda, gas e iluminaci\u00f3n. <\/li>\n<\/ul>\n<p><img decoding=\"async\" src=\"https:\/\/www.europesays.com\/es\/wp-content\/uploads\/2025\/12\/plasencia.jpg\" alt=\"\" title=\"\"\/><\/p>\n<p>Carreteras \/ Extremadura<\/p>\n<p>Transportes y Movilidad Sostenible<a href=\"https:\/\/www.lamoncloa.gob.es\/consejodeministros\/referencias\/Paginas\/2025\/20251202-referencia-rueda-de-prensa-ministros.aspx\" name=\"tunel\" id=\"tunel\" onclick=\"javascript:GoogleTrackEvent(&#039;True&#039;,&#039;Contenido&#039;,&#039;Click&#039;,&#039;[https:\/\/www.lamoncloa.gob.es\/consejodeministros\/referencias\/Paginas\/2025\/20251202-referencia-rueda-de-prensa-ministros.aspx] ADECUACI\u00d3N DE T\u00daNELES DE CARRETERAS DE GUIP\u00daZCOA . [\/consejodeministros\/referencias\/Paginas\/2025\/20251202-referencia-rueda-de-prensa-ministros.aspx]&#039;);\" rel=\"nofollow noopener\" target=\"_blank\">ADECUACI\u00d3N DE T\u00daNELES DE CARRETERAS DE GUIP\u00daZCOA <\/a><\/p>\n<p class=\"ms-rteElement-Parrafo_Normal\">El Consejo de Ministros ha aprobado el Real Decreto por el que se regula la concesi\u00f3n directa de una subvenci\u00f3n a la Diputaci\u00f3n Foral de Gipuzkoa para la adecuaci\u00f3n de t\u00faneles a la Directiva 2004\/54\/CE del Parlamento Europeo y del Consejo de 29 de abril de 2004, sobre requisitos m\u00ednimos de seguridad para t\u00faneles de la red transeuropea de carreteras.<\/p>\n<p class=\"ms-rteElement-Parrafo_Normal\">El objetivo de este Real Decreto es regular la concesi\u00f3n directa de una subvenci\u00f3n de 20 millones de euros a la Diputaci\u00f3n Foral de Guip\u00fazcoa para colaborar en la financiaci\u00f3n de las obras necesarias para que los t\u00faneles de Belabieta, Gorosmendi y Oindolar cumplan con la Directiva 2004\/54\/CE del Parlamento Europeo y del Consejo de 29 de abril de 2004, sobre requisitos m\u00ednimos de seguridad para t\u00faneles de la red transeuropea de carreteras.<\/p>\n<p class=\"ms-rteElement-Parrafo_Normal\">Esta Directiva establece las condiciones que deben cumplir los t\u00faneles de la red transeuropea de carreteras, tanto los de nueva construcci\u00f3n como los existentes en el momento de entrada en vigor de la directiva, que deber\u00e1n someterse a las correspondientes obras de adecuaci\u00f3n. La red transeuropea de carreteras incluye carreteras tanto de la Red de Carreteras del Estado como de diversas redes de titularidad auton\u00f3mica.<\/p>\n<p class=\"ms-rteElement-Parrafo_Normal\">Con esta subvenci\u00f3n se mejora, moderniza y refuerza la seguridad en los t\u00faneles de Belabieta, Gorosmendi y Oindolar, cuya inversi\u00f3n global a desarrollar por la Diputaci\u00f3n se estima en 93,5 millones de euros. <\/p>\n<p class=\"ms-rteElement-Parrafo_Normal\">Las actuaciones a subvencionar consistir\u00e1n en:<\/p>\n<ul class=\"ms-rteElement-Parrafo_Normal\">\n<li>Refuerzo de cubiertas y estructuras.<\/li>\n<li>Instalaci\u00f3n de sistemas de drenaje, control de vertidos e incendios<\/li>\n<li>Instalaci\u00f3n de sistemas de ventilaci\u00f3n y comunicaci\u00f3n.<\/li>\n<li>Instalaci\u00f3n de un sistema eficiente de iluminaci\u00f3n por LED. <\/li>\n<li>Implantaci\u00f3n de un nuevo sistema de gesti\u00f3n y prevenci\u00f3n de accidentes (SGC) para garantizar la seguridad.<\/li>\n<\/ul>\n<p class=\"ms-rteElement-Parrafo_Normal\">Una vez aprobado este Real Decreto, la Diputaci\u00f3n Foral de Guip\u00fazcoa deber\u00e1 solicitar la concesi\u00f3n de la subvenci\u00f3n en el plazo de 1 mes, que ser\u00e1 tramitada por la Direcci\u00f3n General de Carreteras del Ministerio de Transportes en calidad de \u00f3rgano gestor de esta subvenci\u00f3n.<\/p>\n<p class=\"ms-rteElement-Parrafo_Normal\">El pago de la subvenci\u00f3n se realizar\u00e1 en dos pagos, una vez dictada la resoluci\u00f3n de concesi\u00f3n: el primero de ellos, de 10 millones de euros, se realizar\u00e1 en un plazo de un mes desde la notificaci\u00f3n de la resoluci\u00f3n de concesi\u00f3n; y el segundo pago, por importe tambi\u00e9n de 10 millones de euros, se abonar\u00e1 en el a\u00f1o 2026.<\/p>\n<p>Transportes y Movilidad Sostenible<a href=\"https:\/\/www.lamoncloa.gob.es\/consejodeministros\/referencias\/Paginas\/2025\/20251202-referencia-rueda-de-prensa-ministros.aspx\" name=\"figueres\" id=\"figueres\" onclick=\"javascript:GoogleTrackEvent(&#039;True&#039;,&#039;Contenido&#039;,&#039;Click&#039;,&#039;[https:\/\/www.lamoncloa.gob.es\/consejodeministros\/referencias\/Paginas\/2025\/20251202-referencia-rueda-de-prensa-ministros.aspx] OBRAS EN LA VARIANTE DE FIGUERES DE LA N-II. [\/consejodeministros\/referencias\/Paginas\/2025\/20251202-referencia-rueda-de-prensa-ministros.aspx]&#039;);\" rel=\"nofollow noopener\" target=\"_blank\">OBRAS EN LA VARIANTE DE FIGUERES DE LA N-II<\/a><\/p>\n<p class=\"ms-rteElement-Parrafo_Normal\">El Consejo de Ministros ha aprobado el Acuerdo por el que se autoriza la celebraci\u00f3n del contrato de obras destinadas al aumento de capacidad de la carretera N-II en el tramo Variante de Figueres &#8211; Pont de Molins, provincia de Girona. Valor estimado del contrato 98.755.791,38 euros.<\/p>\n<p class=\"ms-rteElement-Parrafo_Normal\">La presente actuaci\u00f3n tiene una longitud de unos 8,2 km y se inicia al sur de Figueres, una vez pasado el enlace con la N-2A y la autopista AP-7, y finaliza al norte conectando con el tramo posterior del corredor, antes del enlace norte de la autopista AP-7. <\/p>\n<p class=\"ms-rteElement-Parrafo_Normal\">El objetivo de los trabajos es aumentar la capacidad de la N-2 mediante la duplicaci\u00f3n de la actual carretera en la totalidad del tramo mencionado, pasando a ser una carretera multicarril. Incluye tres enlaces: con la C-31, la C-260 y la N-260 y se han adecuado los par\u00e1metros de trazado en planta. <\/p>\n<p class=\"ms-rteElement-Parrafo_Normal\"><strong>Caracter\u00edsticas de la actuaci\u00f3n<\/strong><\/p>\n<p class=\"ms-rteElement-Parrafo_Normal\">El trazado objeto de actuaci\u00f3n tiene una longitud total de 8,2 km y est\u00e1 situado entre los actuales km 748,800 y 757,040 de la N-2. <\/p>\n<p class=\"ms-rteElement-Parrafo_Normal\">La secci\u00f3n transversal dise\u00f1ada se compone de dos calzadas de 7,00 m, separadas por una mediana de 2,00 m, con arcenes interiores de 1,50 m, exteriores de 2,50 m y bermas de 1,50 m.<\/p>\n<p class=\"ms-rteElement-Parrafo_Normal\">El proyecto contempla la duplicaci\u00f3n del tramo actual por su lado derecho y transcurre siempre en terrapl\u00e9n. La rasante encajada no se acomoda al actual perfil longitudinal ya que existen diversos tramos en los que es necesario incrementarla para garantizar el cumplimiento de los g\u00e1libos verticales libres en los cruces de las principales infraestructuras.<\/p>\n<p class=\"ms-rteElement-Parrafo_Normal\">Adem\u00e1s, se han proyectado tres enlaces:<\/p>\n<ul class=\"ms-rteElement-Parrafo_Normal\">\n<li>Enlace con la C-31, en el cual se propone adecuar el enlace existente sin modificar su tipolog\u00eda.<\/li>\n<li>Enlace con la C-260, dise\u00f1ado mediante glorieta deprimida a distinto nivel con dos obras de f\u00e1brica.<\/li>\n<li>Enlace con la N-260, en el que se adopta una tipolog\u00eda de tr\u00e9bol parcial, con las dos hojas de forma adyacente por el lado norte de la N-260. Se prev\u00e9n dos glorietas, en pesas, para resolver las intersecciones entre los ramales y la carretera N-260.<\/li>\n<\/ul>\n<p class=\"ms-rteElement-Parrafo_Normal\">Se ha incrementado la rasante pr\u00e1cticamente en la totalidad del tramo, alcanzando hasta los 2,50 m de incremento en alg\u00fan punto. Por otro lado, se han adecuado tambi\u00e9n la totalidad de par\u00e1metros de definici\u00f3n en planta a lo que estipula la normativa, llegando a producirse desplazamientos laterales puntuales respecto al trazado actual de hasta 5,50 m.<\/p>\n<p class=\"ms-rteElement-Parrafo_Normal\">Este proyecto se est\u00e1 coordinando con otras actuaciones para conectar la variante de Figueres con la AP-7, mediante una v\u00eda de alta capacidad y los enlaces tanto al norte como al sur de la localidad gerundense.<\/p>\n<p><img decoding=\"async\" src=\"https:\/\/www.europesays.com\/es\/wp-content\/uploads\/2025\/12\/figueres.jpg\" alt=\"\" title=\"\"\/> <\/p>\n<p>Carreteras \/ Girona<\/p>\n<p>Transportes y Movilidad Sostenible<a href=\"https:\/\/www.lamoncloa.gob.es\/consejodeministros\/referencias\/Paginas\/2025\/20251202-referencia-rueda-de-prensa-ministros.aspx\" name=\"obras\" id=\"obras\" onclick=\"javascript:GoogleTrackEvent(&#039;True&#039;,&#039;Contenido&#039;,&#039;Click&#039;,&#039;[https:\/\/www.lamoncloa.gob.es\/consejodeministros\/referencias\/Paginas\/2025\/20251202-referencia-rueda-de-prensa-ministros.aspx] CONTRATO DE OBRAS DEL PROYECTO DE CONSTRUCCI\u00d3N DEL ARCO NORTE DE MURCIA . [\/consejodeministros\/referencias\/Paginas\/2025\/20251202-referencia-rueda-de-prensa-ministros.aspx]&#039;);\" rel=\"nofollow noopener\" target=\"_blank\">CONTRATO DE OBRAS DEL PROYECTO DE CONSTRUCCI\u00d3N DEL ARCO NORTE DE MURCIA <\/a> <\/p>\n<p class=\"ms-rteElement-Parrafo_Normal\">El Consejo de ministros ha aprobado el Acuerdo por el que se autoriza la celebraci\u00f3n del contrato de obras del proyecto de construcci\u00f3n del Arco Norte de Murcia entre el punto kilom\u00e9trico 652+000 de la autov\u00eda A-7 y el enlace de Cabezo de Torres, tramo B, provincia: Murcia. Valor estimado del contrato 93.837.188,78 euros.<\/p>\n<p class=\"ms-rteElement-Parrafo_Normal\">El objeto de la actuaci\u00f3n es mejorar la situaci\u00f3n existente en el tramo de la autov\u00eda A-7 que discurre por el norte de la ciudad de Murcia, donde existe un gran flujo de tr\u00e1fico con la presencia de retenciones continuas, derivando en problemas de seguridad vial. Esta situaci\u00f3n es especialmente acusada en el denominado \u00abnudo de Espinardo\u00bb, por donde discurren en la actualidad m\u00e1s de 125.000 veh\u00edculos al d\u00eda. <\/p>\n<p class=\"ms-rteElement-Parrafo_Normal\"><strong>Arco Norte de Murcia<\/strong><\/p>\n<p class=\"ms-rteElement-Parrafo_Normal\">El Arco Norte de Murcia consta de los tramos A y B, servir\u00e1 como by-pass para el tr\u00e1fico de largo recorrido que discurre entre Andaluc\u00eda y el Levante espa\u00f1ol (provincias de Alicante y Valencia), con el objetivo de solventar los problemas existentes al separar el tr\u00e1fico de largo recorrido del de agitaci\u00f3n urbana, que seguir\u00eda discurriendo por el trazado actual.<\/p>\n<p class=\"ms-rteElement-Parrafo_Normal\">En concreto, el tramo B contar\u00e1 con una longitud aproximada de 8,3 km, inici\u00e1ndose con un nuevo enlace en el kil\u00f3metro 4 de la autov\u00eda MU-32 y finalizando mediante una confluencia\/bifurcaci\u00f3n en la autov\u00eda A-7, en el enlace de Cabezo de Torres. <\/p>\n<p class=\"ms-rteElement-Parrafo_Normal\">En su trazado, est\u00e1 prevista la construcci\u00f3n de 13 nuevas estructuras: 3 viaductos, 4 pasos superiores y 6 pasos inferiores.<\/p>\n<p class=\"ms-rteElement-Parrafo_Normal\"><strong>Movilidad viaria en la Regi\u00f3n de Murcia<\/strong><\/p>\n<p class=\"ms-rteElement-Parrafo_Normal\">As\u00ed, en este Arco Norte se licitar\u00e1n las obras del tramo B tras esta autorizaci\u00f3n en Consejo de ministros y se sigue trabajando en la actualizaci\u00f3n t\u00e9cnica y econ\u00f3mica del proyecto del tramo A.<\/p>\n<p class=\"ms-rteElement-Parrafo_Normal\">Para contextualizar esta actuaci\u00f3n, se deben tener en cuenta la puesta en servicio de dos de los tres tramos del Arco Noroeste, con una inversi\u00f3n de 169 millones de euros, y se avanza con la finalizaci\u00f3n completa de las obras en el tramo C.<\/p>\n<p><img decoding=\"async\" src=\"https:\/\/www.europesays.com\/es\/wp-content\/uploads\/2025\/12\/murcia.jpg\" alt=\"\" title=\"\"\/><\/p>\n<p class=\"ms-rteElement-Parrafo_Normal\">Carreteras \/ Murcia<\/p>\n<p>Agricultura, Pesca y Alimentaci\u00f3n<a href=\"https:\/\/www.lamoncloa.gob.es\/consejodeministros\/referencias\/Paginas\/2025\/20251202-referencia-rueda-de-prensa-ministros.aspx\" name=\"aviar\" id=\"aviar\" onclick=\"javascript:GoogleTrackEvent(&#039;True&#039;,&#039;Contenido&#039;,&#039;Click&#039;,&#039;[https:\/\/www.lamoncloa.gob.es\/consejodeministros\/referencias\/Paginas\/2025\/20251202-referencia-rueda-de-prensa-ministros.aspx] REFUERZO DE LOS SERVICIOS VETERINARIOS AUTON\u00d3MICOS PARA HACER FRENTE A LOS BROTES DE INFLUENZA AVIAR . [\/consejodeministros\/referencias\/Paginas\/2025\/20251202-referencia-rueda-de-prensa-ministros.aspx]&#039;);\" rel=\"nofollow noopener\" target=\"_blank\">REFUERZO DE LOS SERVICIOS VETERINARIOS AUTON\u00d3MICOS PARA HACER FRENTE A LOS BROTES DE INFLUENZA AVIAR <\/a><\/p>\n<p class=\"ms-rteElement-Parrafo_Normal\">El Consejo de Ministros ha aprobado el Acuerdo por el que se toma raz\u00f3n de la declaraci\u00f3n de emergencia impulsada por el Ministerio de Agricultura, Pesca y Alimentaci\u00f3n para prestar apoyo a los servicios veterinarios oficiales de las comunidades aut\u00f3nomas para implementar las actuaciones sanitarias necesarias para gestionar los brotes de Influenza Aviar (IA), por un importe de 499.877,41 euros.<\/p>\n<p class=\"ms-rteElement-Parrafo_Normal\">El pasado 1 de julio se detectaron 14 focos en aves de corral en diferentes comunidades aut\u00f3nomas: 2 en Andaluc\u00eda, 7 en Castilla y Le\u00f3n, 3 en Castilla-La Mancha, 1 en Extremadura y 1 en Madrid. Adem\u00e1s, se han registrado m\u00e1s de un centenar de casos en aves cautivas y silvestres en todo el territorio peninsular, lo que confirma una circulaci\u00f3n muy activa del virus en Espa\u00f1a.<\/p>\n<p class=\"ms-rteElement-Parrafo_Normal\">La influenza aviar de alta patogenicidad est\u00e1 incluida en la lista de enfermedades de declaraci\u00f3n obligatoria de la Organizaci\u00f3n Mundial de Sanidad Animal (OMSA) y la UE, ya que su aparici\u00f3n obliga a aplicar estrictas medidas de control: sacrificios sanitarios, limpieza y desinfecci\u00f3n de las instalaciones y establecimiento de zonas de restricci\u00f3n y control del movimiento de animales y productos.<\/p>\n<p class=\"ms-rteElement-Parrafo_Normal\">La situaci\u00f3n en Castilla y Le\u00f3n, donde la enfermedad se ha propagado entre varias explotaciones, ha exigido aplicar medidas adicionales mediante la creaci\u00f3n de una Zona de Restricci\u00f3n Adicional para frenar la dispersi\u00f3n del virus. El apoyo financiero permitir\u00e1 reforzar los servicios veterinarios auton\u00f3micos con asistencia t\u00e9cnica y personal especializado, garantizando una respuesta r\u00e1pida y eficaz ante la aparici\u00f3n de nuevos brotes.<\/p>\n<p>Agricultua, Pesca y Alimentaci\u00f3n<a href=\"https:\/\/www.lamoncloa.gob.es\/consejodeministros\/referencias\/Paginas\/2025\/20251202-referencia-rueda-de-prensa-ministros.aspx\" name=\"virus\" id=\"virus\" onclick=\"javascript:GoogleTrackEvent(&#039;True&#039;,&#039;Contenido&#039;,&#039;Click&#039;,&#039;[https:\/\/www.lamoncloa.gob.es\/consejodeministros\/referencias\/Paginas\/2025\/20251202-referencia-rueda-de-prensa-ministros.aspx] AMPLIACI\u00d3N DE LAS ACTUACIONES PARA HACER FRENTE AL VIRUS DE LA DERMATOSIS NODULAR CONTAGIOSA . [\/consejodeministros\/referencias\/Paginas\/2025\/20251202-referencia-rueda-de-prensa-ministros.aspx]&#039;);\" rel=\"nofollow noopener\" target=\"_blank\">AMPLIACI\u00d3N DE LAS ACTUACIONES PARA HACER FRENTE AL VIRUS DE LA DERMATOSIS NODULAR CONTAGIOSA <\/a><\/p>\n<p class=\"ms-rteElement-Parrafo_Normal\">El Consejo de Ministros ha aprobado el Acuerdo por el que se toma raz\u00f3n de la segunda ampliaci\u00f3n de la declaraci\u00f3n de emergencia de las actuaciones sanitarias impulsadas por el Ministerio de Agricultura, Pesca y Alimentaci\u00f3n para hacer frente al virus de la Dermatosis Nodular Contagiosa (DNC), por un importe de 660.000 euros, IVA incluido. La resoluci\u00f3n tiene por objeto la adquisici\u00f3n de 500.000 dosis de vacunas frente al virus.<\/p>\n<p class=\"ms-rteElement-Parrafo_Normal\">La Dermatosis Nodular Contagiosa de los b\u00f3vidos (DNC) es una enfermedad v\u00edrica del ganado bovino que provoca fiebre, lesiones cut\u00e1neas, debilidad y, en alrededor del 10 % de los casos, la muerte del animal. Se trata de una enfermedad de declaraci\u00f3n obligatoria en la Uni\u00f3n Europea debido a su alta capacidad de diseminaci\u00f3n y a los importantes perjuicios econ\u00f3micos que genera en los pa\u00edses afectados.<\/p>\n<p class=\"ms-rteElement-Parrafo_Normal\">No es una enfermedad zoon\u00f3sica, por lo que no afecta a las personas, y se transmite principalmente por insectos hemat\u00f3fagos como moscas y t\u00e1banos. El primer foco en Espa\u00f1a se detect\u00f3 el 3 de octubre de 2025 en Girona y, desde entonces, se han confirmado un total de 17 en la misma provincia. La r\u00e1pida actuaci\u00f3n de los servicios veterinarios oficiales de Catalu\u00f1a, con una vacunaci\u00f3n de emergencia en toda la zona de restricci\u00f3n, ha permitido alcanzar una cobertura vacunal pr\u00f3xima al 95 % del censo bovino, sin nuevos focos desde hace m\u00e1s de un mes.<\/p>\n<p class=\"ms-rteElement-Parrafo_Normal\">No obstante, el riesgo de reintroducci\u00f3n del virus persiste debido a la situaci\u00f3n en Francia, donde siguen notific\u00e1ndose casos. Por este motivo, se adquieren 500.000 dosis adicionales, que garantizar\u00e1n la disponibilidad inmediata de vacuna en caso de nuevas emergencias y permitir\u00e1n reforzar la protecci\u00f3n en zonas vecinas de Catalu\u00f1a y Arag\u00f3n con alta densidad de animales susceptibles.<\/p>\n<p>Agricultura, Pesca y Alimentaci\u00f3n<a href=\"https:\/\/www.lamoncloa.gob.es\/consejodeministros\/referencias\/Paginas\/2025\/20251202-referencia-rueda-de-prensa-ministros.aspx\" name=\"puertos\" id=\"puertos\" onclick=\"javascript:GoogleTrackEvent(&#039;True&#039;,&#039;Contenido&#039;,&#039;Click&#039;,&#039;[https:\/\/www.lamoncloa.gob.es\/consejodeministros\/referencias\/Paginas\/2025\/20251202-referencia-rueda-de-prensa-ministros.aspx] CONTRIBUCI\u00d3N VOLUNTARIA A LA INICIATIVA PUERTOS AZULES DE LA FAO . [\/consejodeministros\/referencias\/Paginas\/2025\/20251202-referencia-rueda-de-prensa-ministros.aspx]&#039;);\" rel=\"nofollow noopener\" target=\"_blank\">CONTRIBUCI\u00d3N VOLUNTARIA A LA INICIATIVA PUERTOS AZULES DE LA FAO <\/a><\/p>\n<p class=\"ms-rteElement-Parrafo_Normal\">El Consejo de Ministros ha aprobado el Acuerdo por el que se autoriza la contribuci\u00f3n voluntaria internacional al Programa Regular de la Organizaci\u00f3n de las Naciones Unidas para la Alimentaci\u00f3n y la Agricultura (FAO) en apoyo a su Iniciativa de Puertos Azules, por un importe de 114.080 euros.<\/p>\n<p class=\"ms-rteElement-Parrafo_Normal\">A esta nueva aportaci\u00f3n de Espa\u00f1a contribuyen de forma conjunta el Ministerio de Agricultura, Pesca y Alimentaci\u00f3n, Puertos del Estado, la Autoridad Portuaria de Vigo y la Xunta de Galicia.<\/p>\n<p class=\"ms-rteElement-Parrafo_Normal\">Esta financiaci\u00f3n permitir\u00e1 a la FAO, entre otras actuaciones, organizar el seminario internacional del Programa de Capacitaci\u00f3n, previsto para febrero de 2026 en Vigo, con el objetivo de reforzar la formaci\u00f3n t\u00e9cnica y el intercambio de buenas pr\u00e1cticas entre puertos pesqueros de todo el mundo.<\/p>\n<p class=\"ms-rteElement-Parrafo_Normal\">La nueva aportaci\u00f3n complementa el apoyo sostenido de Espa\u00f1a a la iniciativa, que ya acumulaba contribuciones por valor de 144.080 euros canalizadas a trav\u00e9s del convenio suscrito en marzo de 2024 y de las aportaciones voluntarias del Ministerio de Agricultura, Pesca y Alimentaci\u00f3n al programa regular de la FAO en 2022 y 2023, por importe de 50.000 euros.<\/p>\n<p class=\"ms-rteElement-Parrafo_Normal\">La Secretar\u00eda General de Pesca, que act\u00faa como coordinadora institucional y encargada de tramitar la contribuci\u00f3n espa\u00f1ola ante la FAO, destaca que esta actuaci\u00f3n se enmarca en la apuesta estrat\u00e9gica de Espa\u00f1a por una econom\u00eda azul s\u00f3lida y din\u00e1mica, en la que el sector pesquero y acu\u00edcola se reconoce como uno de sus motores fundamentales por su capacidad de innovaci\u00f3n, adaptaci\u00f3n y creaci\u00f3n de valor en las zonas costeras. <\/p>\n<p class=\"ms-rteElement-Parrafo_Normal\">En este contexto, los puertos pesqueros se consideran espacios clave para el desarrollo sostenible de las \u00e1reas costeras. La Iniciativa Puertos Azules contribuye a fortalecer su competitividad, sostenibilidad ambiental y capacidad de innovaci\u00f3n.<\/p>\n<p>Ciencia, Innovaci\u00f3n y Universidades<a href=\"https:\/\/www.lamoncloa.gob.es\/consejodeministros\/referencias\/Paginas\/2025\/20251202-referencia-rueda-de-prensa-ministros.aspx\" name=\"biologia\" id=\"biologia\" onclick=\"javascript:GoogleTrackEvent(&#039;True&#039;,&#039;Contenido&#039;,&#039;Click&#039;,&#039;[https:\/\/www.lamoncloa.gob.es\/consejodeministros\/referencias\/Paginas\/2025\/20251202-referencia-rueda-de-prensa-ministros.aspx] CONTRATO PARA LA CONSTRUCCI\u00d3N DE LA SEDE DEL INSTITUTO DE BIOLOG\u00cdA EVOLUTIVA EN BARCELONA. [\/consejodeministros\/referencias\/Paginas\/2025\/20251202-referencia-rueda-de-prensa-ministros.aspx]&#039;);\" rel=\"nofollow noopener\" target=\"_blank\">CONTRATO PARA LA CONSTRUCCI\u00d3N DE LA SEDE DEL INSTITUTO DE BIOLOG\u00cdA EVOLUTIVA EN BARCELONA<\/a><\/p>\n<p class=\"ms-rteElement-Parrafo_Normal\">El Consejo de Ministros ha aprobado el acuerdo por el que se autoriza a la Agencia Estatal Consejo Superior de Investigaciones Cient\u00edficas la celebraci\u00f3n de un contrato de obras para construir el conjunto arquitect\u00f3nico que albergar\u00e1 el Instituto de Biolog\u00eda Evolutiva (IBE) en el antiguo Mercat del Peix de Barcelona, por un valor estimado de 17.534.596,41 euros.<\/p>\n<p class=\"ms-rteElement-Parrafo_Normal\">El IBE es un centro mixto de investigaci\u00f3n constituido en 2008, adscrito al Consejo Superior de Investigaciones Cient\u00edficas (CSIC) y la Universitat Pompeu Fabra (UPF), que hasta el momento no contaba con un campus propio, sino que estaba ubicado en una sede provisional en el Centro Mediterr\u00e1neo de Investigaciones Marinas y Ambientales y otra en el Parque de Investigaci\u00f3n Biom\u00e9dica de Barcelona.<\/p>\n<p class=\"ms-rteElement-Parrafo_Normal\">El nuevo edificio en el antiguo Mercat del Peix se enmarca en el proyecto de la Ciutadella del Coneixement, que consolidar\u00e1 a Barcelona como uno de los polos de investigaci\u00f3n de Europa, tejiendo y colaborando con otros agentes cient\u00edficos en la ciudad.<\/p>\n<p class=\"ms-rteElement-Parrafo_Normal\">El IBE est\u00e1 dedicado a la biolog\u00eda evolutiva y centra su actividad en la investigaci\u00f3n sobre los procesos y los mecanismos que generan biodiversidad, entre ellos la evoluci\u00f3n gen\u00e9tica y molecular, la biolog\u00eda de las poblaciones, la biolog\u00eda de los sistemas complejos y la recuperaci\u00f3n del ADN antiguo.<\/p>\n<p>Para la Transformaci\u00f3n Digital y de la Funci\u00f3n P\u00fablica<a href=\"https:\/\/www.lamoncloa.gob.es\/consejodeministros\/referencias\/Paginas\/2025\/20251202-referencia-rueda-de-prensa-ministros.aspx\" name=\"uned\" id=\"uned\" onclick=\"javascript:GoogleTrackEvent(&#039;True&#039;,&#039;Contenido&#039;,&#039;Click&#039;,&#039;[https:\/\/www.lamoncloa.gob.es\/consejodeministros\/referencias\/Paginas\/2025\/20251202-referencia-rueda-de-prensa-ministros.aspx] OFERTA DE EMPLEO P\u00daBLICO PARA PERSONAL DOCENTE Y T\u00c9CNICO DE LA UNED. [\/consejodeministros\/referencias\/Paginas\/2025\/20251202-referencia-rueda-de-prensa-ministros.aspx]&#039;);\" rel=\"nofollow noopener\" target=\"_blank\">OFERTA DE EMPLEO P\u00daBLICO PARA PERSONAL DOCENTE Y T\u00c9CNICO DE LA UNED<\/a><\/p>\n<p class=\"ms-rteElement-Parrafo_Normal\">El Consejo de ministros ha autorizado la oferta de empleo p\u00fablico del personal docente e investigador de la Universidad Nacional de Educaci\u00f3n a Distancia (UNED) con un total de 95 plazas y para Personal T\u00e9cnico, de Gesti\u00f3n y de Administraci\u00f3n y Servicios (PTGAS) de la misma con hasta 98 empleos.<\/p>\n<p class=\"ms-rteElement-Parrafo_Normal\">Del total de las plazas destinadas a los cuerpos docentes, hasta 58 se convocar\u00e1n a concurso en las figuras de profesores y profesores titulares de la Universidad, y 37 ser\u00e1n para profesores y profesores permanentes laborales. Se reserva hasta un 15% del total, nueve de las plazas autorizadas en la categor\u00eda de profesores y profesoras titulares de la universidad y cinco de las de categor\u00eda de profesores y profesoras permanentes laborales, para personal investigador doctor que haya obtenido el certificado I3 o el certificado R3.<\/p>\n<p class=\"ms-rteElement-Parrafo_Normal\">Asimismo, el Gobierno ha autorizado la convocatoria de 58 plazas del cuerpo de catedr\u00e1ticos y catedr\u00e1ticas de la universidad para su cobertura por el procedimiento de promoci\u00f3n interna. <\/p>\n<p class=\"ms-rteElement-Parrafo_Normal\"><strong>Personal T\u00e9cnico, de Gesti\u00f3n y de Administraci\u00f3n y Servicios (PTGAS)<\/strong><\/p>\n<p class=\"ms-rteElement-Parrafo_Normal\">Por otro lado, de las dirigidas a personal con funciones de apoyo, gesti\u00f3n, administraci\u00f3n y soporte de la universidad, un total de 64 plazas ir\u00e1n destinadas a los colectivos de PTGAS funcionario y 34 para PTGAS laboral con la siguiente distribuci\u00f3n: <\/p>\n<p class=\"ms-rteElement-Parrafo_Normal\"><strong>PTGAS funcionario<\/strong><\/p>\n<tr>\n<td><strong>Subgrupo<\/strong><\/td>\n<td><strong>Plazas<\/strong><\/td>\n<\/tr>\n<tr>\n<td>C1<\/td>\n<td>10<\/td>\n<\/tr>\n<tr>\n<td>C2<\/td>\n<td>54<\/td>\n<\/tr>\n<tr>\n<td><strong>TOTAL<\/strong><\/td>\n<td><strong>64<\/strong><\/td>\n<\/tr>\n<p><strong>PTGAS laboral<\/strong><\/p>\n<tr>\n<td><strong>Grupo profesional<\/strong><\/td>\n<td><strong>Plazas<\/strong><\/td>\n<\/tr>\n<tr>\n<td>I<\/td>\n<td>6<\/td>\n<\/tr>\n<tr>\n<td>II<\/td>\n<td>4<\/td>\n<\/tr>\n<tr>\n<td>III<\/td>\n<td>15<\/td>\n<\/tr>\n<tr>\n<td>IV<\/td>\n<td>9<\/td>\n<\/tr>\n<tr>\n<td><strong>TOTAL<\/strong><\/td>\n<td><strong>34<\/strong><\/td>\n<\/tr>\n<p class=\"ms-rteElement-Parrafo_Normal\">Asimismo, se autoriza la convocatoria de 28 plazas para su cobertura por el procedimiento de promoci\u00f3n interna.<\/p>\n<tr>\n<td><strong>Subgrupo<\/strong><\/td>\n<td><strong>Plazas<\/strong><\/td>\n<\/tr>\n<tr>\n<td>A1<\/td>\n<td>3<\/td>\n<\/tr>\n<tr>\n<td>A2<\/td>\n<td>5<\/td>\n<\/tr>\n<tr>\n<td>C1<\/td>\n<td>20<\/td>\n<\/tr>\n<tr>\n<td><strong>TOTAL<\/strong><\/td>\n<td><strong>28<\/strong><\/td>\n<\/tr>\n<p>Cabe se\u00f1alar que las plazas que no sean cubiertas durante la ejecuci\u00f3n de una convocatoria podr\u00e1n convocarse nuevamente siempre que no hayan transcurrido m\u00e1s de tres a\u00f1os desde la publicaci\u00f3n de la Oferta de Empleo P\u00fablico que las hubiera autorizado. BIOGRAF\u00cdASAsuntos Exteriores, Uni\u00f3n Europea y Cooperaci\u00f3nEmbajador de Espa\u00f1a en la Rep\u00fablica Argelina Democr\u00e1tica y Popular<a href=\"https:\/\/www.lamoncloa.gob.es\/consejodeministros\/referencias\/Paginas\/2025\/20251202-referencia-rueda-de-prensa-ministros.aspx\" name=\"ramiro\" id=\"ramiro\" onclick=\"javascript:GoogleTrackEvent(&#039;True&#039;,&#039;Contenido&#039;,&#039;Click&#039;,&#039;[https:\/\/www.lamoncloa.gob.es\/consejodeministros\/referencias\/Paginas\/2025\/20251202-referencia-rueda-de-prensa-ministros.aspx] D. RAMIRO FERN\u00c1NDEZ BACHILLER. [\/consejodeministros\/referencias\/Paginas\/2025\/20251202-referencia-rueda-de-prensa-ministros.aspx]&#039;);\" rel=\"nofollow noopener\" target=\"_blank\">D. RAMIRO FERN\u00c1NDEZ BACHILLER<\/a><\/p>\n<p class=\"ms-rteElement-Parrafo_Normal\">Licenciado en Derecho con especialidad en Derecho P\u00fablico por la Universidad de Sevilla, ingres\u00f3 en la carrera diplom\u00e1tica en febrero de 1989.<\/p>\n<p class=\"ms-rteElement-Parrafo_Normal\">Ha sido embajador de Espa\u00f1a en Ruman\u00eda y en la Rep\u00fablica de Moldavia, con residencia en Bucarest, y embajador de Espa\u00f1a en la Rep\u00fablica Gabonesa y en la Rep\u00fablica Democr\u00e1tica de Santo Tom\u00e9 y Pr\u00edncipe, con residencia en Libreville. En el exterior tambi\u00e9n ha sido segunda jefatura y encargado de los asuntos consulares en las Embajadas de Espa\u00f1a en Ruman\u00eda y en la Rep\u00fablica de Corea y consejero en la Embajada de Espa\u00f1a en Portugal.<\/p>\n<p class=\"ms-rteElement-Parrafo_Normal\">En los Servicios Centrales ha desempe\u00f1ado, entre otras, las funciones de inspector general jefe de Servicios, con rango de embajador, embajador en Misi\u00f3n Especial-director de la Unidad de Emergencia Consular, embajador en Misi\u00f3n Especial para la Presidencia Espa\u00f1ola del Consejo de la UE de 2010, segundo introductor de Embajadores y subdirector general de Viajes y Visitas Oficiales, Ceremonial y Ordenes y vocal asesor en la Direcci\u00f3n General de Pol\u00edtica Exterior para \u00c1frica y en la Direcci\u00f3n General de Medios y Diplomacia P\u00fablica.<\/p>\n<p class=\"ms-rteElement-Parrafo_Normal\">Ha realizado actividades docentes en la Escuela Diplom\u00e1tica, en el Instituto Nacional de Administraci\u00f3n P\u00fablica y en el Instituto Universitario General Guti\u00e9rrez Mellado.<\/p>\n<p class=\"ms-rteElement-Parrafo_Normal\">Desde mayo de 2022 era el embajador de Espa\u00f1a en la Rep\u00fablica de Polonia<\/p>\n<p>Embajadora de Espa\u00f1a en la Rep\u00fablica de Chipre<a href=\"https:\/\/www.lamoncloa.gob.es\/consejodeministros\/referencias\/Paginas\/2025\/20251202-referencia-rueda-de-prensa-ministros.aspx\" name=\"mercedes\" id=\"mercedes\" onclick=\"javascript:GoogleTrackEvent(&#039;True&#039;,&#039;Contenido&#039;,&#039;Click&#039;,&#039;[https:\/\/www.lamoncloa.gob.es\/consejodeministros\/referencias\/Paginas\/2025\/20251202-referencia-rueda-de-prensa-ministros.aspx] D\u00aa. MERCEDES ALONSO FRAYLE. [\/consejodeministros\/referencias\/Paginas\/2025\/20251202-referencia-rueda-de-prensa-ministros.aspx]&#039;);\" rel=\"nofollow noopener\" target=\"_blank\">D\u00aa. MERCEDES ALONSO FRAYLE<\/a><\/p>\n<p class=\"ms-rteElement-Parrafo_Normal\">Licenciada en Derecho y graduada en Econom\u00eda por la Universidad de Deusto, dispone del diploma de Altos Estudios Europeos del Colegio de Europa de Brujas en la rama de Derecho Comunitario. Ingres\u00f3 en la carrera diplom\u00e1tica en marzo de 1988.<\/p>\n<p class=\"ms-rteElement-Parrafo_Normal\">Ha estado destinada en las representaciones diplom\u00e1ticas de Espa\u00f1a en Austria, Senegal, Panam\u00e1 y Brasil ocupando la segunda jefatura en las tres \u00faltimas. Ha sido adem\u00e1s c\u00f3nsul adjunta en Londres y c\u00f3nsul general en Manila y en D\u00fcsseldorf.<\/p>\n<p class=\"ms-rteElement-Parrafo_Normal\">En los Servicios Centrales ha ocupado los puestos de directora adjunta del Gabinete T\u00e9cnico del subsecretario de Asuntos Exteriores y Cooperaci\u00f3n, asesora del secretario de Estado de Asuntos Exteriores, subdirectora general de Acuerdos y Organizaciones Regionales de Pesca en el Ministerio de Agricultura, Pesca y Alimentaci\u00f3n y subdirectora general de Organismos Internacionales en el Ministerio de Asuntos Exteriores, Uni\u00f3n Europea y Cooperaci\u00f3n, entre otros.<\/p>\n<p class=\"ms-rteElement-Parrafo_Normal\">Hasta su actual nombramiento era Embajadora de Espa\u00f1a en la Rep\u00fablica de Singapur.<\/p>\n<p>Embajador de Espa\u00f1a en la Confederaci\u00f3n Suiza<a href=\"https:\/\/www.lamoncloa.gob.es\/consejodeministros\/referencias\/Paginas\/2025\/20251202-referencia-rueda-de-prensa-ministros.aspx\" name=\"enrique\" id=\"enrique\" onclick=\"javascript:GoogleTrackEvent(&#039;True&#039;,&#039;Contenido&#039;,&#039;Click&#039;,&#039;[https:\/\/www.lamoncloa.gob.es\/consejodeministros\/referencias\/Paginas\/2025\/20251202-referencia-rueda-de-prensa-ministros.aspx] D. ENRIQUE IGNACIO MORA BENAVENTE. [\/consejodeministros\/referencias\/Paginas\/2025\/20251202-referencia-rueda-de-prensa-ministros.aspx]&#039;);\" rel=\"nofollow noopener\" target=\"_blank\">D. ENRIQUE IGNACIO MORA BENAVENTE<\/a><\/p>\n<p class=\"ms-rteElement-Parrafo_Normal\">Licenciado en F\u00edsica Te\u00f3rica y diplom\u00e1tico de carrera desde 1988. Destinado en las embajadas de Espa\u00f1a en El L\u00edbano, en la Rep\u00fablica de Chipre y en las instituciones europeas. Dilatada experiencia en pol\u00edtica exterior y relaciones internacionales, particip\u00f3 en las conversaciones de paz en Bosnia y Herzegovina como consejero del mediador europeo Carl Bildt en 1995.<\/p>\n<p class=\"ms-rteElement-Parrafo_Normal\">Desempe\u00f1\u00f3 el puesto de subdirector general para la PESC y posteriormente, entre 2005 y 2010, fue jefe adjunto y luego jefe de gabinete del Alto Representante de la UE para la Pol\u00edtica Exterior. Fue durante m\u00e1s de cinco a\u00f1os director general de Pol\u00edtica Exterior en el Ministerio de AA.EE. Durante los \u00faltimos cinco a\u00f1os ha sido secretario general adjunto para Asuntos Pol\u00edticos &#8211; director pol\u00edtico del Servicio Europeo de Acci\u00f3n Exterior de la UE.<\/p>\n<p class=\"ms-rteElement-Parrafo_Normal\">Ha publicado numerosos ensayos y art\u00edculos sobre pol\u00edtica exterior y econom\u00eda en prensa diaria y revistas especializadas.<\/p>\n<p>Embajador de Espa\u00f1a en la Rep\u00fablica de T\u00fanez<a href=\"https:\/\/www.lamoncloa.gob.es\/consejodeministros\/referencias\/Paginas\/2025\/20251202-referencia-rueda-de-prensa-ministros.aspx\" name=\"isidro\" id=\"isidro\" onclick=\"javascript:GoogleTrackEvent(&#039;True&#039;,&#039;Contenido&#039;,&#039;Click&#039;,&#039;[https:\/\/www.lamoncloa.gob.es\/consejodeministros\/referencias\/Paginas\/2025\/20251202-referencia-rueda-de-prensa-ministros.aspx] D.ISIDRO ANTONIO GONZ\u00c1LEZ AFONSO. [\/consejodeministros\/referencias\/Paginas\/2025\/20251202-referencia-rueda-de-prensa-ministros.aspx]&#039;);\" rel=\"nofollow noopener\" target=\"_blank\">D.ISIDRO ANTONIO GONZ\u00c1LEZ AFONSO<\/a><\/p>\n<p class=\"ms-rteElement-Parrafo_Normal\">Licenciado en Derecho por la UNED y en Ciencias Pol\u00edticas y Sociolog\u00eda por la Universidad Complutense. Ingres\u00f3 en la Carrera Diplom\u00e1tica en 2003.<\/p>\n<p class=\"ms-rteElement-Parrafo_Normal\">Ha prestado servicios en el Ministerio de Asuntos Exteriores, Uni\u00f3n Europea y Cooperaci\u00f3n, en varios gabinetes de ministros. En el exterior ha estado destinado en la Representaci\u00f3n de Espa\u00f1a ante la OSCE en Viena, la Embajada de Espa\u00f1a en Chipre, el Consulado General de Espa\u00f1a en Jerusal\u00e9n y la Embajada de Espa\u00f1a en Rabat. Desde 2019 a finales de 2021 fue vicesecretario general de la Uni\u00f3n por el Mediterr\u00e1neo. <\/p>\n<p class=\"ms-rteElement-Parrafo_Normal\">Ha realizado el Curso Superior de Comercio Internacional de la C\u00e1mara de Comercio de Madrid; el Programa Ejecutivo de \u00abLiderazgo en la Administraci\u00f3n P\u00fablica\u00bb del IESE, Primera Promoci\u00f3n (2005); y el Programa Ejecutivo de \u00abGesti\u00f3n de Conflictos\u00bb, en el \u00abNegotiation Strategies Center\u00bb de Jerusal\u00e9n, de la Universidad de Harvard (2015).<\/p>\n<p class=\"ms-rteElement-Parrafo_Normal\">Cuenta con la Encomienda de N\u00famero de la Orden del M\u00e9rito Civil, adem\u00e1s de la Cruz de Oficial de la Orden del M\u00e9rito de la Rep\u00fablica de Polonia, concedidas tras la operaci\u00f3n de evacuaci\u00f3n de la Embajada en Jartum en abril de 2023.<\/p>\n<p class=\"ms-rteElement-Parrafo_Normal\">Hasta ahora era Embajador de Espa\u00f1a en Sud\u00e1n, Eritrea y Sud\u00e1n del Sur.<\/p>\n<p>Embajadora de Espa\u00f1a en el Reino Unido de Gran Breta\u00f1a e Irlanda del Norte<a href=\"https:\/\/www.lamoncloa.gob.es\/consejodeministros\/referencias\/Paginas\/2025\/20251202-referencia-rueda-de-prensa-ministros.aspx\" name=\"emma\" id=\"emma\" onclick=\"javascript:GoogleTrackEvent(&#039;True&#039;,&#039;Contenido&#039;,&#039;Click&#039;,&#039;[https:\/\/www.lamoncloa.gob.es\/consejodeministros\/referencias\/Paginas\/2025\/20251202-referencia-rueda-de-prensa-ministros.aspx] D\u00aa. EMMA APARICI V\u00c1ZQUEZ DE PARGA. [\/consejodeministros\/referencias\/Paginas\/2025\/20251202-referencia-rueda-de-prensa-ministros.aspx]&#039;);\" rel=\"nofollow noopener\" target=\"_blank\">D\u00aa. EMMA APARICI V\u00c1ZQUEZ DE PARGA<\/a><\/p>\n<p class=\"ms-rteElement-Parrafo_Normal\">Funcionaria de la Carrera Diplom\u00e1tica desde 2004. Licenciada en Derecho por la Universidad Complutense de Madrid, curs\u00f3 estudios en la Universit\u00e1 degli Studi di Bologna y ha realizado el Programa de Liderazgo para la Gesti\u00f3n P\u00fablica por IESE. Tambi\u00e9n ha realizado el Programa HEAT (Hostile Environment Awareness Training) sobre formaci\u00f3n de seguridad en entornos de alto riesgo, impartido por el Centro de Adiestramientos Especiales de la Guardia Civil en Logro\u00f1o.<\/p>\n<p class=\"ms-rteElement-Parrafo_Normal\">Ha sido secretaria general de Asuntos Exteriores del Gabinete de la Presidencia del Gobierno desde noviembre de 2023 hasta la actualidad. Directora general del Departamento de Asuntos Exteriores de ese mismo gabinete de febrero de 2020 a noviembre de 2023. Anteriormente, desde julio de 2018, desempe\u00f1\u00f3 el cargo de jefa de la Unidad de Coordinaci\u00f3n del Departamento de Asuntos Internacionales y Seguridad Global en la Secretar\u00eda General de Asuntos Internacionales, Uni\u00f3n Europea, G20 y Seguridad Global de la Presidencia del Gobierno. Con anterioridad, ocup\u00f3 el puesto de segunda jefatura\/ministra consejera de la Embajada de Espa\u00f1a en Tr\u00edpoli. Ha sido vocal asesora en el Gabinete del ministro de Asuntos Exteriores y de Cooperaci\u00f3n, adem\u00e1s de subdirectora general adjunta de Naciones Unidas. Ha estado destinada en la Misi\u00f3n Permanente de Espa\u00f1a ante Naciones Unidas en Nueva York durante el periodo comprendido entre 2007 y 2012. Ha trabajado en el Gabinete del ministro de Asuntos Exteriores y de Cooperaci\u00f3n y en la Direcci\u00f3n General de Relaciones Econ\u00f3micas Internacionales del Ministerio de Asuntos Exteriores.<\/p>\n<p>Embajador de Espa\u00f1a en la Rep\u00fablica de Nicaragua<a href=\"https:\/\/www.lamoncloa.gob.es\/consejodeministros\/referencias\/Paginas\/2025\/20251202-referencia-rueda-de-prensa-ministros.aspx\" name=\"sergio\" id=\"sergio\" onclick=\"javascript:GoogleTrackEvent(&#039;True&#039;,&#039;Contenido&#039;,&#039;Click&#039;,&#039;[https:\/\/www.lamoncloa.gob.es\/consejodeministros\/referencias\/Paginas\/2025\/20251202-referencia-rueda-de-prensa-ministros.aspx] D. SERGIO FARR\u00c9 SALV\u00c1. [\/consejodeministros\/referencias\/Paginas\/2025\/20251202-referencia-rueda-de-prensa-ministros.aspx]&#039;);\" rel=\"nofollow noopener\" target=\"_blank\">D. SERGIO FARR\u00c9 SALV\u00c1<\/a><\/p>\n<p class=\"ms-rteElement-Parrafo_Normal\">Diplom\u00e1tico de carrera desde el a\u00f1o 2005, ha ocupado distintos puestos en el Ministerio de Asuntos Exteriores, en el Servicio Europeo de Acci\u00f3n Exterior, y en la Uni\u00f3n por el Mediterr\u00e1neo.<\/p>\n<p class=\"ms-rteElement-Parrafo_Normal\">Ha estado destinado como segunda jefatura en las embajadas de Espa\u00f1a en Sud\u00e1n y en Eslovenia, como consejero diplom\u00e1tico en la Representaci\u00f3n Permanente de Espa\u00f1a ante la UE, y como consejero Cultural y Cient\u00edfico en Bolivia y en el Reino de B\u00e9lgica. Fue asesor diplom\u00e1tico y portavoz del Secretariado de la Uni\u00f3n por el Mediterr\u00e1neo, en Barcelona, y jefe del Departamento de cooperaci\u00f3n universitaria y cient\u00edfica de la Agencia Espa\u00f1ola de Cooperaci\u00f3n Internacional para el Desarrollo &#8211; AECID-, Madrid.<\/p>\n<p class=\"ms-rteElement-Parrafo_Normal\">Ha publicado obras en el campo de la resoluci\u00f3n de conflictos y de la diplomacia, incluyendo: \u00abEspa\u00f1a y B\u00e9lgica: una historia europea. Cien a\u00f1os de Embajada de Espa\u00f1a en B\u00e9lgica 1921-2021 (Coord, 2021), \u00abGesti\u00f3n de conflictos: Taller de Mediaci\u00f3n. Un enfoque socioafectivo\u00bb, Ariel, Barcelona (1\u00aa Ed. 2006).<\/p>\n<p>Embajador en Misi\u00f3n Especial para Afganist\u00e1n<a href=\"https:\/\/www.lamoncloa.gob.es\/consejodeministros\/referencias\/Paginas\/2025\/20251202-referencia-rueda-de-prensa-ministros.aspx\" name=\"francisco\" id=\"francisco\" onclick=\"javascript:GoogleTrackEvent(&#039;True&#039;,&#039;Contenido&#039;,&#039;Click&#039;,&#039;[https:\/\/www.lamoncloa.gob.es\/consejodeministros\/referencias\/Paginas\/2025\/20251202-referencia-rueda-de-prensa-ministros.aspx] D. FRANCISCO JAVIER PUIG SAURA. [\/consejodeministros\/referencias\/Paginas\/2025\/20251202-referencia-rueda-de-prensa-ministros.aspx]&#039;);\" rel=\"nofollow noopener\" target=\"_blank\">D. FRANCISCO JAVIER PUIG SAURA<\/a><\/p>\n<p class=\"ms-rteElement-Parrafo_Normal\">Licenciado en Derecho por la Universidad de Barcelona. Ingres\u00f3 en la Carrera Diplom\u00e1tica en junio de 2002.<\/p>\n<p class=\"ms-rteElement-Parrafo_Normal\">Desde noviembre de 2022 y hasta la fecha ha sido embajador de Espa\u00f1a en la Rep\u00fablica de T\u00fanez. Con anterioridad, entre 2017 y hasta su nombramiento en T\u00fanez, ocup\u00f3 el puesto de subdirector general para el Magreb en el Ministerio de Asuntos Exteriores, Uni\u00f3n Europea y Cooperaci\u00f3n.<\/p>\n<p class=\"ms-rteElement-Parrafo_Normal\">Ha estado destinado en las embajadas de Espa\u00f1a en T\u00fanez como consejero (2003-2006), en Marruecos como secretario de embajada (2006-2010) y en Guatemala (2010-2012) y Vietnam (2014-2017) como segunda jefatura.<\/p>\n<p class=\"ms-rteElement-Parrafo_Normal\">En los servicios centrales del ministerio de Asuntos Exteriores, Uni\u00f3n Europea y Cooperaci\u00f3n, fue subdirector adjunto para el Magreb entre 2012 y 2014.<\/p>\n<p>Embajador en Misi\u00f3n Especial para los Grandes Lagos y el Cuerno de \u00c1frica<a href=\"https:\/\/www.lamoncloa.gob.es\/consejodeministros\/referencias\/Paginas\/2025\/20251202-referencia-rueda-de-prensa-ministros.aspx\" name=\"jose\" id=\"jose\" onclick=\"javascript:GoogleTrackEvent(&#039;True&#039;,&#039;Contenido&#039;,&#039;Click&#039;,&#039;[https:\/\/www.lamoncloa.gob.es\/consejodeministros\/referencias\/Paginas\/2025\/20251202-referencia-rueda-de-prensa-ministros.aspx] D. JOS\u00c9 PASCUAL MARCO MART\u00cdNEZ. [\/consejodeministros\/referencias\/Paginas\/2025\/20251202-referencia-rueda-de-prensa-ministros.aspx]&#039;);\" rel=\"nofollow noopener\" target=\"_blank\">D. JOS\u00c9 PASCUAL MARCO MART\u00cdNEZ<\/a><\/p>\n<p class=\"ms-rteElement-Parrafo_Normal\">Licenciado en Derecho y Licenciado en Filosof\u00eda Pura por la Universidad Complutense, ingres\u00f3 en la Carrera Diplom\u00e1tica en 1983.<\/p>\n<p class=\"ms-rteElement-Parrafo_Normal\">Estuvo destinado en Pakist\u00e1n, Nicaragua y como c\u00f3nsul general en Melbourne. Fue subdirector general de la Oficina de Planificaci\u00f3n y Evaluaci\u00f3n, responsable de la cooperaci\u00f3n no gubernamental espa\u00f1ola, de 1990 a 1993. Posteriormente, fue jefe de la Oficina Comercial de Espa\u00f1a en Turqu\u00eda (1993-96); segundo jefe en la Embajada de Espa\u00f1a en Sud\u00e1frica (1996-99); y consejero en la Representaci\u00f3n Permanente de Espa\u00f1a ante la Uni\u00f3n Europea (1999-2001).<\/p>\n<p class=\"ms-rteElement-Parrafo_Normal\">En 2003 fue nombrado embajador de Espa\u00f1a en la Rep\u00fablica Democr\u00e1tica del Congo. De 2006 a 2010 fue segundo jefe en la Embajada de Espa\u00f1a en Washington. De 2010 a 2015 fue embajador Representante Permanente Adjunto de Espa\u00f1a ante la Uni\u00f3n Europea.<\/p>\n<p class=\"ms-rteElement-Parrafo_Normal\">En 2015 fue nombrado director general de Pol\u00edtica e Industrias Culturales y del Libro del Ministerio de Educaci\u00f3n, Cultura y Deporte, y ocup\u00f3 ese cargo hasta 2017, a\u00f1o en que fue nombrado director general de Coordinaci\u00f3n de Pol\u00edticas Comunes y de Asuntos Generales de la Uni\u00f3n Europea en el Ministerio de Asuntos Exteriores, Uni\u00f3n Europea y Cooperaci\u00f3n. <\/p>\n<p class=\"ms-rteElement-Parrafo_Normal\">El 24 de agosto de 2021 fue nombrado embajador de Espa\u00f1a en el Reino Unido de Gran Breta\u00f1a e Irlanda del Norte.<\/p>\n<p>Para la Transformaci\u00f3n Digital y de la Funci\u00f3n P\u00fablicaSecretario general t\u00e9cnico<a href=\"https:\/\/www.lamoncloa.gob.es\/consejodeministros\/referencias\/Paginas\/2025\/20251202-referencia-rueda-de-prensa-ministros.aspx\" name=\"julio\" id=\"julio\" onclick=\"javascript:GoogleTrackEvent(&#039;True&#039;,&#039;Contenido&#039;,&#039;Click&#039;,&#039;[https:\/\/www.lamoncloa.gob.es\/consejodeministros\/referencias\/Paginas\/2025\/20251202-referencia-rueda-de-prensa-ministros.aspx] D. JULIO ENRIQUE JIM\u00c9NEZ NOVELLA . [\/consejodeministros\/referencias\/Paginas\/2025\/20251202-referencia-rueda-de-prensa-ministros.aspx]&#039;);\" rel=\"nofollow noopener\" target=\"_blank\">D. JULIO ENRIQUE JIM\u00c9NEZ NOVELLA <\/a><\/p>\n<p class=\"ms-rteElement-Parrafo_Normal\">Licenciado en Econom\u00eda y en Derecho por la Universitat Pompeu Fabra de Barcelona, pertenece al Cuerpo Superior de Letrados de la Administraci\u00f3n de la Seguridad Social.<\/p>\n<p class=\"ms-rteElement-Parrafo_Normal\">Desde su ingreso en la Administraci\u00f3n General del Estado, ha trabajado en el Servicio Jur\u00eddico Delegado Provincial en el INSS de Santa Cruz de Tenerife, en la Secretar\u00eda de Estado de Pol\u00edtica Territorial, en la Secretar\u00eda de Estado de Turismo y en la red exterior de Turespa\u00f1a. <\/p>\n<p class=\"ms-rteElement-Parrafo_Normal\">En la Administraci\u00f3n de la Seguridad Social desempe\u00f1\u00f3 funciones de Letrado, prestando asesoramiento jur\u00eddico y representaci\u00f3n y defensa en juicio a las entidades gestoras y los servicios comunes de la Seguridad Social. En Pol\u00edtica Territorial ocup\u00f3 puestos de coordinador de \u00e1rea y de asesor en el gabinete de la Secretar\u00eda de Estado. Posteriormente, en el \u00e1mbito de la Secretar\u00eda de Estado de Turismo, ocup\u00f3 el puesto de asesor en el Gabinete del Secretario de Estado y de consejero de Turismo en la Oficina Espa\u00f1ola de Turismo en Helsinki, parte de la red exterior de Turespa\u00f1a.<\/p>\n","protected":false},"excerpt":{"rendered":"La Moncloa SUMARIOHacienda ACUERDO por el que se fijan los objetivos de estabilidad presupuestaria y de deuda p\u00fablica&hellip;\n","protected":false},"author":2,"featured_media":153856,"comment_status":"","ping_status":"","sticky":false,"template":"","format":"standard","meta":{"footnotes":""},"categories":[5],"tags":[17,18,12493,25,24,13,14,11,19,20,9,10,15,16,14906,23,12,21,22],"class_list":{"0":"post-267916","1":"post","2":"type-post","3":"status-publish","4":"format-standard","5":"has-post-thumbnail","7":"category-titulares","8":"tag-breaking-news","9":"tag-breakingnews","10":"tag-consejo-de-ministros","11":"tag-es","12":"tag-espana","13":"tag-featured-news","14":"tag-featurednews","15":"tag-headlines","16":"tag-latest-news","17":"tag-latestnews","18":"tag-news","19":"tag-noticias","20":"tag-noticias-destacadas","21":"tag-noticiasdestacadas","22":"tag-referencias","23":"tag-spain","24":"tag-titulares","25":"tag-ultimas-noticias","26":"tag-ultimasnoticias"},"share_on_mastodon":{"url":"https:\/\/pubeurope.com\/@es\/115652191522599243","error":""},"_links":{"self":[{"href":"https:\/\/www.europesays.com\/es\/wp-json\/wp\/v2\/posts\/267916","targetHints":{"allow":["GET"]}}],"collection":[{"href":"https:\/\/www.europesays.com\/es\/wp-json\/wp\/v2\/posts"}],"about":[{"href":"https:\/\/www.europesays.com\/es\/wp-json\/wp\/v2\/types\/post"}],"author":[{"embeddable":true,"href":"https:\/\/www.europesays.com\/es\/wp-json\/wp\/v2\/users\/2"}],"replies":[{"embeddable":true,"href":"https:\/\/www.europesays.com\/es\/wp-json\/wp\/v2\/comments?post=267916"}],"version-history":[{"count":0,"href":"https:\/\/www.europesays.com\/es\/wp-json\/wp\/v2\/posts\/267916\/revisions"}],"wp:featuredmedia":[{"embeddable":true,"href":"https:\/\/www.europesays.com\/es\/wp-json\/wp\/v2\/media\/153856"}],"wp:attachment":[{"href":"https:\/\/www.europesays.com\/es\/wp-json\/wp\/v2\/media?parent=267916"}],"wp:term":[{"taxonomy":"category","embeddable":true,"href":"https:\/\/www.europesays.com\/es\/wp-json\/wp\/v2\/categories?post=267916"},{"taxonomy":"post_tag","embeddable":true,"href":"https:\/\/www.europesays.com\/es\/wp-json\/wp\/v2\/tags?post=267916"}],"curies":[{"name":"wp","href":"https:\/\/api.w.org\/{rel}","templated":true}]}}