{"id":267919,"date":"2025-12-02T21:57:14","date_gmt":"2025-12-02T21:57:14","guid":{"rendered":"https:\/\/www.europesays.com\/es\/267919\/"},"modified":"2025-12-02T21:57:14","modified_gmt":"2025-12-02T21:57:14","slug":"vallieres-y-uijtdebroeks-se-enganchan-a-gran-canaria-y-prolongan-su-estancia-en-la-isla","status":"publish","type":"post","link":"https:\/\/www.europesays.com\/es\/267919\/","title":{"rendered":"Vallieres y Uijtdebroeks se enganchan a Gran Canaria y prolongan su estancia en la Isla"},"content":{"rendered":"<p class=\"ft-text\">Los ciclistas <a class=\"ft-link ft-link--decoration\" href=\"https:\/\/www.laprovincia.es\/deportes-canarias\/2025\/11\/29\/magdeleine-vallieres-campeona-mundial-ciclismo-124201775.html\" rel=\"nofollow noopener\" target=\"_blank\">Magdeleine Vallieres<\/a> y <strong>Cian Uijtdebroeks<\/strong> han decidido <strong>ampliar su estancia en Gran Canaria<\/strong> tras su participaci\u00f3n en la <strong>semana de Gran Canaria 365<\/strong>, aprovechando los pr\u00f3ximos d\u00edas para <strong>continuar sus entrenamientos<\/strong> de cara a la temporada 2026. Su presencia en la isla refuerza la proyecci\u00f3n internacional de Gran Canaria como destino ciclista de referencia.<\/p>\n<p class=\"ft-text\">Magdeleine Vallieres, de 24 a\u00f1os, ha dado un paso hist\u00f3rico al proclamarse <strong>campeona del mundo en ruta en 2025<\/strong>, llevando al podio mundial el talento canadiense. Su victoria en Kigali pone de manifiesto su capacidad para mantenerse en la primera l\u00ednea de la \u00e9lite internacional.<\/p>\n<p class=\"ft-text\">Por su parte, Cian Uijtdebroeks es <strong>una de las promesas m\u00e1s firmes del pelot\u00f3n mundial<\/strong>. Campe\u00f3n del Tour del Porvenir en 2022 y octavo en su debut en la Vuelta a Espa\u00f1a 2023, Uijtdebroeks ha demostrado su <strong>val\u00eda como escalador<\/strong> con gran proyecci\u00f3n en las grandes vueltas.<\/p>\n<p>Un escenario id\u00f3neo para el entrenamiento de \u00e9lite<\/p>\n<p class=\"ft-text\">Para esta ampliaci\u00f3n de estancia, Cian y Magdeleine han elegido el <strong>Hotel Suites &amp; Villas by Dunas<\/strong>, un establecimiento especialmente enfocado en ciclismo y en las necesidades de los ciclistas de todos los niveles. Gracias a su respaldo, ambos deportistas disfrutar\u00e1n de todas las condiciones necesarias para continuar su preparaci\u00f3n: buenas infraestructuras, clima favorable y rutas variadas que permiten combinar monta\u00f1a y llano. Esto refuerza la idea de que Gran Canaria no es solo un destino vacacional o recreativo, sino un escenario id\u00f3neo para el entrenamiento de \u00e9lite.<\/p>\n","protected":false},"excerpt":{"rendered":"Los ciclistas Magdeleine Vallieres y Cian Uijtdebroeks han decidido ampliar su estancia en Gran Canaria tras su participaci\u00f3n&hellip;\n","protected":false},"author":2,"featured_media":267920,"comment_status":"","ping_status":"","sticky":false,"template":"","format":"standard","meta":{"footnotes":""},"categories":[273],"tags":[7221,313,2838,312,168,1755,66085,25,24,3956,1897,3643,23,167,16578,17676,64709],"class_list":{"0":"post-267919","1":"post","2":"type-post","3":"status-publish","4":"format-standard","5":"has-post-thumbnail","7":"category-ciclismo","8":"tag-canaria","9":"tag-ciclismo","10":"tag-ciclistas","11":"tag-cycling","12":"tag-deportes","13":"tag-elite","14":"tag-enganchan","15":"tag-es","16":"tag-espana","17":"tag-gran","18":"tag-gran-canaria","19":"tag-isla","20":"tag-spain","21":"tag-sports","22":"tag-talento","23":"tag-uijtdebroeks","24":"tag-vallieres"},"share_on_mastodon":{"url":"https:\/\/pubeurope.com\/@es\/115652214292498330","error":""},"_links":{"self":[{"href":"https:\/\/www.europesays.com\/es\/wp-json\/wp\/v2\/posts\/267919","targetHints":{"allow":["GET"]}}],"collection":[{"href":"https:\/\/www.europesays.com\/es\/wp-json\/wp\/v2\/posts"}],"about":[{"href":"https:\/\/www.europesays.com\/es\/wp-json\/wp\/v2\/types\/post"}],"author":[{"embeddable":true,"href":"https:\/\/www.europesays.com\/es\/wp-json\/wp\/v2\/users\/2"}],"replies":[{"embeddable":true,"href":"https:\/\/www.europesays.com\/es\/wp-json\/wp\/v2\/comments?post=267919"}],"version-history":[{"count":0,"href":"https:\/\/www.europesays.com\/es\/wp-json\/wp\/v2\/posts\/267919\/revisions"}],"wp:featuredmedia":[{"embeddable":true,"href":"https:\/\/www.europesays.com\/es\/wp-json\/wp\/v2\/media\/267920"}],"wp:attachment":[{"href":"https:\/\/www.europesays.com\/es\/wp-json\/wp\/v2\/media?parent=267919"}],"wp:term":[{"taxonomy":"category","embeddable":true,"href":"https:\/\/www.europesays.com\/es\/wp-json\/wp\/v2\/categories?post=267919"},{"taxonomy":"post_tag","embeddable":true,"href":"https:\/\/www.europesays.com\/es\/wp-json\/wp\/v2\/tags?post=267919"}],"curies":[{"name":"wp","href":"https:\/\/api.w.org\/{rel}","templated":true}]}}