{"id":267925,"date":"2025-12-02T22:01:29","date_gmt":"2025-12-02T22:01:29","guid":{"rendered":"https:\/\/www.europesays.com\/es\/267925\/"},"modified":"2025-12-02T22:01:29","modified_gmt":"2025-12-02T22:01:29","slug":"el-abrazo-de-tana-rivera-a-su-tio-cayetano-en-un-momento-dificil-para-el-torero","status":"publish","type":"post","link":"https:\/\/www.europesays.com\/es\/267925\/","title":{"rendered":"El abrazo de Tana Rivera a su t\u00edo Cayetano, en un momento dif\u00edcil para el torero"},"content":{"rendered":"<p>No est\u00e1n siendo momentos f\u00e1ciles para <b>Cayetano Rivera<\/b>. Y es que desde hace un par de meses, el torero no hace m\u00e1s que acaparar titulares: primero, por <b>un supuesto enfrentamiento con la polic\u00eda en Madrid<\/b>, y despu\u00e9s, por el <b><a title=\"accidente de tr\u00e1fico que sufri\u00f3 a principios del mes de noviembre\" href=\"https:\/\/www.antena3.com\/novamas\/gente\/cayetano-rivera-sufre-accidente-coche-estrella-palmera_202511106911d3f35442607f2ff68d38.html\" target=\"_blank\" rel=\"nofollow noopener\">accidente de tr\u00e1fico que sufri\u00f3 a principios del mes de noviembre<\/a><\/b> en una rotonda cercana a la urbanizaci\u00f3n donde reside en Sevilla.<\/p>\n<p><img loading=\"lazy\" decoding=\"async\" title=\"Cayetano Rivera en Sevilla\" alt=\"Cayetano Rivera en Sevilla\" width=\"480\" height=\"270\" src=\"https:\/\/www.europesays.com\/es\/wp-content\/uploads\/2025\/12\/cayetano-rivera-sevilla_70.jpg\"\/> Cayetano Rivera en Sevilla | Europa Press <\/p>\n<p>Es una etapa complicada para el exmarido de Eva Gonz\u00e1lez, en la que cuenta con el apoyo de su familia. Despu\u00e9s de <b>meses de distanciamiento con su hermano Fran Rivera<\/b>, los hechos ocurridos han hecho que los <b><a title=\"hijos de Carmina Ord\u00f3\u00f1ez\" href=\"https:\/\/www.antena3.com\/novamas\/gente\/cumplen-21-anos-muerte-carmina-ordonez-repasamos-grandes-amores-vida_202507236880a600abb2960d1fb21df9.html\" target=\"_blank\" rel=\"nofollow noopener\">hijos de Carmina Ord\u00f3\u00f1ez<\/a><\/b> dejen a un lado los problemas y tensiones que hab\u00eda entre ellos y que, en este momento, <b><a title=\"est\u00e9n m\u00e1s unidos que nunca\" href=\"https:\/\/www.antena3.com\/novamas\/gente\/gestos-carino-fran-rivera-hermano-cayetano-que-demuestran-cerca-que-vuelve-estar-uno-otro_20251120691edbd1360d0840bcec6edc.html\" target=\"_blank\" rel=\"nofollow noopener\">est\u00e9n m\u00e1s unidos que nunca<\/a><\/b>.<\/p>\n<p>As\u00ed lo volvieron a reflejar el pasado viernes, cuando Cayetano, a pesar de todo <b><a title=\"el revuelo que se genera cada vez que le graban las c\u00e1maras\" href=\"https:\/\/www.antena3.com\/novamas\/gente\/estrategia-cayetano-rivera-evitar-prensa-bautizo-sobrino-nicolas-hijo-hermano-fran_202511286929a1f955584d48fb618335.html\" target=\"_blank\" rel=\"nofollow noopener\">el revuelo que se genera cada vez que le graban las c\u00e1maras<\/a><\/b>, acudi\u00f3 al bautizo de su sobrino Nicol\u00e1s, el tercer hijo en com\u00fan de su hermano Fran y Lourdes Montes. Una celebraci\u00f3n en la que tambi\u00e9n se encontraba <b><a title=\"la hermana mayor del peque\u00f1o, Tana Rivera\" href=\"https:\/\/www.antena3.com\/novamas\/gente\/tana-rivera-bautizo-hermano-nicolas-evita-confirmar-cierto-que-esta-nuevo-enamorada_2025112869299a5e6e5e5012dcd23fee.html\" target=\"_blank\" rel=\"nofollow noopener\">la hermana mayor del peque\u00f1o, Tana Rivera<\/a><\/b>, fruto del <b><a title=\"primer matrimonio de Fran Rivera con Eugenia Mart\u00ednez de Irujo\" href=\"https:\/\/www.antena3.com\/novamas\/gente\/boda-eugenia-martinez-irujo-fran-rivera-asi-fue-enlace-mas-mediatico-90_2025102368f8e7945ddd5447a1bf249e.html\" target=\"_blank\" rel=\"nofollow noopener\">primer matrimonio de Fran Rivera con Eugenia Mart\u00ednez de Irujo<\/a><\/b>.<\/p>\n<p><img loading=\"lazy\" decoding=\"async\" title=\"Bautizo de Nicol\u00e1s, el tercer hijo en com\u00fan de Fran Rivera y Lourdes Montes\" alt=\"Bautizo de Nicol\u00e1s, el tercer hijo en com\u00fan de Fran Rivera y Lourdes Montes\" width=\"360\" height=\"640\" src=\"https:\/\/www.europesays.com\/es\/wp-content\/uploads\/2025\/12\/bautizo-nicolas-tercer-hijo-comun-fran-rivera-lourdes-montes_68.jpg\"\/> Bautizo de Nicol\u00e1s, el tercer hijo en com\u00fan de Fran Rivera y Lourdes Montes | Gtres <\/p>\n<p>All\u00ed, t\u00edo y sobrina demostraron lo cercana que es su relaci\u00f3n, protagonizando <b>un abrazo ante las c\u00e1maras a la salida de la iglesia<\/b>. En el v\u00eddeo de arriba te mostramos las im\u00e1genes.<\/p>\n<p>   <img decoding=\"async\" title=\"Juan Ortega\" alt=\"Juan Ortega\" width=\"480\" height=\"270\" src=\"https:\/\/www.europesays.com\/es\/wp-content\/uploads\/2025\/12\/juan-ortega_70.jpg\" loading=\"lazy\" class=\"lazy\"\/><\/p>\n","protected":false},"excerpt":{"rendered":"No est\u00e1n siendo momentos f\u00e1ciles para Cayetano Rivera. Y es que desde hace un par de meses, el&hellip;\n","protected":false},"author":2,"featured_media":267926,"comment_status":"","ping_status":"","sticky":false,"template":"","format":"standard","meta":{"footnotes":""},"categories":[174],"tags":[255,146,147,25,24,256,23],"class_list":{"0":"post-267925","1":"post","2":"type-post","3":"status-publish","4":"format-standard","5":"has-post-thumbnail","7":"category-famosos","8":"tag-celebrities","9":"tag-entertainment","10":"tag-entretenimiento","11":"tag-es","12":"tag-espana","13":"tag-famosos","14":"tag-spain"},"share_on_mastodon":{"url":"https:\/\/pubeurope.com\/@es\/115652230581016878","error":""},"_links":{"self":[{"href":"https:\/\/www.europesays.com\/es\/wp-json\/wp\/v2\/posts\/267925","targetHints":{"allow":["GET"]}}],"collection":[{"href":"https:\/\/www.europesays.com\/es\/wp-json\/wp\/v2\/posts"}],"about":[{"href":"https:\/\/www.europesays.com\/es\/wp-json\/wp\/v2\/types\/post"}],"author":[{"embeddable":true,"href":"https:\/\/www.europesays.com\/es\/wp-json\/wp\/v2\/users\/2"}],"replies":[{"embeddable":true,"href":"https:\/\/www.europesays.com\/es\/wp-json\/wp\/v2\/comments?post=267925"}],"version-history":[{"count":0,"href":"https:\/\/www.europesays.com\/es\/wp-json\/wp\/v2\/posts\/267925\/revisions"}],"wp:featuredmedia":[{"embeddable":true,"href":"https:\/\/www.europesays.com\/es\/wp-json\/wp\/v2\/media\/267926"}],"wp:attachment":[{"href":"https:\/\/www.europesays.com\/es\/wp-json\/wp\/v2\/media?parent=267925"}],"wp:term":[{"taxonomy":"category","embeddable":true,"href":"https:\/\/www.europesays.com\/es\/wp-json\/wp\/v2\/categories?post=267925"},{"taxonomy":"post_tag","embeddable":true,"href":"https:\/\/www.europesays.com\/es\/wp-json\/wp\/v2\/tags?post=267925"}],"curies":[{"name":"wp","href":"https:\/\/api.w.org\/{rel}","templated":true}]}}