{"id":267929,"date":"2025-12-02T22:04:18","date_gmt":"2025-12-02T22:04:18","guid":{"rendered":"https:\/\/www.europesays.com\/es\/267929\/"},"modified":"2025-12-02T22:04:18","modified_gmt":"2025-12-02T22:04:18","slug":"he-visto-todas-las-series-turcas-y-me-he-dado-cuenta-de-que-esta-de-can-yaman-es-la-mas-divertida","status":"publish","type":"post","link":"https:\/\/www.europesays.com\/es\/267929\/","title":{"rendered":"He visto todas las series turcas y me he dado cuenta de que esta de Can Yaman es la m\u00e1s divertida"},"content":{"rendered":"<p data-journey-content=\"true\" data-node-id=\"3\" class=\"css-6wxqfj emevuu60\">La telenovela turca &#8216;<a href=\"https:\/\/www.diezminutos.es\/telenovela\/turcas\/a62637989\/serie-turca-can-yaman-demet-ozdemir-pajaro-sonador-capitulos-una-nueva-vida\/\" target=\"_blank\" data-vars-ga-outbound-link=\"https:\/\/www.diezminutos.es\/telenovela\/turcas\/a62637989\/serie-turca-can-yaman-demet-ozdemir-pajaro-sonador-capitulos-una-nueva-vida\/\" data-vars-ga-ux-element=\"Hyperlink\" data-vars-ga-call-to-action=\"P\u00e1jaro so\u00f1ador\" data-node-id=\"3.1\" class=\"body-link css-177bzfx emevuu60\" rel=\"nofollow noopener\">P\u00e1jaro so\u00f1ador<\/a>&#8216; (&#8216;Erkenci Ku\u015f&#8217; en su t\u00edtulo original) se ha convertido en un fen\u00f3meno internacional y, sin duda, en una de las propuestas m\u00e1s divertidas del g\u00e9nero. Tras haber explorado decenas de producciones turcas, esta destaca por su frescura, su<strong data-node-id=\"3.3\"> tono ligero y la qu\u00edmica arrolladora de sus protagonistas<\/strong>: Can Yaman y Demet \u00d6zdemir.<\/p>\n<p data-journey-content=\"true\" data-node-id=\"6\" class=\"css-6wxqfj emevuu60\">La historia gira en torno a Sanem, una joven so\u00f1adora que aspira a convertirse en escritora, y Can (<a href=\"https:\/\/www.diezminutos.es\/telenovela\/turcas\/a69366319\/series-can-yaman-recomendacion-pajaro-sonador\/\" target=\"_blank\" data-vars-ga-outbound-link=\"https:\/\/www.diezminutos.es\/telenovela\/turcas\/a69366319\/series-can-yaman-recomendacion-pajaro-sonador\/\" data-vars-ga-ux-element=\"Hyperlink\" data-vars-ga-call-to-action=\"Can Yaman\" data-node-id=\"6.1\" class=\"body-link css-177bzfx emevuu60\" rel=\"nofollow noopener\">Can Yaman<\/a>), un fot\u00f3grafo aventurero que regresa a Estambul para hacerse cargo de la empresa familiar. Lo que comienza como un encuentro fortuito se transforma en un romance lleno de enredos, malentendidos y situaciones c\u00f3micas que mantienen al espectador atrapado episodio tras episodio. La serie logra equilibrar el humor con la emoci\u00f3n rom\u00e1ntica, <strong data-node-id=\"6.3\">ofreciendo un relato que se siente cercano y optimista<\/strong>.<\/p>\n<p><img draggable=\"true\" alt=\"p\u00e1jaro so\u00f1ador\" title=\"P\u00e1jaro so\u00f1ador\" loading=\"lazy\" width=\"1200\" height=\"800\" decoding=\"async\" data-nimg=\"1\" style=\"color:transparent;width:100%;height:auto;\"   src=\"https:\/\/www.europesays.com\/es\/wp-content\/uploads\/2025\/12\/mv5bnwrkmze2mmitzje4ns00zwfmlwfjnjatymy2ztnizgqxntfhxkeyxkfqcgcat-v1-692ea3d410a04.jpg\" class=\"css-0 e1g79fud0\"\/><\/p>\n<p>Add Productora<\/p>\n<p data-journey-content=\"true\" data-node-id=\"9\" class=\"css-6wxqfj emevuu60\">Uno de los grandes aciertos de &#8216;P\u00e1jaro so\u00f1ador&#8217; es su capacidad para renovar el g\u00e9nero de la comedia rom\u00e1ntica dentro del universo de las telenovelas turcas. La narrativa evita el exceso de dramatismo y apuesta por un ritmo \u00e1gil, di\u00e1logos chispeantes y personajes secundarios que aportan color y dinamismo. Adem\u00e1s, la qu\u00edmica entre <a href=\"https:\/\/www.diezminutos.es\/telenovela\/turcas\/a69424221\/can-yaman-serie-espanola-reparto-el-laberinto-de-la-mariposas\/\" target=\"_blank\" data-vars-ga-outbound-link=\"https:\/\/www.diezminutos.es\/telenovela\/turcas\/a69424221\/can-yaman-serie-espanola-reparto-el-laberinto-de-la-mariposas\/\" data-vars-ga-ux-element=\"Hyperlink\" data-vars-ga-call-to-action=\"Can Yaman\" data-node-id=\"9.1\" class=\"body-link css-177bzfx emevuu60\" rel=\"nofollow noopener\">Can Yaman<\/a> y \u00d6zdemir trasciende la pantalla, convirti\u00e9ndose en el motor de la historia y en el principal atractivo para millones de seguidores en todo el mundo. En definitiva, <strong data-node-id=\"9.3\">&#8216;P\u00e1jaro so\u00f1ador&#8217; es una serie que invita a sonre\u00edr<\/strong>, a dejarse llevar por la ilusi\u00f3n del primer amor y a disfrutar de una comedia rom\u00e1ntica que, sin perder la esencia turca, se abre al p\u00fablico global con encanto y frescura.<\/p>\n<p>Conoce la historia de &#8216;P\u00e1jaro so\u00f1ador&#8217;<img draggable=\"true\" alt=\"demet \u00f6zdemir y can yaman p\u00e1jaro so\u00f1ador\" title=\"Demet \u00f6zdemir y Can Yaman p\u00e1jaro so\u00f1ador\" loading=\"lazy\" width=\"800\" height=\"534\" decoding=\"async\" data-nimg=\"1\" style=\"color:transparent;width:100%;height:auto;\"   src=\"https:\/\/www.europesays.com\/es\/wp-content\/uploads\/2025\/12\/demet-ozdemir-y-can-yaman-erkenci-kus-1555522188.jpg\" class=\"css-0 e1g79fud0\"\/><\/p>\n<p>Productora<\/p>\n<p data-journey-content=\"true\" data-node-id=\"15\" class=\"css-6wxqfj emevuu60\">La historia gira en torno a Sanem Ayd\u0131n (<a href=\"https:\/\/www.diezminutos.es\/telenovela\/turcas\/a69483465\/demet-ozdemir-pajaro-sonador-con-can-yaman-actriz-turca-mejor-pagada-mundo\/\" target=\"_blank\" data-vars-ga-outbound-link=\"https:\/\/www.diezminutos.es\/telenovela\/turcas\/a69483465\/demet-ozdemir-pajaro-sonador-con-can-yaman-actriz-turca-mejor-pagada-mundo\/\" data-vars-ga-ux-element=\"Hyperlink\" data-vars-ga-call-to-action=\"Demet \u00d6zdemir\" data-node-id=\"15.1\" class=\"body-link css-177bzfx emevuu60\" rel=\"nofollow noopener\">Demet \u00d6zdemir<\/a>), una joven de un barrio humilde de Estambul que sue\u00f1a con ser escritora. Cuando su familia le hace creer que la entregar\u00e1n en matrimonio a su vecino Muzaffer si no encuentra empleo estable, comienza a trabajar en una importante agencia de publicidad llamada Fikri Harika gracias a su hermana Leyla, que es la secretaria de Emre Divit, hijo del due\u00f1o.<\/p>\n<p data-journey-content=\"true\" data-node-id=\"17\" class=\"css-6wxqfj emevuu60\">Por otro lado, Can Divit, el hermano mayor de Emre, es un fot\u00f3grafo de esp\u00edritu libre y fama mundial que regresa para la fiesta de aniversario de la empresa. All\u00ed, le revelan que su padre tiene una grave enfermedad, <strong data-node-id=\"17.1\">su padre le encarga que dirija la empresa<\/strong> y que encuentre al topo que est\u00e1 ayudando a su competidora Aylin. Can no tiene m\u00e1s remedio que aceptar, despertando la envidia de Emre, el verdadero topo de la empresa, adem\u00e1s de amante y socio secreto de Aylin. Durante la fiesta de aniversario en una \u00f3pera, Sanem entra accidentalmente en el palco que se encuentra a oscuras asignado a Can, quien la besa apasionadamente en la oscuridad al confundirla con su novia Polen. Tras marcharse, <strong data-node-id=\"17.3\">Sanem se da cuenta de que se ha enamorado perdidamente<\/strong> de aquel desconocido y, poni\u00e9ndole el nombre en clave de Albatros, decide descubrir su identidad.<\/p>\n<p><img src=\"https:\/\/www.europesays.com\/es\/wp-content\/uploads\/2025\/12\/43af9b8f-983e-4e74-8e74-9a7479b0966b_1681831601.file\" alt=\"Headshot of Pilar Mart\u00ednez\" title=\"Headshot of Pilar Mart\u00ednez\" width=\"100%\" height=\"100%\" decoding=\"async\" loading=\"lazy\" class=\"css-o0wq4v ev8dhu53\"\/><\/p>\n<p>Pilar Mart\u00ednez es periodista especializada en contenidos de televisi\u00f3n y cultura, se gradu\u00f3 en la carrera en Periodismo en la Facultad de Ciencias de la Informaci\u00f3n (Universidad Complutense de Madrid) en el a\u00f1o 2018. Desde entonces ha pasado por las redacciones de Ecoteuve (El Economista), donde realiz\u00f3 sus primeras pr\u00e1cticas durante el verano del 2016.<\/p>\n<p>Posteriormente, concretamente, en el a\u00f1o 2017 se pas\u00f3 al grupo Hearst Espa\u00f1a, donde comenz\u00f3 su andadura en las revistas de televisi\u00f3n: Supertele, Teleprograma, Telenovela. Ahora colabora con Diez Minutos, en su versi\u00f3n web, donde se encarga de realizar los avances semanales de las ficciones diarias de moda, as\u00ed como entrevistas y art\u00edculos sobre los melodramas o telenovelas que aterrizan en nuestro pa\u00eds y aquellos que est\u00e1n por venir.<\/p>\n<p>Toda una cazadora de exclusivas. A esto, se suma su puesto como redactora jefe de la secci\u00f3n de novela narrativa en la revista Culturamas, medio digital de alto impacto al que lleva unida desde el a\u00f1o 2013. \u00c1vida lectora, cin\u00e9fila y seri\u00e9fila de primer nivel, ha hecho de su vocaci\u00f3n su oficio. \u00a0<\/p>\n","protected":false},"excerpt":{"rendered":"La telenovela turca &#8216;P\u00e1jaro so\u00f1ador&#8216; (&#8216;Erkenci Ku\u015f&#8217; en su t\u00edtulo original) se ha convertido en un fen\u00f3meno internacional&hellip;\n","protected":false},"author":2,"featured_media":267930,"comment_status":"","ping_status":"","sticky":false,"template":"","format":"standard","meta":{"footnotes":""},"categories":[171],"tags":[253,146,147,25,24,23,214],"class_list":{"0":"post-267929","1":"post","2":"type-post","3":"status-publish","4":"format-standard","5":"has-post-thumbnail","7":"category-tv","8":"tag-discover","9":"tag-entertainment","10":"tag-entretenimiento","11":"tag-es","12":"tag-espana","13":"tag-spain","14":"tag-tv"},"share_on_mastodon":{"url":"https:\/\/pubeurope.com\/@es\/115652242386153821","error":""},"_links":{"self":[{"href":"https:\/\/www.europesays.com\/es\/wp-json\/wp\/v2\/posts\/267929","targetHints":{"allow":["GET"]}}],"collection":[{"href":"https:\/\/www.europesays.com\/es\/wp-json\/wp\/v2\/posts"}],"about":[{"href":"https:\/\/www.europesays.com\/es\/wp-json\/wp\/v2\/types\/post"}],"author":[{"embeddable":true,"href":"https:\/\/www.europesays.com\/es\/wp-json\/wp\/v2\/users\/2"}],"replies":[{"embeddable":true,"href":"https:\/\/www.europesays.com\/es\/wp-json\/wp\/v2\/comments?post=267929"}],"version-history":[{"count":0,"href":"https:\/\/www.europesays.com\/es\/wp-json\/wp\/v2\/posts\/267929\/revisions"}],"wp:featuredmedia":[{"embeddable":true,"href":"https:\/\/www.europesays.com\/es\/wp-json\/wp\/v2\/media\/267930"}],"wp:attachment":[{"href":"https:\/\/www.europesays.com\/es\/wp-json\/wp\/v2\/media?parent=267929"}],"wp:term":[{"taxonomy":"category","embeddable":true,"href":"https:\/\/www.europesays.com\/es\/wp-json\/wp\/v2\/categories?post=267929"},{"taxonomy":"post_tag","embeddable":true,"href":"https:\/\/www.europesays.com\/es\/wp-json\/wp\/v2\/tags?post=267929"}],"curies":[{"name":"wp","href":"https:\/\/api.w.org\/{rel}","templated":true}]}}