{"id":267946,"date":"2025-12-02T22:13:09","date_gmt":"2025-12-02T22:13:09","guid":{"rendered":"https:\/\/www.europesays.com\/es\/267946\/"},"modified":"2025-12-02T22:13:09","modified_gmt":"2025-12-02T22:13:09","slug":"tertulia-el-desconocimiento-de-sanchez-frente-a-abalos-las-indirectas-a-junts-y-las-reacciones-politicas-02-12-2025-tertulia-de-la-brujula-la-brujula","status":"publish","type":"post","link":"https:\/\/www.europesays.com\/es\/267946\/","title":{"rendered":"Tertulia: El desconocimiento de S\u00e1nchez frente a \u00c1balos, las indirectas a Junts y las reacciones pol\u00edticas (02\/12\/2025) &#8211; Tertulia de La Br\u00fajula &#8211; La br\u00fajula"},"content":{"rendered":"<p class=\"article-preTitle\"> 01H 10 MIN<\/p>\n<p><img loading=\"lazy\" decoding=\"async\" title=\"Imagen de archivo del presidente del Gobierno, Pedro S\u00e1nchez, junto al ministro de Fomento, Jos\u00e9 Luis \u00c1balos, en una sesi\u00f3n de control al Gobierno en el Congreso\" alt=\"Imagen de archivo del presidente del Gobierno, Pedro S\u00e1nchez, junto al ministro de Fomento, Jos\u00e9 Luis \u00c1balos, en una sesi\u00f3n de control al Gobierno en el Congreso\" width=\"480\" height=\"270\" src=\"https:\/\/www.europesays.com\/es\/wp-content\/uploads\/2025\/12\/imagen-archivo-presidente-gobierno-pedro-sanchez-junto-ministro-fomento-jose-luis-abalos-sesion-cont.webp\"\/> Tertulia: El desconocimiento de S\u00e1nchez frente a \u00c1balos, las indirectas a Junts y las reacciones pol\u00edticas (02\/12\/2025) <\/p>\n<p class=\"description\"><a href=\"https:\/\/www.ondacero.es\/podcast\/programas\/la-brujula\/tertulia\/tertulia-desconocimiento-sanchez-frente-abalos-indirectas-junts-reacciones-politicas-02122025_20251202692f5aedf22ab0e4b53e87ef.html\" class=\"link link--description\" title=\"Ir al detalle de audio\" rel=\"nofollow noopener\" target=\"_blank\">LA BR\u00daJULA<\/a><\/p>\n<p>Tertulia: El desconocimiento de S\u00e1nchez frente a \u00c1balos, las indirectas a Junts y las reacciones pol\u00edticas (02\/12\/2025)<\/p>\n<p class=\"article-subtitle\">Pilar G\u00f3mez, Leyre Iglesias, Toni Bola\u00f1o, Jos\u00e9 Ignacio Wert y Rafa Latorre repasan la actualidad pol\u00edtica del d\u00eda.<\/p>\n","protected":false},"excerpt":{"rendered":"01H 10 MIN Tertulia: El desconocimiento de S\u00e1nchez frente a \u00c1balos, las indirectas a Junts y las reacciones&hellip;\n","protected":false},"author":2,"featured_media":267947,"comment_status":"","ping_status":"","sticky":false,"template":"","format":"standard","meta":{"footnotes":""},"categories":[8],"tags":[17,18,25,24,13,14,11,19,20,9,10,15,16,23,12,21,22],"class_list":{"0":"post-267946","1":"post","2":"type-post","3":"status-publish","4":"format-standard","5":"has-post-thumbnail","7":"category-espana","8":"tag-breaking-news","9":"tag-breakingnews","10":"tag-es","11":"tag-espana","12":"tag-featured-news","13":"tag-featurednews","14":"tag-headlines","15":"tag-latest-news","16":"tag-latestnews","17":"tag-news","18":"tag-noticias","19":"tag-noticias-destacadas","20":"tag-noticiasdestacadas","21":"tag-spain","22":"tag-titulares","23":"tag-ultimas-noticias","24":"tag-ultimasnoticias"},"share_on_mastodon":{"url":"https:\/\/pubeurope.com\/@es\/115652277819696305","error":""},"_links":{"self":[{"href":"https:\/\/www.europesays.com\/es\/wp-json\/wp\/v2\/posts\/267946","targetHints":{"allow":["GET"]}}],"collection":[{"href":"https:\/\/www.europesays.com\/es\/wp-json\/wp\/v2\/posts"}],"about":[{"href":"https:\/\/www.europesays.com\/es\/wp-json\/wp\/v2\/types\/post"}],"author":[{"embeddable":true,"href":"https:\/\/www.europesays.com\/es\/wp-json\/wp\/v2\/users\/2"}],"replies":[{"embeddable":true,"href":"https:\/\/www.europesays.com\/es\/wp-json\/wp\/v2\/comments?post=267946"}],"version-history":[{"count":0,"href":"https:\/\/www.europesays.com\/es\/wp-json\/wp\/v2\/posts\/267946\/revisions"}],"wp:featuredmedia":[{"embeddable":true,"href":"https:\/\/www.europesays.com\/es\/wp-json\/wp\/v2\/media\/267947"}],"wp:attachment":[{"href":"https:\/\/www.europesays.com\/es\/wp-json\/wp\/v2\/media?parent=267946"}],"wp:term":[{"taxonomy":"category","embeddable":true,"href":"https:\/\/www.europesays.com\/es\/wp-json\/wp\/v2\/categories?post=267946"},{"taxonomy":"post_tag","embeddable":true,"href":"https:\/\/www.europesays.com\/es\/wp-json\/wp\/v2\/tags?post=267946"}],"curies":[{"name":"wp","href":"https:\/\/api.w.org\/{rel}","templated":true}]}}