{"id":267958,"date":"2025-12-02T22:24:19","date_gmt":"2025-12-02T22:24:19","guid":{"rendered":"https:\/\/www.europesays.com\/es\/267958\/"},"modified":"2025-12-02T22:24:19","modified_gmt":"2025-12-02T22:24:19","slug":"no-le-vais-a-ver-el-se-dedica-a-otras-cosas-y-a-mi-me-da-igual-si-se-dedica-a-amaestrar-ratones-que-le-voy-a-apoyar-en-todo-lo-que-quiera","status":"publish","type":"post","link":"https:\/\/www.europesays.com\/es\/267958\/","title":{"rendered":"No le vais a ver. \u00c9l se dedica a otras cosas y a m\u00ed me da igual si se dedica a amaestrar ratones que le voy a apoyar en todo lo que quiera"},"content":{"rendered":"<p>Rara vez se ha visto a <strong>Antonio Orozco<\/strong> (53 a\u00f1os) sin una sonrisa en la cara. Su historia ha estado marcada por la p\u00e9rdida y la superaci\u00f3n. En su vida ha vivido grandes amores, pero tambi\u00e9n ha afrontado grandes tragedias. El cantante celebra sus 25 a\u00f1os de carrera mostrando <a href=\"https:\/\/www.lecturas.com\/actualidad\/antonio-orozco-cumple-52-anos-vida-marcada-por-amor-perdida-superacion_184638\" target=\"_self\" rel=\"nofollow noopener\">una versi\u00f3n m\u00e1s \u00edntima de s\u00ed mismo<\/a> en el libro &#8216;Inevitablemente yo&#8217;,\u00a0una confesi\u00f3n \u00edntima sobre\u00a0salud mental, \u00e9xito y reconstrucci\u00f3n personal.<\/p>\n<p>Para presentarlo, acude a &#8216;Late Xou de Marc Gir\u00f3&#8217;. El programa adelanta que durante la entrevista tambi\u00e9n desvela sus\u00a0peculiares rituales durante los conciertos (que <a href=\"https:\/\/www.lecturas.com\/actualidad\/antonio-orozco-y-su-extrana-supersticion-calcetines-rayas-si-no-tengo-me-pinto-rotulador_182100\" target=\"_self\" rel=\"nofollow noopener\">tienen que ver con los calcetines de rayas<\/a>), sus problemas con la voz y su pasi\u00f3n por la navegaci\u00f3n.\u00a0Supersticiones aparte, la familia de Antonio Orozco ha sido siempre su motor.\u00a0<\/p>\n<p><img loading=\"lazy\" decoding=\"async\"   src=\"https:\/\/www.europesays.com\/es\/wp-content\/uploads\/2025\/12\/antonio-orozco_598093ea_251202121507_1200x800.webp.webp\" alt=\"Antonio Orozco \" class=\"lazyload\" width=\"1200\" height=\"800\" data-aspectratio=\"1200\/800\"\/><\/p>\n<p>Antonio Orozco acude a &#8216;Late Xou con Marc Gir\u00f3&#8217; para presentar\u00a0el libro &#8216;Inevitablemente yo&#8217;, una confesi\u00f3n \u00edntima sobre salud mental, \u00e9xito y reconstrucci\u00f3n personal<\/p>\n<p>&#13;RTVE<\/p>\n<p>Perdi\u00f3 a su padre cuando apenas ten\u00eda 21 a\u00f1os. Muri\u00f3 la noche de San Juan a causa de un accidente laboral. Tras esto, se\u00a0convirti\u00f3 en la figura paterna de sus dos hermanos peque\u00f1os, Marcos y Jes\u00fas. \u00abNo hay verbena de San Juan que no me acuerde\u00bb, desvel\u00f3 en &#8216;La Matem\u00e1tica del Espejo&#8217;.\u00a0<\/p>\n<p>Su padre no pudo ver su trayectoria como cantante, pero s\u00ed fue el primer responsable de su pasi\u00f3n por la m\u00fasica.\u00a0Su madre, Carmen Ferr\u00f3n, y sus hermanos se convirtieron en su base emocional. Le sostuvieron en los momentos m\u00e1s complicados. <strong>Le ayudaron a criar a su hijo Jan<\/strong> tras la p\u00e9rdida de su madre, Susana Prat, cuando este solo era un ni\u00f1o. Aunque ya no eran pareja, segu\u00edan muy unidos. \u00abLa persona m\u00e1s importante de mi vida se march\u00f3\u00bb, confes\u00f3 Orozco tras la muerte de Susana a causa de un\u00a0c\u00e1ncer de \u00fatero.<\/p>\n<p><img loading=\"lazy\" decoding=\"async\"   src=\"https:\/\/www.europesays.com\/es\/wp-content\/uploads\/2025\/12\/antonio-orozco_137ccd65_251202121539_1200x800.webp.webp\" alt=\"Antonio Orozco \" class=\"lazyload\" width=\"1200\" height=\"800\" data-aspectratio=\"1200\/800\"\/><\/p>\n<p>Antonio Orozco se ha posicionado como uno de los cantantes m\u00e1s medi\u00e1ticos de la industria espa\u00f1ola<\/p>\n<p>&#13;Gtres<br \/>\n<img loading=\"lazy\" decoding=\"async\"   src=\"https:\/\/www.europesays.com\/es\/wp-content\/uploads\/2025\/12\/antonio-orozco_3bb6da8b_251202121622_1200x800.webp.webp\" alt=\"Antonio Orozco \" class=\"lazyload\" width=\"1200\" height=\"800\" data-aspectratio=\"1200\/800\"\/><\/p>\n<p>Adem\u00e1s de la m\u00fasica, es habitual ver a Antonio Orozco en programas de m\u00e1xima audiencia como &#8216;El Hormiguero&#8217; o &#8216;La Voz&#8217;, donde ejerce de coach<\/p>\n<p>&#13;Gtres<br \/>\nApoyo incondicional<\/p>\n<p>El tiempo ha pasado y Jan ya es mayor de edad. Ha seguido los pasos de su padre en lo musical, pero en su caso se ha centrado en ser productor y deejay. Antonio Orozco se siente muy orgulloso de ese peque\u00f1o al que educ\u00f3 \u00abpor videollamada\u00bb. \u00abEst\u00e1 trabajando en los mejores clubs del mundo\u00bb, apunt\u00f3 a Divinity en los Premios Dial Tenerife 2025.\u00a0<\/p>\n<p>Jan se ha formado mucho. \u00abYa me gustar\u00eda\u00a0saber la mitad de lo que sabe \u00e9l\u00bb, a\u00f1ad\u00eda. Lo cierto es que el joven prefiere mantenerse al margen. \u00ab\u00c9l es productor. No le gusta nada esto, no le vais a ver\u2026 Porque \u00e9l se dedica a otras cosas y a m\u00ed me da igual si se dedica a amaestrar ratones que <strong>le voy a apoyar en todo lo que quiera<\/strong>\u00ab, asegur\u00f3.<\/p>\n<p>Hace apenas unos d\u00edas, el pasado 28 de noviembre,\u00a0<strong>compartieron escenario en el Palau Sant Jordi<\/strong>. El cantante hab\u00eda colgado el cartel de &#8216;sold out&#8217; para celebrar sus 25 a\u00f1os en la m\u00fasica.\u00a0No solo present\u00f3 su nuevo espect\u00e1culo, tambi\u00e9n comparti\u00f3 una emotiva estampa junto a su hijo mayor mientras interpretaba su canci\u00f3n &#8216;Entre sobras y sobras me faltas&#8217;.\u00a0<\/p>\n<p>Antonio Orozco ha dejado claro en repetidas ocasiones que admira mucho a su hijo Jan. \u00abSabe mucho. Est\u00e1 muy preparado, es mucho m\u00e1s responsable que yo, ha estudiado mucho m\u00e1s que yo y si no quieres saber la verdad, no le preguntas. Entonces es f\u00e1cil, yo no le pregunto nunca porque <strong>cualquier opini\u00f3n de \u00e9l puede doler<\/strong>\u00ab, confes\u00f3 al citado medio. Es pianista, guitarrista, baterista y apasionado de la m\u00fasica electr\u00f3nica.<\/p>\n<p>El joven ha decidido recorrer un camino diferente al de su padre. Se ha posicionado como una promesa\u00a0del techno y el tech-house nacional. Su tema &#8216;TEC&#8217; tiene m\u00e1s de 1 mill\u00f3n de escuchas en Spotify. Adem\u00e1s, seg\u00fan se\u00f1ala Infobae, ha creado\u00a0su propio proyecto empresarial: <strong>The Penthouse Records<\/strong>. Se trata de un sello con el que quiere impulsar su m\u00fasica y la de otros j\u00f3venes creadores.<\/p>\n<p>Antonella, la ni\u00f1a de sus ojos<\/p>\n<p>En 2021 lleg\u00f3 la peque\u00f1a Antonella, hija del cantante con su actual pareja. Su nacimiento fue un renacer emocional para Antonio Orozco: \u201cAhora es toda la inspiraci\u00f3n\u201d. Poco se sabe de la peque\u00f1a y de su madre,\u00a0quien <a href=\"https:\/\/www.lecturas.com\/actualidad\/antonio-orozco-cumple-52-anos-vida-marcada-por-amor-perdida-superacion_184638\" target=\"_self\" rel=\"nofollow noopener\">ha preferido mantenerse en el anonimato<\/a>: \u00abNo es por m\u00ed. No se trata de m\u00ed. Yo no elijo en la vida de mi pareja, ella elige sola. Es una mujer muy inteligente, por eso he decidido pasar la vida con ella\u00bb.<\/p>\n","protected":false},"excerpt":{"rendered":"Rara vez se ha visto a Antonio Orozco (53 a\u00f1os) sin una sonrisa en la cara. Su historia&hellip;\n","protected":false},"author":2,"featured_media":267959,"comment_status":"","ping_status":"","sticky":false,"template":"","format":"standard","meta":{"footnotes":""},"categories":[174],"tags":[255,146,147,25,24,256,23],"class_list":{"0":"post-267958","1":"post","2":"type-post","3":"status-publish","4":"format-standard","5":"has-post-thumbnail","7":"category-famosos","8":"tag-celebrities","9":"tag-entertainment","10":"tag-entretenimiento","11":"tag-es","12":"tag-espana","13":"tag-famosos","14":"tag-spain"},"share_on_mastodon":{"url":"https:\/\/pubeurope.com\/@es\/115652321144984865","error":""},"_links":{"self":[{"href":"https:\/\/www.europesays.com\/es\/wp-json\/wp\/v2\/posts\/267958","targetHints":{"allow":["GET"]}}],"collection":[{"href":"https:\/\/www.europesays.com\/es\/wp-json\/wp\/v2\/posts"}],"about":[{"href":"https:\/\/www.europesays.com\/es\/wp-json\/wp\/v2\/types\/post"}],"author":[{"embeddable":true,"href":"https:\/\/www.europesays.com\/es\/wp-json\/wp\/v2\/users\/2"}],"replies":[{"embeddable":true,"href":"https:\/\/www.europesays.com\/es\/wp-json\/wp\/v2\/comments?post=267958"}],"version-history":[{"count":0,"href":"https:\/\/www.europesays.com\/es\/wp-json\/wp\/v2\/posts\/267958\/revisions"}],"wp:featuredmedia":[{"embeddable":true,"href":"https:\/\/www.europesays.com\/es\/wp-json\/wp\/v2\/media\/267959"}],"wp:attachment":[{"href":"https:\/\/www.europesays.com\/es\/wp-json\/wp\/v2\/media?parent=267958"}],"wp:term":[{"taxonomy":"category","embeddable":true,"href":"https:\/\/www.europesays.com\/es\/wp-json\/wp\/v2\/categories?post=267958"},{"taxonomy":"post_tag","embeddable":true,"href":"https:\/\/www.europesays.com\/es\/wp-json\/wp\/v2\/tags?post=267958"}],"curies":[{"name":"wp","href":"https:\/\/api.w.org\/{rel}","templated":true}]}}