{"id":267960,"date":"2025-12-02T22:25:35","date_gmt":"2025-12-02T22:25:35","guid":{"rendered":"https:\/\/www.europesays.com\/es\/267960\/"},"modified":"2025-12-02T22:25:35","modified_gmt":"2025-12-02T22:25:35","slug":"estibaliz-martin-interiorista-yo-creo-que-los-colores-de-las-cocinas-de-2026-en-tendencia-van-a-ser-los-calidos-el-mueble","status":"publish","type":"post","link":"https:\/\/www.europesays.com\/es\/267960\/","title":{"rendered":"Est\u00edbaliz Mart\u00edn, interiorista: &quot;Yo creo que los colores de las cocinas de 2026 en tendencia van a ser los c\u00e1lidos&quot; &#8211; El Mueble"},"content":{"rendered":"<ol>\n<li><a href=\"https:\/\/news.google.com\/rss\/articles\/CBMiygFBVV95cUxOcWVSbEpSM2hJVk42ZV9HaDl6ZW16cDg3Y2JSNnBQclhmUlBSSUJWcEkxWXVhS3p5Sy1GV3RhaG5YQlFPTl93WXNnRWNSQUVGRHVhSV8ydTY3djZYMVFvSzZ6MldrQy1zeW42RTk3dnh5MGVFdHU2UUl1RlN3OUNudzFSWXEtd1hUcHVhOVA1d3BmcFIwakQxZ0ZYbTlwbE5TMlczMkltSkJZbG9oTFV6RDk5UHkta0RHbUs3UmJGTHlWMzFrc2luZkZn?oc=5\" target=\"_blank\" rel=\"nofollow noopener\">Est\u00edbaliz Mart\u00edn, interiorista: \u00abYo creo que los colores de las cocinas de 2026 en tendencia van a ser los c\u00e1lidos\u00bb<\/a>&nbsp;&nbsp;El Mueble<\/li>\n<li><a href=\"https:\/\/news.google.com\/rss\/articles\/CBMisgFBVV95cUxPVW9qRDVlZU5CTm81V1VIa2gzVEJSUGhkUHJuR2FRVVQ4Y2p4OVdGMFE3SGN4N28wZnlqcFBZOWpKMjlHM3NheU1CcWRsQ2FZeHpjOGdpeC15NEVPWTZVcHFXclc2a3JYMmhVWUNITDN3NXlCV052ZjFzM2JSMDl1bVFrSjdXcFJVZGlHZ2V1V2ZyTnFJTHd5SV9FSFVmY3EwSi1adEdCOGNQTzFoYWt0M1pR0gG3AUFVX3lxTE5OaVV1LVRUX0RfWThHTkczNHZ5Njh3V3pYRGxOaVBsOFBuaUw5UHJKWlc0THRnQjBpTXZhUTZuUGdYNGo0Q1NCblJPcVZyRDVwZXY5b2IwdkI3M1pMUFZTU1k3dWQ1am1PanVRbV9QeDAxYURBSFB1UnhUNFlxTldqTWlPSXZxcFJqU0FGbThOMUxRX0xsRDZvV20xV3dmZ3BPWHRhejNCTUt4M1VjVF82Q3JndjFuVQ?oc=5\" target=\"_blank\" rel=\"nofollow noopener\">Las islas pierden terreno: la tendencia que redefine las cocinas de 2026<\/a>&nbsp;&nbsp;Directo al Paladar<\/li>\n<li><a href=\"https:\/\/news.google.com\/rss\/articles\/CBMi7AFBVV95cUxQZGtzaVpfUVhyTGhPdTZ1VG01b0xHd3Nsc2VCdkFhUHZLYW95NUVTdjFlbE9RRmJFOWhSMDJjTjdDbk5RNFo4Q3ZiRkx4VDBQQXdtcHFxSnVLU1FVSGFfQlQ2SnV1ajhVU3VYNkhBWW5MWGY3WFA5Q0NIN2lfejdpLXdzcHNCTHFjQkhyTlNiSlpMVXVHZFBVTE5hZkJOeG5TT3ZmQVVsV1o2ZW5PbXg2Tk9FN0ZjcHNuYWJPb1BOVktFT0dUVnJLdUtDcTJVOHBQUDNOZ3NnUkJDNUUzcFJVbVJZTUNKOTZTYmlRMw?oc=5\" target=\"_blank\" rel=\"nofollow noopener\">V\u00edctor Contreras, experto en cocinas: \u00abEn 2026, las cocinas ser\u00e1n de estilo japandi, fusionando el estilo japon\u00e9s y escandinavo\u00bb<\/a>&nbsp;&nbsp;Revista Interiores<\/li>\n<li><a href=\"https:\/\/news.google.com\/rss\/articles\/CBMisAFBVV95cUxOOEJUYUhudXM4S1pHUnhJR0N6bFlLRnV4TTZ3VTZSRGYydm83WjBkZk4zd3dpOEh4MUVZTkhkUnE4ZmlfdTVLbGtYWS1nMU9kdE05N1FkSnRqYlR2NHFsaUVUMUk5N1l5U3NNYjFNemtaaFNfeW5hMzNoWFNDVm9Hb2xiNWFFa2kwNjNZdlQ5YjgybWNMSzdtV1g0NDBMVHREZXVVWnFlYlZ0TXloRTBBRw?oc=5\" target=\"_blank\" rel=\"nofollow noopener\">Los interioristas expertos desvelan las tendencias en decoraci\u00f3n que van a desaparecer en 2026: \u00abLas cocinas blancas totales quedar\u00e1n atr\u00e1s\u00bb<\/a>&nbsp;&nbsp;ELLE Decor<\/li>\n<li><a href=\"https:\/\/news.google.com\/rss\/articles\/CBMiiAJBVV95cUxPMmRPejhqeC02UjZ6d3dFZ1FnaTNYd0c0eW84dGdnOElTRHVVYUIxaG5MZklmSW5CdER2d3NGZTVXRmtfXzBmcnZzTHZnWVdXOXRfZkJBdlVjY0RZUlREQ3FFWTlXQXdCSXg4eTE1Ni01Z3dXUVF4bTk0Q2pkZVhiNVVhQnBhVlNjSXRoNlBFenhiOVZtcUg0WEFIN3gzWmlCR1I4elpJZ240WHZqZDJDVTIwamh3YzRUdGdzci1FdThhYjJIQTEzZUZ6enNYTHhORF9HWms5UDVDSVlxZUhvd0JodzJsSFBYSXhZdFFabzFiTTJGSXJwODJCV0F3VUtIVjdhMWJKQW8?oc=5\" target=\"_blank\" rel=\"nofollow noopener\">Pedro Ba\u00f1os, CEO de Cocinas RIO: \u00abLa vuelta de las vitrinas en 2026 son una forma de humanizar la cocina y de mostrar lo que somos\u00bb<\/a>&nbsp;&nbsp;Arquitectura y Dise\u00f1o<\/li>\n<\/ol>\n","protected":false},"excerpt":{"rendered":"Est\u00edbaliz Mart\u00edn, interiorista: \u00abYo creo que los colores de las cocinas de 2026 en tendencia van a ser&hellip;\n","protected":false},"author":2,"featured_media":267961,"comment_status":"","ping_status":"","sticky":false,"template":"","format":"standard","meta":{"footnotes":""},"categories":[173],"tags":[229,233,231,230,232,234,146,147,25,24,23],"class_list":{"0":"post-267960","1":"post","2":"type-post","3":"status-publish","4":"format-standard","5":"has-post-thumbnail","7":"category-arte-y-diseno","8":"tag-arte","9":"tag-arte-y-diseno","10":"tag-arts","11":"tag-arts-and-design","12":"tag-design","13":"tag-diseno","14":"tag-entertainment","15":"tag-entretenimiento","16":"tag-es","17":"tag-espana","18":"tag-spain"},"share_on_mastodon":{"url":"https:\/\/pubeurope.com\/@es\/115652324435047387","error":""},"_links":{"self":[{"href":"https:\/\/www.europesays.com\/es\/wp-json\/wp\/v2\/posts\/267960","targetHints":{"allow":["GET"]}}],"collection":[{"href":"https:\/\/www.europesays.com\/es\/wp-json\/wp\/v2\/posts"}],"about":[{"href":"https:\/\/www.europesays.com\/es\/wp-json\/wp\/v2\/types\/post"}],"author":[{"embeddable":true,"href":"https:\/\/www.europesays.com\/es\/wp-json\/wp\/v2\/users\/2"}],"replies":[{"embeddable":true,"href":"https:\/\/www.europesays.com\/es\/wp-json\/wp\/v2\/comments?post=267960"}],"version-history":[{"count":0,"href":"https:\/\/www.europesays.com\/es\/wp-json\/wp\/v2\/posts\/267960\/revisions"}],"wp:featuredmedia":[{"embeddable":true,"href":"https:\/\/www.europesays.com\/es\/wp-json\/wp\/v2\/media\/267961"}],"wp:attachment":[{"href":"https:\/\/www.europesays.com\/es\/wp-json\/wp\/v2\/media?parent=267960"}],"wp:term":[{"taxonomy":"category","embeddable":true,"href":"https:\/\/www.europesays.com\/es\/wp-json\/wp\/v2\/categories?post=267960"},{"taxonomy":"post_tag","embeddable":true,"href":"https:\/\/www.europesays.com\/es\/wp-json\/wp\/v2\/tags?post=267960"}],"curies":[{"name":"wp","href":"https:\/\/api.w.org\/{rel}","templated":true}]}}