{"id":267962,"date":"2025-12-02T22:27:12","date_gmt":"2025-12-02T22:27:12","guid":{"rendered":"https:\/\/www.europesays.com\/es\/267962\/"},"modified":"2025-12-02T22:27:12","modified_gmt":"2025-12-02T22:27:12","slug":"me-encantaria-una-mujer-que-fuese-ama-de-casa-madre-de-sus-hijos-y-que-ganase-mas-que-yo","status":"publish","type":"post","link":"https:\/\/www.europesays.com\/es\/267962\/","title":{"rendered":"\u00bbMe encantar\u00eda una mujer que fuese ama de casa, madre de sus hijos y que ganase m\u00e1s que yo\u00bb"},"content":{"rendered":"<p data-gtm-element-container=\"modulo-texto-link\" class=\"paragraph\">La mayor\u00eda de comensales que cruzan las puertas de <a href=\"https:\/\/www.lavanguardia.com\/television\/20251202\/11325777\/insalvable-red-flag-soltera-sentenciado-cita-first-dates-contradictorio-infiel-no-perdone-infidelidad-mmn.html\" target=\"_blank\" rel=\"nofollow noopener\">First Dates<\/a> cada noche lo hacen con las ideas claras. Sin embargo, la exigente lista de requisitos que esperan de su cita no siempre se cumple, lo que a menudo desencadena encuentros llenos de tensi\u00f3n y de momentos inc\u00f3modos. Este fue el caso de Carlos (31), un repartidor de Getafe (Madrid) que ten\u00eda tres grandes aficiones: montar en bicicleta, las finanzas y la pol\u00edtica.\u00a0<\/p>\n<p data-gtm-element-container=\"modulo-texto-link\" class=\"paragraph\">\u00bbHoy en d\u00eda hay mucha polarizaci\u00f3n y en mi caso tengo inter\u00e9s pol\u00edtico en el movimiento de Javier Milei. Me considero libertario\u00bb, declar\u00f3. Su mujer ideal deb\u00eda tener valores tradicionales: \u00bbMe encantar\u00eda una mujer que fuese ama de casa, madre de sus hijos y que ganase m\u00e1s dinero que yo\u00bb.\u00a0<\/p>\n<p>                <img loading=\"lazy\" decoding=\"async\" data-full-src=\"https:\/\/www.lavanguardia.com\/uploads\/2025\/12\/02\/692f4cc37d4e6.png\" alt=\"Cristina en 'First Dates'\" width=\"449\" height=\"245\" src=\"https:\/\/www.europesays.com\/es\/wp-content\/uploads\/2025\/12\/692f4cc37d4e6.png\" class=\"lazy\"\/><\/p>\n<p class=\"caption-title \">Cristina en &#8216;First Dates&#8217;<\/p>\n<p>                    Mediaset<\/p>\n<p data-gtm-element-container=\"modulo-texto-link\" class=\"paragraph\">La elegida para cenar con \u00e9l fue Cristina (33), una asesora legal de Elche (Alicante) que lleg\u00f3 al espacio de <a href=\"https:\/\/www.lavanguardia.com\/television\/programacion-tv\/cuatro\" target=\"_blank\" rel=\"noopener noreferrer nofollow\">Cuatro<\/a> buscando un chico con el que poder formar una familia. La primera impresi\u00f3n entre ambos fue muy dispar. Mientras que el madrile\u00f1o se llev\u00f3 una grata sorpresa, la alicantina se llev\u00f3 una decepci\u00f3n. \u00bbSer\u00eda una perfecta candidata para ser la madre de mis hijos\u00bb, coment\u00f3 el soltero. \u00bbNo me convence f\u00edsicamente. Lo he visto muy se\u00f1or\u00bb, sentenci\u00f3 ella.\u00a0\u00a0<\/p>\n<p>        Lee tambi\u00e9n<\/p>\n<p>    Nerea Parraga Frutos<\/p>\n<p>             <img loading=\"lazy\" decoding=\"async\" data-full-src=\"https:\/\/www.lavanguardia.com\/uploads\/2025\/12\/01\/692df80d7e729.png\" alt=\"Tere en 'First Dates'\" width=\"104\" height=\"108\" src=\"https:\/\/www.europesays.com\/es\/wp-content\/uploads\/2025\/12\/692df80d7e729.png\" class=\"lazy\"\/><\/p>\n<p data-gtm-element-container=\"modulo-texto-link\" class=\"paragraph\">Tras intercambiar sus primeras palabras, el presentador acompa\u00f1\u00f3 a la pareja hasta su mesa, donde comenzaron la velada de forma poco prometedora. \u00bbEstoy viviendo con mis padres\u00bb, coment\u00f3 el soltero, antes de reconocer que estaba esperando a la chica de sus sue\u00f1os para independizarse. \u00bbSi la vivienda es muy\u00a0 cara, b\u00fascate otro trabajo o una zona m\u00e1s barata. Me parece raro que con 30 a\u00f1os no necesite su propia intimidad\u00bb, asever\u00f3 ella.\u00a0<\/p>\n<p>                <img loading=\"lazy\" decoding=\"async\" data-full-src=\"https:\/\/www.lavanguardia.com\/uploads\/2025\/12\/02\/692f4f7865af7.png\" alt=\"Carlos y Cristina en 'First Dates'\" width=\"449\" height=\"243\" src=\"https:\/\/www.europesays.com\/es\/wp-content\/uploads\/2025\/12\/692f4f7865af7.png\" class=\"lazy\"\/><\/p>\n<p class=\"caption-title \">Carlos y Cristina en &#8216;First Dates&#8217;<\/p>\n<p>                    Mediaset<\/p>\n<p data-gtm-element-container=\"modulo-texto-link\" class=\"paragraph\">Acto seguido, Carlos volvi\u00f3 a dejar sin palabras a la soltera al desvelar que era miembro de la Asociaci\u00f3n Libertaria Austriaca. \u00bbMe he quedado con cara de no saber d\u00f3nde meterme. No sab\u00eda de lo que me estaba hablando\u00bb, afirm\u00f3 Cristina. No obstante, la asesora legal mostr\u00f3 inter\u00e9s en saber con cu\u00e1l de todos los partidos espa\u00f1oles se identificaba m\u00e1s. \u00bbVox, pero no les voy a votar\u00bb, dej\u00f3 claro. \u00bbPara m\u00ed no votar es desaprovechar tu oportunidad y derecho\u00bb, replic\u00f3 de manera contundente la soltera.\u00a0<\/p>\n<p data-gtm-element-container=\"modulo-texto-link\" class=\"paragraph\">Por si fuera poco, Cristina se llev\u00f3 otro chasco al descubrir que Carlos tampoco ten\u00eda experiencia en convivir en pareja. \u00bbDir\u00eda que es un se\u00f1or que necesita una mujer en su vida. Se nota que no ha tenido una relaci\u00f3n con una pareja que le haya guiado un poco\u00bb, sentenci\u00f3 la asesora legal. En lo referente al sexo, el madrile\u00f1o fue claro: \u00bbEs importante en una pareja, pero con el paso del tiempo pasa a un segundo plano\u00bb. \u00bbLe falta experimentar\u00bb, sentenci\u00f3 ella.\u00a0<\/p>\n<p>                <img loading=\"lazy\" decoding=\"async\" data-full-src=\"https:\/\/www.lavanguardia.com\/uploads\/2025\/12\/02\/692f53453436b.png\" alt=\"Carlos y Cristina en 'First Dates'\" width=\"449\" height=\"248\" src=\"https:\/\/www.europesays.com\/es\/wp-content\/uploads\/2025\/12\/692f53453436b.png\" class=\"lazy\"\/><\/p>\n<p class=\"caption-title \">Carlos y Cristina en &#8216;First Dates&#8217;<\/p>\n<p>                    Mediaset<\/p>\n<p data-gtm-element-container=\"modulo-texto-link\" class=\"paragraph\">En un punto de la velada, los solteros se desplazaron hasta el reservado del programa, donde protagonizaron un inc\u00f3modo momento al ritmo de Manolo Escobar. \u00bbMi cita ha sido una especie de se\u00f1or de 60 a\u00f1os. Es un alma vieja que le falta sabrosura\u00bb, asever\u00f3 la soltera. En la decisi\u00f3n final, Carlos acept\u00f3 una segunda cita, pero Cristina rechaz\u00f3 su propuesta.\u00a0<\/p>\n","protected":false},"excerpt":{"rendered":"La mayor\u00eda de comensales que cruzan las puertas de First Dates cada noche lo hacen con las ideas&hellip;\n","protected":false},"author":2,"featured_media":267963,"comment_status":"","ping_status":"","sticky":false,"template":"","format":"standard","meta":{"footnotes":""},"categories":[171],"tags":[146,147,25,24,23,214],"class_list":{"0":"post-267962","1":"post","2":"type-post","3":"status-publish","4":"format-standard","5":"has-post-thumbnail","7":"category-tv","8":"tag-entertainment","9":"tag-entretenimiento","10":"tag-es","11":"tag-espana","12":"tag-spain","13":"tag-tv"},"share_on_mastodon":{"url":"https:\/\/pubeurope.com\/@es\/115652332994287258","error":""},"_links":{"self":[{"href":"https:\/\/www.europesays.com\/es\/wp-json\/wp\/v2\/posts\/267962","targetHints":{"allow":["GET"]}}],"collection":[{"href":"https:\/\/www.europesays.com\/es\/wp-json\/wp\/v2\/posts"}],"about":[{"href":"https:\/\/www.europesays.com\/es\/wp-json\/wp\/v2\/types\/post"}],"author":[{"embeddable":true,"href":"https:\/\/www.europesays.com\/es\/wp-json\/wp\/v2\/users\/2"}],"replies":[{"embeddable":true,"href":"https:\/\/www.europesays.com\/es\/wp-json\/wp\/v2\/comments?post=267962"}],"version-history":[{"count":0,"href":"https:\/\/www.europesays.com\/es\/wp-json\/wp\/v2\/posts\/267962\/revisions"}],"wp:featuredmedia":[{"embeddable":true,"href":"https:\/\/www.europesays.com\/es\/wp-json\/wp\/v2\/media\/267963"}],"wp:attachment":[{"href":"https:\/\/www.europesays.com\/es\/wp-json\/wp\/v2\/media?parent=267962"}],"wp:term":[{"taxonomy":"category","embeddable":true,"href":"https:\/\/www.europesays.com\/es\/wp-json\/wp\/v2\/categories?post=267962"},{"taxonomy":"post_tag","embeddable":true,"href":"https:\/\/www.europesays.com\/es\/wp-json\/wp\/v2\/tags?post=267962"}],"curies":[{"name":"wp","href":"https:\/\/api.w.org\/{rel}","templated":true}]}}