{"id":267970,"date":"2025-12-02T22:31:24","date_gmt":"2025-12-02T22:31:24","guid":{"rendered":"https:\/\/www.europesays.com\/es\/267970\/"},"modified":"2025-12-02T22:31:24","modified_gmt":"2025-12-02T22:31:24","slug":"el-ayuntamiento-de-benidorm-se-suma-a-la-conmemoracion-del-dia-mundial-del-sida-2","status":"publish","type":"post","link":"https:\/\/www.europesays.com\/es\/267970\/","title":{"rendered":"El Ayuntamiento de Benidorm se suma a la conmemoraci\u00f3n del D\u00eda Mundial del Sida"},"content":{"rendered":"<p>El Ayuntamiento de Benidorm se ha sumado, un a\u00f1o m\u00e1s, a la conmemoraci\u00f3n del D\u00eda Mundial de la lucha contra el Sida, que en este 2025 se celebra bajo el lema &#8216;Sin lo p\u00fablico, no habr\u00e1 fin para el sida&#8217;. La plaza de Sus Majestades los Reyes de Espa\u00f1a ha albergado la colocaci\u00f3n de una pancarta conmemorativa con un gran lazo rojo para visibilizar esta efem\u00e9ride, en un acto en el que han participado la primera teniente alcalde y concejal de Sanidad del Consistorio benidormense, Ana Pellicer; miembros de la Corporaci\u00f3n municipal; e integrantes de la asociaci\u00f3n Amigos Benidorm con su presidente, Arnulfo Gonz\u00e1lez, al frente.\u00a0<\/p>\n<p>En la concentraci\u00f3n Gonz\u00e1lez ha trasladado a los asistentes el trabajo de acompa\u00f1amiento, activismo y prevenci\u00f3n que esa asociaci\u00f3n lleva realizando desde hace 34 a\u00f1os con personas con VIH y sus familias. Asimismo, ha alertado de que en los \u00faltimos a\u00f1os se ha detectado un incremento de contagios tanto de Sida como de otras enfermedades de transmisi\u00f3n sexual, seg\u00fan ha se\u00f1alado, por un relajamiento en las medidas de prevenci\u00f3n y ha llamado la atenci\u00f3n en \u201cno olvidar que el Sida sigue existiendo y que, aunque se ha mejorado much\u00edsimo y hay tratamientos para hacer a los afectados la vida m\u00e1s f\u00e1cil, a d\u00eda de hoy no se ha encontrado la forma de erradicar este virus ni tampoco una cura\u201d.<\/p>\n<p>Con motivo de la conmemoraci\u00f3n del D\u00eda Mundial del Sida, la Direcci\u00f3n General de Salud P\u00fablica ha informado de que en la Comunitat Valenciana se notificaron en 2024 un total de 440 nuevos casos VIH (376 eran hombres y 64 mujeres) aut\u00f3ctonos, con una tasa de incidencia de 8,3 por cada 100.000 habitantes. Adem\u00e1s, se notificaron 156 casos de VIH importados (personas extranjeras con un tiempo de residencia en nuestro pa\u00eds inferior a los tres meses), mientras que los Centros de Informaci\u00f3n y Prevenci\u00f3n del Sida (CIPS) de la Conselleria de Sanidad atendieron un total de 17.752 consultas el pasado a\u00f1o 2024 y realizaron 8.360 determinaciones o pruebas de detecci\u00f3n de VIH, de las cuales en la provincia de Alicante fueron 7.365 las consultas atendidas y 3.461 las pruebas realizadas.<\/p>\n<p>Ana Pellicer ha agradecido en nombre de la ciudad a la asociaci\u00f3n Amigos Benidorm la actividad de acompa\u00f1amiento y ayuda que realizan en este campo a lo largo de todo el a\u00f1o y les ha animado a continuar con la misma.\u00a0<\/p>\n<p>El 1 de diciembre se conmemora en todo el D\u00eda Mundial del Sida recordando que en esta fecha en el a\u00f1o 1981 se diagnostic\u00f3 el primer caso de esta enfermedad en el mundo. En la actualidad, se estima que hay m\u00e1s de 30 millones de personas con VIH en todo el mundo con acceso a tratamientos antirretrovirales.<br \/>\u00a0<\/p>\n","protected":false},"excerpt":{"rendered":"El Ayuntamiento de Benidorm se ha sumado, un a\u00f1o m\u00e1s, a la conmemoraci\u00f3n del D\u00eda Mundial de la&hellip;\n","protected":false},"author":2,"featured_media":265461,"comment_status":"","ping_status":"","sticky":false,"template":"","format":"standard","meta":{"footnotes":""},"categories":[92],"tags":[13234,64607,25,24,165,166,1811,23],"class_list":{"0":"post-267970","1":"post","2":"type-post","3":"status-publish","4":"format-standard","5":"has-post-thumbnail","7":"category-salud","8":"tag-ana-pellicer","9":"tag-dia-mundial-del-sida","10":"tag-es","11":"tag-espana","12":"tag-health","13":"tag-salud","14":"tag-sanidad","15":"tag-spain"},"share_on_mastodon":{"url":"https:\/\/pubeurope.com\/@es\/115652348191993212","error":""},"_links":{"self":[{"href":"https:\/\/www.europesays.com\/es\/wp-json\/wp\/v2\/posts\/267970","targetHints":{"allow":["GET"]}}],"collection":[{"href":"https:\/\/www.europesays.com\/es\/wp-json\/wp\/v2\/posts"}],"about":[{"href":"https:\/\/www.europesays.com\/es\/wp-json\/wp\/v2\/types\/post"}],"author":[{"embeddable":true,"href":"https:\/\/www.europesays.com\/es\/wp-json\/wp\/v2\/users\/2"}],"replies":[{"embeddable":true,"href":"https:\/\/www.europesays.com\/es\/wp-json\/wp\/v2\/comments?post=267970"}],"version-history":[{"count":0,"href":"https:\/\/www.europesays.com\/es\/wp-json\/wp\/v2\/posts\/267970\/revisions"}],"wp:featuredmedia":[{"embeddable":true,"href":"https:\/\/www.europesays.com\/es\/wp-json\/wp\/v2\/media\/265461"}],"wp:attachment":[{"href":"https:\/\/www.europesays.com\/es\/wp-json\/wp\/v2\/media?parent=267970"}],"wp:term":[{"taxonomy":"category","embeddable":true,"href":"https:\/\/www.europesays.com\/es\/wp-json\/wp\/v2\/categories?post=267970"},{"taxonomy":"post_tag","embeddable":true,"href":"https:\/\/www.europesays.com\/es\/wp-json\/wp\/v2\/tags?post=267970"}],"curies":[{"name":"wp","href":"https:\/\/api.w.org\/{rel}","templated":true}]}}