{"id":267978,"date":"2025-12-02T22:36:11","date_gmt":"2025-12-02T22:36:11","guid":{"rendered":"https:\/\/www.europesays.com\/es\/267978\/"},"modified":"2025-12-02T22:36:11","modified_gmt":"2025-12-02T22:36:11","slug":"todo-lo-que-esta-mal-en-el-video-del-rey-juan-carlos","status":"publish","type":"post","link":"https:\/\/www.europesays.com\/es\/267978\/","title":{"rendered":"Todo lo que est\u00e1 mal en el v\u00eddeo del rey Juan Carlos"},"content":{"rendered":"<p>Y, quiz\u00e1s por ello, se entiende tambi\u00e9n que no mencione en ning\u00fan momento qui\u00e9n las publica o el nombre. La ley de octubre de 1981 que <a data-offer-url=\"https:\/\/www.boe.es\/buscar\/act.php?id=BOE-A-1981-26082\" class=\"external-link\" data-event-click=\"{&quot;element&quot;:&quot;ExternalLink&quot;,&quot;outgoingURL&quot;:&quot;https:\/\/www.boe.es\/buscar\/act.php?id=BOE-A-1981-26082&quot;}\" href=\"https:\/\/www.boe.es\/buscar\/act.php?id=BOE-A-1981-26082\" rel=\"nofollow noopener\" target=\"_blank\">regula el uso de la bandera de Espa\u00f1a<\/a>, firmada en su momento por el propio Juan Carlos, no proh\u00edbe su uso per se para promocionar algo, pero s\u00ed presentarla como parte de \u00ablos s\u00edmbolos\u00bb de \u201centidades privadas\u201d. En cualquier caso, el movimiento resulta de mal gusto y peor olfato, m\u00e1xime cuando ni avis\u00f3 previamente a Zarzuela, donde desconoc\u00edan la existencia del v\u00eddeo (aunque <a href=\"https:\/\/www.revistavanityfair.es\/articulos\/reina-letizia-juan-carlos-almuerzo-aniversario-monarquia\" rel=\"nofollow noopener\" target=\"_blank\">Juan Carlos comi\u00f3 con su familia<\/a> el pasado 22 de noviembre), y cuando se eligi\u00f3 una hora de publicaci\u00f3n en la que el rey Felipe estaba ocupado <a data-offer-url=\"https:\/\/www.casareal.es\/ES\/Actividades\/Paginas\/actividades_actividades_detalle.aspx?data=16744\" class=\"external-link\" data-event-click=\"{&quot;element&quot;:&quot;ExternalLink&quot;,&quot;outgoingURL&quot;:&quot;https:\/\/www.casareal.es\/ES\/Actividades\/Paginas\/actividades_actividades_detalle.aspx?data=16744&quot;}\" href=\"https:\/\/www.casareal.es\/ES\/Actividades\/Paginas\/actividades_actividades_detalle.aspx?data=16744\" rel=\"nofollow noopener\" target=\"_blank\">en un acto institucional del Consejo de Estado<\/a>.<\/p>\n<p>El rey Juan Carlos tambi\u00e9n vuelve a incidir en que su versi\u00f3n est\u00e1 libre de \u201cdistorsiones interesadas\u201d (el rey ha acusado en Francia al Gobierno de Pedro S\u00e1nchez de <a href=\"https:\/\/www.revistavanityfair.es\/articulos\/rey-juan-carlos-entrevista-le-figaro-resumen\" rel=\"nofollow noopener\" target=\"_blank\">so\u00f1ar con abolir la monarqu\u00eda<\/a> y, en sus memorias, de lanzar contra el \u201cuna caza de brujas\u201d y \u201cun juicio moral\u201d por las investigaciones fiscales que le llevaron a hacer dos regulaciones para evitar el juicio por delito fiscal). Y pide \u201capoyo\u201d para su hijo Felipe VI, al que presenta en sus memorias como el rey de una monarqu\u00eda \u201cdebilitada\u201d\u2026 Obviando que fue Juan Carlos el principal responsable de sus peores valoraciones, all\u00e1 por 2013, cuando la aprobaci\u00f3n de la monarqu\u00eda baj\u00f3 hasta 3,68 sobre 10 en la encuesta del CIS. Hasta el punto de que el Gobierno de <strong>Mariano Rajoy<\/strong> tuvo que tomar la determinaci\u00f3n de retirar las preguntas sobre la monarqu\u00eda en 2015 (aunque Felipe hab\u00eda mejorado la valoraci\u00f3n de su padre), una decisi\u00f3n que se ha mantenido hasta nuestros d\u00edas.<\/p>\n<p>Pero lo peor del v\u00eddeo, como viene siendo habitual \u00faltimamente en Juan Carlos, es doble. Por un lado, su falta absoluta de contrici\u00f3n, de la que ha venido presumiendo estas semanas. Juan Carlos s\u00f3lo ha admitido culpas en su memorias como \u201chombre\u201d, no como rey. Y ha calificado eventos como los 100 millones no declarados recibidos de Arabia Saud\u00ed como \u201cerrores\u201d. El segundo es el da\u00f1o que hace a quien precisamente afirma defender, a su hijo. Cada vez que Juan Carlos da su versi\u00f3n \u201cen primera persona\u201d, parece estar buscando un sitio en algo de lo que ha sido excluido precisamente para poder defender la instituci\u00f3n que un d\u00eda encabez\u00f3: la celebraci\u00f3n este a\u00f1o del 50 aniversario de la implantaci\u00f3n de la monarqu\u00eda en nuestro pa\u00eds.<\/p>\n<p>Lanzar un v\u00eddeo casi a hurtadillas, pasando por encima de Casa Real y del actual monarca, s\u00f3lo sirve para recordarnos cu\u00e1les fueron los motivos que lo llevaron a abdicar y, casi desde entonces, a exhibir comportamientos un tanto desleales con su sucesor como Jefe de Estado, su hijo el rey Felipe VI.<\/p>\n","protected":false},"excerpt":{"rendered":"Y, quiz\u00e1s por ello, se entiende tambi\u00e9n que no mencione en ning\u00fan momento qui\u00e9n las publica o el&hellip;\n","protected":false},"author":2,"featured_media":267979,"comment_status":"","ping_status":"","sticky":false,"template":"","format":"standard","meta":{"footnotes":""},"categories":[8],"tags":[17,18,25,24,13,14,14587,11,38833,19,20,11440,9,10,15,16,1925,23,12,21,22],"class_list":{"0":"post-267978","1":"post","2":"type-post","3":"status-publish","4":"format-standard","5":"has-post-thumbnail","7":"category-espana","8":"tag-breaking-news","9":"tag-breakingnews","10":"tag-es","11":"tag-espana","12":"tag-featured-news","13":"tag-featurednews","14":"tag-felipe-de-borbon","15":"tag-headlines","16":"tag-juan-carlos-de-borbon","17":"tag-latest-news","18":"tag-latestnews","19":"tag-letizia-ortiz","20":"tag-news","21":"tag-noticias","22":"tag-noticias-destacadas","23":"tag-noticiasdestacadas","24":"tag-opinion","25":"tag-spain","26":"tag-titulares","27":"tag-ultimas-noticias","28":"tag-ultimasnoticias"},"share_on_mastodon":{"url":"https:\/\/pubeurope.com\/@es\/115652367828092499","error":""},"_links":{"self":[{"href":"https:\/\/www.europesays.com\/es\/wp-json\/wp\/v2\/posts\/267978","targetHints":{"allow":["GET"]}}],"collection":[{"href":"https:\/\/www.europesays.com\/es\/wp-json\/wp\/v2\/posts"}],"about":[{"href":"https:\/\/www.europesays.com\/es\/wp-json\/wp\/v2\/types\/post"}],"author":[{"embeddable":true,"href":"https:\/\/www.europesays.com\/es\/wp-json\/wp\/v2\/users\/2"}],"replies":[{"embeddable":true,"href":"https:\/\/www.europesays.com\/es\/wp-json\/wp\/v2\/comments?post=267978"}],"version-history":[{"count":0,"href":"https:\/\/www.europesays.com\/es\/wp-json\/wp\/v2\/posts\/267978\/revisions"}],"wp:featuredmedia":[{"embeddable":true,"href":"https:\/\/www.europesays.com\/es\/wp-json\/wp\/v2\/media\/267979"}],"wp:attachment":[{"href":"https:\/\/www.europesays.com\/es\/wp-json\/wp\/v2\/media?parent=267978"}],"wp:term":[{"taxonomy":"category","embeddable":true,"href":"https:\/\/www.europesays.com\/es\/wp-json\/wp\/v2\/categories?post=267978"},{"taxonomy":"post_tag","embeddable":true,"href":"https:\/\/www.europesays.com\/es\/wp-json\/wp\/v2\/tags?post=267978"}],"curies":[{"name":"wp","href":"https:\/\/api.w.org\/{rel}","templated":true}]}}