{"id":267980,"date":"2025-12-02T22:37:15","date_gmt":"2025-12-02T22:37:15","guid":{"rendered":"https:\/\/www.europesays.com\/es\/267980\/"},"modified":"2025-12-02T22:37:15","modified_gmt":"2025-12-02T22:37:15","slug":"portal-de-noticias-del-gobierno-de-canarias-350","status":"publish","type":"post","link":"https:\/\/www.europesays.com\/es\/267980\/","title":{"rendered":"Portal de Noticias del Gobierno de Canarias"},"content":{"rendered":"<p>\u00a0<\/p>\n<blockquote>\n<p>\u00b7\u00a0\u00a0\u00a0 La iniciativa, impulsada por el Ejecutivo canario junto a los cabildos de La Palma y de Tenerife, consolida al Archipi\u00e9lago como plataforma cient\u00edfica de referencia<\/p>\n<\/blockquote>\n<p>\u00a0<\/p>\n<p>El Gobierno de Canarias se congratula de la decisi\u00f3n de que el futuro Centro Nacional de Vulcanolog\u00eda se instale en el Archipi\u00e9lago, un hito que reconoce la singularidad volc\u00e1nica activa de las islas y su papel estrat\u00e9gico en el \u00e1mbito de la investigaci\u00f3n cient\u00edfica y gesti\u00f3n de emergencias.<\/p>\n<p>Esta designaci\u00f3n supone el respaldo a una candidatura s\u00f3lida impulsada por el Gobierno de Canarias construida desde la cooperaci\u00f3n institucional entre los cabildos de La Palma y Tenerife; y el conocimiento acumulado durante d\u00e9cadas por la comunidad cient\u00edfica canaria.<\/p>\n<p>Para la consejera de Universidades, Ciencia e Innovaci\u00f3n y Cultura del Gobierno de Canarias, Migdalia Mach\u00edn, esta noticia \u201csupone un reconocimiento a nuestra singularidad geol\u00f3gica y al trabajo ejemplar de nuestra comunidad cient\u00edfica, personal investigador e instituciones que durante a\u00f1os han convertido a estas islas en un referente internacional\u201d.<\/p>\n<p>Canarias es un territorio volc\u00e1nico activo con una experiencia ampliamente contrastada en la monitorizaci\u00f3n y gesti\u00f3n del riesgo volc\u00e1nico. Adem\u00e1s, cuenta con infraestructuras, equipos de investigaci\u00f3n y capacidades t\u00e9cnicas de primer nivel, que con la implantaci\u00f3n de este centro se ver\u00e1n reforzadas, ampliando nuestra capacidad para estudiar y anticipar los fen\u00f3menos vulcanol\u00f3gicos, atraer y retener talento investigador, impulsar la innovaci\u00f3n cient\u00edfica y mejorar la seguridad de la ciudadan\u00eda.<\/p>\n<p>\u201cQue el Centro Nacional de Vulcanolog\u00eda se instale en nuestras islas, supone una apuesta clara por la ciencia, por la colaboraci\u00f3n entre instituciones y por un futuro m\u00e1s preparado y resiliente, avanzando juntos hacia un conocimiento que protege y transforma nuestro territorio\u201d, a\u00f1adi\u00f3 la consejera.<\/p>\n<p>El modelo planteado, con sede principal en La Palma y una subsede en Tenerife, refuerza adem\u00e1s una visi\u00f3n compartida del conocimiento, el equilibrio territorial y la colaboraci\u00f3n entre administraciones, aprovechando las fortalezas de ambas islas y su vinculaci\u00f3n directa con la vulcanolog\u00eda.<\/p>\n<p>Para el Gobierno de Canarias, la implantaci\u00f3n del Centro Nacional de Vulcanolog\u00eda en las islas es tambi\u00e9n una oportunidad para seguir avanzando en la ciencia al servicio de la sociedad: m\u00e1s investigaci\u00f3n, m\u00e1s retenci\u00f3n de talento y mayor capacidad de respuesta ante fen\u00f3menos naturales que forman parte de nuestra realidad.<\/p>\n<p>Con este paso, Canarias consolida su papel como plataforma cient\u00edfica de referencia y reafirma su compromiso con el conocimiento y la cooperaci\u00f3n institucional como pilares del presente y del futuro.<\/p>\n","protected":false},"excerpt":{"rendered":"\u00a0 \u00b7\u00a0\u00a0\u00a0 La iniciativa, impulsada por el Ejecutivo canario junto a los cabildos de La Palma y de&hellip;\n","protected":false},"author":2,"featured_media":267981,"comment_status":"","ping_status":"","sticky":false,"template":"","format":"standard","meta":{"footnotes":""},"categories":[5],"tags":[17,18,25,24,13,14,11,19,20,9,10,15,16,23,12,21,22],"class_list":{"0":"post-267980","1":"post","2":"type-post","3":"status-publish","4":"format-standard","5":"has-post-thumbnail","7":"category-titulares","8":"tag-breaking-news","9":"tag-breakingnews","10":"tag-es","11":"tag-espana","12":"tag-featured-news","13":"tag-featurednews","14":"tag-headlines","15":"tag-latest-news","16":"tag-latestnews","17":"tag-news","18":"tag-noticias","19":"tag-noticias-destacadas","20":"tag-noticiasdestacadas","21":"tag-spain","22":"tag-titulares","23":"tag-ultimas-noticias","24":"tag-ultimasnoticias"},"share_on_mastodon":{"url":"https:\/\/pubeurope.com\/@es\/115652371648840831","error":""},"_links":{"self":[{"href":"https:\/\/www.europesays.com\/es\/wp-json\/wp\/v2\/posts\/267980","targetHints":{"allow":["GET"]}}],"collection":[{"href":"https:\/\/www.europesays.com\/es\/wp-json\/wp\/v2\/posts"}],"about":[{"href":"https:\/\/www.europesays.com\/es\/wp-json\/wp\/v2\/types\/post"}],"author":[{"embeddable":true,"href":"https:\/\/www.europesays.com\/es\/wp-json\/wp\/v2\/users\/2"}],"replies":[{"embeddable":true,"href":"https:\/\/www.europesays.com\/es\/wp-json\/wp\/v2\/comments?post=267980"}],"version-history":[{"count":0,"href":"https:\/\/www.europesays.com\/es\/wp-json\/wp\/v2\/posts\/267980\/revisions"}],"wp:featuredmedia":[{"embeddable":true,"href":"https:\/\/www.europesays.com\/es\/wp-json\/wp\/v2\/media\/267981"}],"wp:attachment":[{"href":"https:\/\/www.europesays.com\/es\/wp-json\/wp\/v2\/media?parent=267980"}],"wp:term":[{"taxonomy":"category","embeddable":true,"href":"https:\/\/www.europesays.com\/es\/wp-json\/wp\/v2\/categories?post=267980"},{"taxonomy":"post_tag","embeddable":true,"href":"https:\/\/www.europesays.com\/es\/wp-json\/wp\/v2\/tags?post=267980"}],"curies":[{"name":"wp","href":"https:\/\/api.w.org\/{rel}","templated":true}]}}