{"id":267984,"date":"2025-12-02T22:43:09","date_gmt":"2025-12-02T22:43:09","guid":{"rendered":"https:\/\/www.europesays.com\/es\/267984\/"},"modified":"2025-12-02T22:43:09","modified_gmt":"2025-12-02T22:43:09","slug":"la-70a-edicion-de-los-4-dias-de-dunkerque-presentara-un-recorrido-exigente","status":"publish","type":"post","link":"https:\/\/www.europesays.com\/es\/267984\/","title":{"rendered":"La 70\u00aa edici\u00f3n de los 4 D\u00edas de Dunkerque presentar\u00e1 un recorrido exigente"},"content":{"rendered":"<p>&#13;<br \/>\n&#13;<\/p>\n<p><img loading=\"lazy\" decoding=\"async\" src=\"https:\/\/www.europesays.com\/es\/wp-content\/uploads\/2025\/12\/4-dias-dunkerque-etapas-2026-2025-4jdd-press.jpg\" width=\"556\" height=\"418\" class=\"setborder\" alt=\"La 70\u00aa edici\u00f3n de los 4 D\u00edas de Dunkerque presentar\u00e1 un recorrido exigente\" title=\"La 70\u00aa edici\u00f3n de los 4 D\u00edas de Dunkerque presentar\u00e1 un recorrido exigente\"\/><br \/>\n&#13;<br \/>\n&#13;<br \/>\n&#13;<br \/>\n<a href=\"https:\/\/www.esciclismo.com\/actualidad\/esciclismo\/\" rel=\"nofollow noopener\" target=\"_blank\">EsCiclismo.com<\/a> \u00b7 <a href=\"https:\/\/www.esciclismo.com\/actualidad\/carretera\/\" rel=\"nofollow noopener\" target=\"_blank\">Competici\u00f3n Carretera<\/a>  \u00b7 02\/12\/2025<\/p>\n<p>La carrera ciclista francesa de categor\u00eda UCI ProSeries celebrar\u00e1 su 70\u00aa edici\u00f3n en 2026 con un recorrido que combina tradici\u00f3n, dureza y novedades. La organizaci\u00f3n de los 4 D\u00edas de Dunkerque\u2013Grand Prix des Hauts-de-France ha desvelado un trazado de cinco etapas m\u00e1s una cl\u00e1sica inaugural que recorrer\u00e1 los cinco departamentos de la regi\u00f3n Hauts-de-France entre el 19 y el 24 de mayo.<\/p>\n<p>&#13;<br \/>\nUna cl\u00e1sica monta\u00f1osa como aperitivo&#13;<\/p>\n<p>La competici\u00f3n arrancar\u00e1 el martes 19 de mayo con la segunda edici\u00f3n de la Cl\u00e1sica Dunkerque\u2013Hauts-de-France, con 199 kil\u00f3metros entre Dunkerque y Mont-Saint-\u00c9loi. Ser\u00e1 una jornada exigente con un final en alto tras dos pasos por l\u00ednea de meta y ascensiones como Fr\u00e9villers o Watten. En su edici\u00f3n inaugural, el alem\u00e1n Pascal Ackermann se impuso por delante de Biniam Girmay y Alberto Dainese.<\/p>\n<p>&#13;<br \/>\nEtapas variadas y terreno selectivo&#13;<\/p>\n<p>El mi\u00e9rcoles 20 de mayo se disputar\u00e1 la primera etapa oficial entre Lagny-le-Sec y Laon (178,1 km), con un perfil quebrado, cinco cotas puntuables y un final explosivo en las rampas de la Porte d\u2019Ardon, que los ciclistas afrontar\u00e1n en tres ocasiones.<\/p>\n<p>&#13;<\/p>\n<p><b id=\"P3\"\/>La segunda etapa llevar\u00e1 al pelot\u00f3n de Glisy a Li\u00e9vin el jueves 21 de mayo (187,5 km), en un trazado ondulado con cuatro puertos y final propicio para velocistas resistentes, tras haber superado m\u00e1s de 1.200 metros de desnivel acumulado.<\/p>\n<p>&#13;<\/p>\n<p>El viernes 22 de mayo se celebrar\u00e1 una de las etapas clave de esta 70\u00aa edici\u00f3n: La Sentinelle &#8211; Wallers-Arenberg (155,7 km). Ser\u00e1 una jornada marcada por los adoquines, con m\u00e1s de 23 km de tramos empedrados, incluyendo varias pasadas por el m\u00edtico sector Bernard Hinault. La dureza del recorrido podr\u00eda provocar diferencias importantes en la general.<\/p>\n<p>&#13;<br \/>\nCassel y Dunkerque decidir\u00e1n la general&#13;<\/p>\n<p>La cuarta etapa (s\u00e1bado 23 de mayo) partir\u00e1 de Bergues rumbo a Cassel (165,7 km), en lo que ya es una etapa cl\u00e1sica de esta carrera. La llegada a Cassel se ha convertido en un emblema del ciclismo en el norte de Francia, con sus seis ascensiones al Mont Cassel, rampas de hasta el 17% y un ambiente festivo que la convierten en \u00abla reina de los 4 D\u00edas\u00bb.<\/p>\n<p>&#13;<\/p>\n<p><b id=\"P5\"\/>La carrera concluir\u00e1 el domingo 24 de mayo con la quinta y \u00faltima etapa entre Saint-Omer y Dunkerque (183,9 km). Antes de la tradicional llegada en la plaza Jean Bart de Dunkerque, los corredores afrontar\u00e1n subidas como el Mont des Cats o el Mont de Boeschepe, antes de encarar un circuito urbano de 8 km que se recorrer\u00e1 en siete ocasiones.<\/p>\n<p>&#13;<\/p>\n<p><img decoding=\"async\" src=\"https:\/\/www.europesays.com\/es\/wp-content\/uploads\/2025\/12\/4-dias-dunkerque-etapas-g-2025-4jdd-press.jpg\" alt=\"Etapas de los 4 D\u00edas de Dunkerque 2026\" title=\"Etapas de los 4 D\u00edas de Dunkerque 2026\" width=\"100%\" loading=\"lazy\"\/><\/p>\n<p>&#13;<br \/>\nUna edici\u00f3n con historia&#13;<\/p>\n<p>Desde su fundaci\u00f3n en 1955, los <a href=\"https:\/\/www.esciclismo.com\/especiales\/dunkerque\/\" rel=\"nofollow noopener\" target=\"_blank\">4 D\u00edas de Dunkerque<\/a> han coronado a campeones hist\u00f3ricos como Jacques Anquetil, Freddy Maertens, Bernard Hinault, Philippe Gilbert o, m\u00e1s recientemente, Sam Bennett y Sam Watson. En 2026, la organizaci\u00f3n espera una participaci\u00f3n de primer nivel para conmemorar las 70 ediciones de esta cita imprescindible del ciclismo internacional.<\/p>\n<p>&#13;<\/p>\n<p>El espect\u00e1culo est\u00e1 asegurado en las carreteras del norte de Francia, con un recorrido que premiar\u00e1 tanto la fuerza como la t\u00e1ctica, y que consagrar\u00e1 a un nuevo nombre en la historia de los 4 D\u00edas de Dunkerque.<\/p>\n<p>&#13;<br \/>\n&#13;<br \/>\n&#13;<br \/>\nEsCiclismo &#8211; Todos los derechos reservados. Est\u00e1 prohibido todo tipo de reproducci\u00f3n sin autorizaci\u00f3n expresa escrita.<br \/>&#13;<br \/>\n&#13;<\/p>\n","protected":false},"excerpt":{"rendered":"&#13; &#13; &#13; &#13; &#13; EsCiclismo.com \u00b7 Competici\u00f3n Carretera \u00b7 02\/12\/2025 La carrera ciclista francesa de categor\u00eda UCI&hellip;\n","protected":false},"author":2,"featured_media":267985,"comment_status":"","ping_status":"","sticky":false,"template":"","format":"standard","meta":{"footnotes":""},"categories":[273],"tags":[4860,1568,2230,313,1757,45604,312,168,960,34001,2197,25,24,1751,1783,5285,14035,14217,1786,23,167,8595,11214],"class_list":{"0":"post-267984","1":"post","2":"type-post","3":"status-publish","4":"format-standard","5":"has-post-thumbnail","7":"category-ciclismo","8":"tag-carrera","9":"tag-categoria","10":"tag-celebrara","11":"tag-ciclismo","12":"tag-ciclista","13":"tag-combina","14":"tag-cycling","15":"tag-deportes","16":"tag-dias","17":"tag-dureza","18":"tag-edicion","19":"tag-es","20":"tag-espana","21":"tag-francesa","22":"tag-la","23":"tag-novedades","24":"tag-organizacion","25":"tag-proseries","26":"tag-recorrido","27":"tag-spain","28":"tag-sports","29":"tag-tradicion","30":"tag-uci"},"share_on_mastodon":{"url":"https:\/\/pubeurope.com\/@es\/115652395864243611","error":""},"_links":{"self":[{"href":"https:\/\/www.europesays.com\/es\/wp-json\/wp\/v2\/posts\/267984","targetHints":{"allow":["GET"]}}],"collection":[{"href":"https:\/\/www.europesays.com\/es\/wp-json\/wp\/v2\/posts"}],"about":[{"href":"https:\/\/www.europesays.com\/es\/wp-json\/wp\/v2\/types\/post"}],"author":[{"embeddable":true,"href":"https:\/\/www.europesays.com\/es\/wp-json\/wp\/v2\/users\/2"}],"replies":[{"embeddable":true,"href":"https:\/\/www.europesays.com\/es\/wp-json\/wp\/v2\/comments?post=267984"}],"version-history":[{"count":0,"href":"https:\/\/www.europesays.com\/es\/wp-json\/wp\/v2\/posts\/267984\/revisions"}],"wp:featuredmedia":[{"embeddable":true,"href":"https:\/\/www.europesays.com\/es\/wp-json\/wp\/v2\/media\/267985"}],"wp:attachment":[{"href":"https:\/\/www.europesays.com\/es\/wp-json\/wp\/v2\/media?parent=267984"}],"wp:term":[{"taxonomy":"category","embeddable":true,"href":"https:\/\/www.europesays.com\/es\/wp-json\/wp\/v2\/categories?post=267984"},{"taxonomy":"post_tag","embeddable":true,"href":"https:\/\/www.europesays.com\/es\/wp-json\/wp\/v2\/tags?post=267984"}],"curies":[{"name":"wp","href":"https:\/\/api.w.org\/{rel}","templated":true}]}}