{"id":267988,"date":"2025-12-02T22:46:10","date_gmt":"2025-12-02T22:46:10","guid":{"rendered":"https:\/\/www.europesays.com\/es\/267988\/"},"modified":"2025-12-02T22:46:10","modified_gmt":"2025-12-02T22:46:10","slug":"el-mallorca-sufre-pero-pasa-ronda","status":"publish","type":"post","link":"https:\/\/www.europesays.com\/es\/267988\/","title":{"rendered":"El Mallorca sufre, pero pasa ronda"},"content":{"rendered":"<p><strong>El Mallorca estar\u00e1 en el pr\u00f3ximo sorteo de la <a href=\"https:\/\/www.ultimahora.es\/etiqueta\/Copa+del+Rey.html?utm_source=Inline-tag&amp;utm_medium=internal\" rel=\"nofollow noopener\" target=\"_blank\">Copa del Rey<\/a><\/strong> despu\u00e9s de vencer en Soria <strong>2-3 al Numancia, de 2\u00aa RFEF, gracias a otro doblete copero de <a href=\"https:\/\/www.ultimahora.es\/etiqueta\/Abd%C3%B3n+Prats.html?utm_source=Inline-tag&amp;utm_medium=internal\" rel=\"nofollow noopener\" target=\"_blank\">Abd\u00f3n Prats<\/a> y a otro tanto de Javi Llabr\u00e9s<\/strong>. Con un once totalmente diferente al que se med\u00eda el pasado s\u00e1bado ante Osasuna se presentaba el Mallorca en Los Pajaritos. Destacaba la inclusi\u00f3n de <strong>Kumbulla, ausente tras dos meses y medio de lesi\u00f3n<\/strong>, y de <strong>Iliesse Salhi<\/strong>, lateral del Mallorca B, que ya jug\u00f3 en Copa ante el Sant Just. Desde los primeros momentos el conjunto de <strong>Arrasate, socio n\u00famero 1.036 del conjunto castellano<\/strong>, se hac\u00eda due\u00f1o del esf\u00e9rico y no tard\u00f3 en poner en franquicia la eliminatoria cuando <strong>Javi Llabr\u00e9s aprovech\u00f3 un buen pase de Asano para batir de un fuerte disparo por alto a Abad<\/strong>. El gol anim\u00f3 a\u00fan m\u00e1s al Mallorca y el propio jugador japon\u00e9s estuvo a punto de incrementar la ventaja en dos ocasiones; primero tras un<strong> pase de fantas\u00eda de Abd\u00f3n Prats<\/strong> pero su disparo se march\u00f3 cruzado y poco despu\u00e9s tras otro gran pase de Antonio S\u00e1nchez pero <strong>err\u00f3 en su intento de vaselina<\/strong>.<\/p>\n<p>Daba la sensaci\u00f3n de que como mejor se defend\u00eda el Mallorca era con el bal\u00f3n ya que <strong>s\u00f3lo el desacierto de Jony y Danese evitaron que el equipo mallorqu\u00edn sufriera un revolc\u00f3n<\/strong>. Para evitar sustos acud\u00eda a su cita con el gol copero Abd\u00f3n, que aprovech\u00f3 un remate forzado de Kumbulla que peg\u00f3 en el poste para batir al portero local. Reaccionaba el Numancia con Matos, quien tras irse de Mateu Morey, filtr\u00f3 un pase rematado por De Frutos bien atajado por Cu\u00e9llar. <strong>La banda izquierda era por donde llegaban pr\u00e1cticamente todas las jugadas de peligro del conjunto de \u00c1ngel Rodr\u00edguez<\/strong>. Antonio S\u00e1nchez no llegaba por poco a un buen pase de Pablo Torre en lo que fue la <strong>\u00faltima acci\u00f3n de peligro<\/strong> del equipo de Arrasate antes del descanso.<\/p>\n<p>En el segundo per\u00edodo, el Numancia pon\u00eda emoci\u00f3n al encuentro tras una <strong>p\u00e9rdida de Kumbulla, que aprovech\u00f3 Jony para batir a Cu\u00e9llar<\/strong>. El gol espole\u00f3 a los locales y Carlos Guti\u00e9rrez mandaba su <strong>cabezazo al larguero<\/strong> tras un saque de esquina. Segu\u00eda desconectado el Mallorca y Jony rozaba el empate en un remate forzado.<strong> El defensa italiano Danese sal\u00eda al rescate del Mallorca<\/strong> perdiendo el bal\u00f3n y haciendo<strong> penalti a Asano, que transform\u00f3 Abd\u00f3n Prats<\/strong>. Arrasate dio entrada a Valjent y Marc Domenech por Kumbulla y Asano. Parec\u00eda que el Mallorca ten\u00eda controlado el partido, pero el defensa italiano <strong>se rehac\u00eda de su error anterior y pon\u00eda el 2-3<\/strong> poco antes de que Cu\u00e9llar realizara una gran parada. Salieron Mascarell y Sam\u00fa Costa para intentar gobernar la sala de m\u00e1quinas y Virgili para sentenciar a la contra. Sufri\u00f3 el Mallorca en el descuento y<strong> \u00c1lex Gil tuvo la ocasi\u00f3n de llevar el partido a la pr\u00f3rroga pero C\u00faellar<\/strong> evit\u00f3 m\u00e1s sustos y en la \u00faltima acci\u00f3n, <strong>Virgili no supo batir a Abad<\/strong>.<\/p>\n","protected":false},"excerpt":{"rendered":"El Mallorca estar\u00e1 en el pr\u00f3ximo sorteo de la Copa del Rey despu\u00e9s de vencer en Soria 2-3&hellip;\n","protected":false},"author":2,"featured_media":267989,"comment_status":"","ping_status":"","sticky":false,"template":"","format":"standard","meta":{"footnotes":""},"categories":[268],"tags":[66099,16385,1941,168,25,24,280,282,23015,288,1945,13752,14023,281,23,167,1529,21],"class_list":{"0":"post-267988","1":"post","2":"type-post","3":"status-publish","4":"format-standard","5":"has-post-thumbnail","7":"category-futbol","8":"tag-abdon-prats","9":"tag-cd-numancia","10":"tag-copa-del-rey","11":"tag-deportes","12":"tag-es","13":"tag-espana","14":"tag-football","15":"tag-futbol","16":"tag-jagoba-arrasate","17":"tag-laliga","18":"tag-primera-division","19":"tag-rcd-mallorca","20":"tag-real-mallorca","21":"tag-soccer","22":"tag-spain","23":"tag-sports","24":"tag-ultima-hora","25":"tag-ultimas-noticias"},"share_on_mastodon":{"url":"https:\/\/pubeurope.com\/@es\/115652407144612280","error":""},"_links":{"self":[{"href":"https:\/\/www.europesays.com\/es\/wp-json\/wp\/v2\/posts\/267988","targetHints":{"allow":["GET"]}}],"collection":[{"href":"https:\/\/www.europesays.com\/es\/wp-json\/wp\/v2\/posts"}],"about":[{"href":"https:\/\/www.europesays.com\/es\/wp-json\/wp\/v2\/types\/post"}],"author":[{"embeddable":true,"href":"https:\/\/www.europesays.com\/es\/wp-json\/wp\/v2\/users\/2"}],"replies":[{"embeddable":true,"href":"https:\/\/www.europesays.com\/es\/wp-json\/wp\/v2\/comments?post=267988"}],"version-history":[{"count":0,"href":"https:\/\/www.europesays.com\/es\/wp-json\/wp\/v2\/posts\/267988\/revisions"}],"wp:featuredmedia":[{"embeddable":true,"href":"https:\/\/www.europesays.com\/es\/wp-json\/wp\/v2\/media\/267989"}],"wp:attachment":[{"href":"https:\/\/www.europesays.com\/es\/wp-json\/wp\/v2\/media?parent=267988"}],"wp:term":[{"taxonomy":"category","embeddable":true,"href":"https:\/\/www.europesays.com\/es\/wp-json\/wp\/v2\/categories?post=267988"},{"taxonomy":"post_tag","embeddable":true,"href":"https:\/\/www.europesays.com\/es\/wp-json\/wp\/v2\/tags?post=267988"}],"curies":[{"name":"wp","href":"https:\/\/api.w.org\/{rel}","templated":true}]}}