{"id":267999,"date":"2025-12-02T22:53:16","date_gmt":"2025-12-02T22:53:16","guid":{"rendered":"https:\/\/www.europesays.com\/es\/267999\/"},"modified":"2025-12-02T22:53:16","modified_gmt":"2025-12-02T22:53:16","slug":"0-3-carlos-vicente-y-toni-martinez-castigan-a-un-buen-portugalete-y-clasifican-al-alaves","status":"publish","type":"post","link":"https:\/\/www.europesays.com\/es\/267999\/","title":{"rendered":"0-3. Carlos Vicente y Toni Mart\u00ednez castigan a un buen Portugalete y clasifican al Alav\u00e9s"},"content":{"rendered":"<p class=\"mb-4 text-lg md:leading-8 break-words\">Portugalete (Bizkaia), 2 dic (EFE).- Carlos Vicente y Toni Mart\u00ednez lideraron la victoria del Deportivo Alav\u00e9s ante el Portugalete, de Tercera RFEF, en el campo de La Florida, por 0-3, que clasific\u00f3 al conjunto vitoriano para los dieciseisavos de final de la Copa del Rey.<\/p>\n<p class=\"mb-4 text-lg md:leading-8 break-words\">Vicente, que abri\u00f3 el marcador en el minuto 3, fue el jugador m\u00e1s peligroso de su equipo y cedi\u00f3 el 0-3 en el tiempo a\u00f1adido a un Toni Mart\u00ednez que hab\u00eda provocado el 0-2 con un centro al \u00e1rea que el central Gorka Tapiador remat\u00f3 sobre su propia porter\u00eda.<\/p>\n<p class=\"mb-4 text-lg md:leading-8 break-words\">Un resultado m\u00e1s abultado de lo que mereci\u00f3 un Portugalete que arranc\u00f3 atacando y busc\u00f3 siempre el empate hasta que la jugada desgraciada de Tapiador, en el minuto 71 acab\u00f3 con la ilusi\u00f3n que hab\u00eda alimentando en la primera ronda superando en La Florida, hoy lleno, al Real Valladolid.<\/p>\n<p class=\"mb-4 text-lg md:leading-8 break-words\">El Alav\u00e9s confirm\u00f3 su pegada esta temporada en Bizkaia, donde gan\u00f3 en primera ronda al Getxo por 0-7 y en San Mam\u00e9s en LaLiga 0-1 antes del 0-3 de este martes.<\/p>\n<p class=\"mb-4 text-lg md:leading-8 break-words\">De inicio, amag\u00f3 el Portu y despu\u00e9s dio el Alav\u00e9s. Todo en poco m\u00e1s de dos minutos. Primero a los gualdinegros Xabi G\u00f3mez y Belar les falt\u00f3 poco para aprovechar una contra en la que encararon a los centrales locales; y despu\u00e9s Vicente impuso la jerarqu\u00eda de un jugador destacado de Primera para hacer el 0-1 con zapatazo ya dentro del \u00e1rea tras un error local en el despeje en el pico del \u00e1rea.<\/p>\n<p class=\"mb-4 text-lg md:leading-8 break-words\">El extremo zaragozano aprovech\u00f3 un bal\u00f3n en largo de Guevara, que le busc\u00f3 m\u00e1s veces en ese tipo de jugada siempre con mucho peligro.<\/p>\n<p class=\"mb-4 text-lg md:leading-8 break-words\">Como lo tuvo un cabezazo de Recio al lateral de la red en un centro a bal\u00f3n parado del zurdo Crespo y m\u00e1s a\u00fan un mano a mano de Toni Mart\u00ednez, tras un gran pase de Yusi Enr\u00edquez en el que se le impuso el meta local Ibon Gonz\u00e1lez.<\/p>\n<p class=\"mb-4 text-lg md:leading-8 break-words\">Vicente estuvo a punto de aprovechar otro bal\u00f3n largo de Protesoni llegando a la media hora y ya hasta el final de la primera parte fue el Portu el que lleg\u00f3 con m\u00e1s peligro al \u00e1rea rival con un primer disparo de Xabi G\u00f3mez, que detuvo sobrio el bilba\u00edno Ra\u00fal Fern\u00e1ndez, y dos posteriores de Llamazares que no encontraron porter\u00eda.<\/p>\n<p class=\"mb-4 text-lg md:leading-8 break-words\">El Alav\u00e9s sali\u00f3 decidido a sentenciar en el arranque de la segunda mitad, pero a Toni Mart\u00ednez le falt\u00f3 finura en otro mano a mano con Ibon y a Mariano velocidad para impedir que Tapiador se le adelantase ya dentro del \u00e1rea. Ale\u00f1\u00e1 tambi\u00e9n se encontr\u00f3 con Ibon en un cabezazo tras c\u00f3rner.<\/p>\n<p><img alt=\"\" loading=\"lazy\" width=\"960\" height=\"640\" decoding=\"async\" data-nimg=\"1\" class=\"rounded-lg\" style=\"color:transparent\" src=\"https:\/\/www.europesays.com\/es\/wp-content\/uploads\/2025\/12\/551a50b4a6e9b82e64a5b0fddad6bf43.jpeg\"\/><\/p>\n<p class=\"mb-4 text-lg md:leading-8 break-words\">Reaccionaron los de Egoitz Bilbao y Alfaro exigi\u00f3 a Ra\u00fal Fern\u00e1ndez dentro del \u00e1rea visitante rematando un bal\u00f3n suelto sin apenas \u00e1ngulo.<\/p>\n<p class=\"mb-4 text-lg md:leading-8 break-words\">Una ca\u00edda de Alex P\u00e9rez ante Protesoni que Alejando Mu\u00f1iz resolvi\u00f3 con amarilla al delantero por tirarse, pero que de haber habido VAR igual hubiese tenido que variar la decisi\u00f3n, precedi\u00f3 al 0-2 que sentenci\u00f3 el partido.<\/p>\n<p class=\"mb-4 text-lg md:leading-8 break-words\">Fue en un centro de Toni Mart\u00ednez que Tapiador despej\u00f3 hacia su propia porter\u00eda. Gol determinante pero no el \u00faltimo ya que Toni Mart\u00ednez puso el 0-3 en el 91 en una contra en la que Vicente le cedi\u00f3 generoso el bal\u00f3n para marcar.<\/p>\n<p class=\"mb-4 text-lg md:leading-8 break-words\">&#8211; Ficha t\u00e9cnica:<\/p>\n<p class=\"mb-4 text-lg md:leading-8 break-words\">0 &#8211; Portugalete: Ibon Gonz\u00e1lez; Gonzalo Alfaro, Ander Gonz\u00e1lez, Oier del Cura, Gorka Tapiador (Corres, m.75), I\u00f1aki Recio; Iker Llamazares, Yeray Cuello (Andoni P\u00e9rez, m.75): Pedro Belar (Lete, m.66), Gorka Crespo (I\u00f1aki Bilbao, m.82); y Xabi G\u00f3mez (Alex P\u00e9rez, m.66).<\/p>\n<p class=\"mb-4 text-lg md:leading-8 break-words\">3 &#8211; Alav\u00e9s: Ra\u00fal Fern\u00e1ndez; Egoitz Mu\u00f1oz, ProMoussa Diarra, Protesoni, Yusi Enr\u00edquez (Xanet Olaiz, m.89); Vicente, Guevara (Blanco, m.63), Guridi (Ib\u00e1\u00f1ez, m.63), Ale\u00f1\u00e1 (Izei Hern\u00e1ndez, m.84); Toni Mart\u00ednez y Mariano (Ma\u00f1as, m.63).<\/p>\n<p class=\"mb-4 text-lg md:leading-8 break-words\">Goles: 0-1, m.3: Carlos Vicente. 0-2, m.71: Tapiador, en propia puerta. 0-3, m.91: Toni Mart\u00ednez.<\/p>\n<p class=\"mb-4 text-lg md:leading-8 break-words\">\u00c1rbitro: Alejandro Mu\u00f1iz (Comit\u00e9 Gallego). Mostr\u00f3 tarjeta amarilla a los locales Del Cura (m.36) y Alex P\u00e9rez (m.70) y a los visitantes Guridi (m.21), Mariano (m.34) y Yusi.<\/p>\n<p class=\"mb-4 text-lg md:leading-8 break-words\">Incidencias: Partido de la segunda ronda de la Copa del Rey disputado en el campo de La Florida, abarrotado por 3.000 espectadores. De ellos unos 200 aficionados visitantes.<\/p>\n<p><img alt=\"\" loading=\"lazy\" width=\"960\" height=\"640\" decoding=\"async\" data-nimg=\"1\" class=\"rounded-lg\" style=\"color:transparent\" src=\"https:\/\/www.europesays.com\/es\/wp-content\/uploads\/2025\/12\/509ba06201ec87c5949299c4b5dc1d4c.jpeg\"\/><\/p>\n<p class=\"mb-4 text-lg md:leading-8 break-words\">(c) Agencia EFE<\/p>\n","protected":false},"excerpt":{"rendered":"Portugalete (Bizkaia), 2 dic (EFE).- Carlos Vicente y Toni Mart\u00ednez lideraron la victoria del Deportivo Alav\u00e9s ante el&hellip;\n","protected":false},"author":2,"featured_media":268000,"comment_status":"","ping_status":"","sticky":false,"template":"","format":"standard","meta":{"footnotes":""},"categories":[93],"tags":[66100,168,13894,25,24,66102,31303,23,167,66101],"class_list":{"0":"post-267999","1":"post","2":"type-post","3":"status-publish","4":"format-standard","5":"has-post-thumbnail","7":"category-deportes","8":"tag-carlos-vicente","9":"tag-deportes","10":"tag-deportivo-alaves","11":"tag-es","12":"tag-espana","13":"tag-la-florida","14":"tag-portugalete","15":"tag-spain","16":"tag-sports","17":"tag-toni-martinez"},"share_on_mastodon":{"url":"https:\/\/pubeurope.com\/@es\/115652434934776728","error":""},"_links":{"self":[{"href":"https:\/\/www.europesays.com\/es\/wp-json\/wp\/v2\/posts\/267999","targetHints":{"allow":["GET"]}}],"collection":[{"href":"https:\/\/www.europesays.com\/es\/wp-json\/wp\/v2\/posts"}],"about":[{"href":"https:\/\/www.europesays.com\/es\/wp-json\/wp\/v2\/types\/post"}],"author":[{"embeddable":true,"href":"https:\/\/www.europesays.com\/es\/wp-json\/wp\/v2\/users\/2"}],"replies":[{"embeddable":true,"href":"https:\/\/www.europesays.com\/es\/wp-json\/wp\/v2\/comments?post=267999"}],"version-history":[{"count":0,"href":"https:\/\/www.europesays.com\/es\/wp-json\/wp\/v2\/posts\/267999\/revisions"}],"wp:featuredmedia":[{"embeddable":true,"href":"https:\/\/www.europesays.com\/es\/wp-json\/wp\/v2\/media\/268000"}],"wp:attachment":[{"href":"https:\/\/www.europesays.com\/es\/wp-json\/wp\/v2\/media?parent=267999"}],"wp:term":[{"taxonomy":"category","embeddable":true,"href":"https:\/\/www.europesays.com\/es\/wp-json\/wp\/v2\/categories?post=267999"},{"taxonomy":"post_tag","embeddable":true,"href":"https:\/\/www.europesays.com\/es\/wp-json\/wp\/v2\/tags?post=267999"}],"curies":[{"name":"wp","href":"https:\/\/api.w.org\/{rel}","templated":true}]}}