{"id":268001,"date":"2025-12-02T22:55:11","date_gmt":"2025-12-02T22:55:11","guid":{"rendered":"https:\/\/www.europesays.com\/es\/268001\/"},"modified":"2025-12-02T22:55:11","modified_gmt":"2025-12-02T22:55:11","slug":"estoy-cabreada-conmigo-misma-por-haber-valorado-la-opcion","status":"publish","type":"post","link":"https:\/\/www.europesays.com\/es\/268001\/","title":{"rendered":"Estoy cabreada conmigo misma por haber valorado la opci\u00f3n"},"content":{"rendered":"\n<p> La segunda edici\u00f3n de <a href=\"https:\/\/www.elconfidencial.com\/television\/programas-tv\/2025-12-01\/casa-gemelos-dos-concursantes_4258034\/\" target=\"_blank\" rel=\"nofollow noopener\"><strong>La casa de los gemelos<\/strong><\/a>, el pol\u00e9mico reality show de internet que lideran Zona Gemelos, est\u00e1 en boca de todos por el casting televisivo que prepara para su regreso. Y <strong>entre los nombres m\u00e1s sonados est\u00e1 el de <\/strong><a href=\"https:\/\/www.elconfidencial.com\/television\/programas-tv\/2025-11-28\/aida-nizar-gh20-manipulacion_4256611\/\" target=\"_blank\" rel=\"nofollow noopener\"><strong>A\u00edda N\u00edzar<\/strong><\/a><strong>.<\/strong> <\/p>\n<p> Pero la que fuera concursante de Gran Hermano 5, Supervivientes 2011 y GH VIP 5, nos explica en exclusiva a <a href=\"https:\/\/www.elconfidencial.com\/television\/\" target=\"_blank\" rel=\"nofollow noopener\">El Confidencial<\/a> por qu\u00e9 <strong>ha decidido finalmente decir que no<\/strong> a pesar de conseguir el cach\u00e9 que hab\u00eda solicitado, que ronda los 35.000 euros. <\/p>\n<p> A\u00edda nos cuenta que no hab\u00eda visto las im\u00e1genes de la primera edici\u00f3n, tan solo alg\u00fan corte de las tertulias que hacen con Coto Motamoros: \u00abConozco la existencia de este reality porque un v\u00eddeo m\u00edo de Instagram se dispara y en los comentarios <strong>me empiezan a decir que tengo que ir a ese programa de unos tal gemelos\u00bb.<\/strong> <\/p>\n<p> \u00abEntonces me lo pienso y negociamos el cach\u00e9, pero <strong>anoche vi las im\u00e1genes y me escandalic\u00e9. <\/strong>En mi vida hab\u00eda visto algo as\u00ed, estoy en shock. Es una bazofia y me ofende que me hayan visto capaz de decir que s\u00ed. <strong>No hay dinero para comprar mi dignidad<\/strong>\u00ab, a\u00f1ade. <\/p>\n<p> \u00abA\u00edda no bebe, no fuma, no se droga&#8230; no formo parte del mundo de las adicciones que transforma personalidades, por eso adoro mi vida. <strong>Quiero que mis sobrinos est\u00e9n orgullosos de m\u00ed. <\/strong>Estoy indignada conmigo misma por haber valorado la opci\u00f3n, por hab\u00e9rmelo pensado\u00bb, nos detalla. <\/p>\n<p>                A\u00edda N\u00edzar            <\/p>\n<p> La que fuera colaboradora de Cr\u00f3nicas Marcianas, lo tiene claro: <strong>\u00abUna cosa es que sea revolucionaria y otra que participe de este circo romano con agresiones f\u00edsicas. <\/strong>Esto no es televisi\u00f3n, no es entretenimiento, no es crispaci\u00f3n, no es un reality&#8230; es como si cojo mierda del v\u00e1ter y me la unto en la cara\u00bb. <\/p>\n<p> <strong>\u00abMe preocupa que hayan pensado que puedo formar parte de este show de vicio, perversi\u00f3n, faltas de respeto y agresiones. <\/strong>Me han partido la cara por defender a gente, por alzar la voz de la sociedad, pero no por drogarme, beber, agredir&#8230;\u00bb, declara. <\/p>\n<p>                \u00abEsto no es un reto televisivo, es asquerosidad\u00bb           <\/p>\n<p> De esta forma ya ha dicho que no va a participar: \u00abPueden decir que me pagan el cach\u00e9 que les he pedido y que ahora les digo que no, no est\u00e1 bien por mi parte, pero es que <strong>no hab\u00eda visto realmente lo que es <\/strong><strong>La casa de los gemelos<\/strong><strong>\u00ab.<\/strong> <\/p>\n<p> <strong>\u00abHe sido ingenua&#8230; me da igual que se enfaden porque yo no he traicionado a nadie<\/strong>, y aunque me sabe mal no cumplir ahora con mi palabra, no quiero formar parte de esto. De un mundo de vicios y perversi\u00f3n. A\u00edda no es nada de esto\u00bb, a\u00f1ade. <\/p>\n<p> Para finalizar, asegura lo siguiente: <strong>\u00abMiedo no tengo, es indignaci\u00f3n.<\/strong> Me encantan los retos televisivos, pero esto no es ni siquiera un reto. Es una asquerosidad. Detr\u00e1s del reality est\u00e1 un productor de un important\u00edsimo programa&#8230; y me indigna que s\u00ed me quiera para esto, pero no para llevarme a su espacio\u00bb. <\/p>\n<p> La segunda edici\u00f3n de <a href=\"https:\/\/www.elconfidencial.com\/television\/programas-tv\/2025-12-01\/casa-gemelos-dos-concursantes_4258034\/\" target=\"_blank\" rel=\"nofollow noopener\"><strong>La casa de los gemelos<\/strong><\/a>, el pol\u00e9mico reality show de internet que lideran Zona Gemelos, est\u00e1 en boca de todos por el casting televisivo que prepara para su regreso. Y <strong>entre los nombres m\u00e1s sonados est\u00e1 el de <\/strong><a href=\"https:\/\/www.elconfidencial.com\/television\/programas-tv\/2025-11-28\/aida-nizar-gh20-manipulacion_4256611\/\" target=\"_blank\" rel=\"nofollow noopener\"><strong>A\u00edda N\u00edzar<\/strong><\/a><strong>.<\/strong> <\/p>\n","protected":false},"excerpt":{"rendered":"La segunda edici\u00f3n de La casa de los gemelos, el pol\u00e9mico reality show de internet que lideran Zona&hellip;\n","protected":false},"author":2,"featured_media":268002,"comment_status":"","ping_status":"","sticky":false,"template":"","format":"standard","meta":{"footnotes":""},"categories":[91],"tags":[146,147,25,24,23],"class_list":{"0":"post-268001","1":"post","2":"type-post","3":"status-publish","4":"format-standard","5":"has-post-thumbnail","7":"category-entretenimiento","8":"tag-entertainment","9":"tag-entretenimiento","10":"tag-es","11":"tag-espana","12":"tag-spain"},"share_on_mastodon":{"url":"https:\/\/pubeurope.com\/@es\/115652442582300399","error":""},"_links":{"self":[{"href":"https:\/\/www.europesays.com\/es\/wp-json\/wp\/v2\/posts\/268001","targetHints":{"allow":["GET"]}}],"collection":[{"href":"https:\/\/www.europesays.com\/es\/wp-json\/wp\/v2\/posts"}],"about":[{"href":"https:\/\/www.europesays.com\/es\/wp-json\/wp\/v2\/types\/post"}],"author":[{"embeddable":true,"href":"https:\/\/www.europesays.com\/es\/wp-json\/wp\/v2\/users\/2"}],"replies":[{"embeddable":true,"href":"https:\/\/www.europesays.com\/es\/wp-json\/wp\/v2\/comments?post=268001"}],"version-history":[{"count":0,"href":"https:\/\/www.europesays.com\/es\/wp-json\/wp\/v2\/posts\/268001\/revisions"}],"wp:featuredmedia":[{"embeddable":true,"href":"https:\/\/www.europesays.com\/es\/wp-json\/wp\/v2\/media\/268002"}],"wp:attachment":[{"href":"https:\/\/www.europesays.com\/es\/wp-json\/wp\/v2\/media?parent=268001"}],"wp:term":[{"taxonomy":"category","embeddable":true,"href":"https:\/\/www.europesays.com\/es\/wp-json\/wp\/v2\/categories?post=268001"},{"taxonomy":"post_tag","embeddable":true,"href":"https:\/\/www.europesays.com\/es\/wp-json\/wp\/v2\/tags?post=268001"}],"curies":[{"name":"wp","href":"https:\/\/api.w.org\/{rel}","templated":true}]}}