{"id":268003,"date":"2025-12-02T22:56:11","date_gmt":"2025-12-02T22:56:11","guid":{"rendered":"https:\/\/www.europesays.com\/es\/268003\/"},"modified":"2025-12-02T22:56:11","modified_gmt":"2025-12-02T22:56:11","slug":"la-estacion-espacial-internacional-alcanza-un-hito-historico-con-ocho-naves-acopladas-nasanet","status":"publish","type":"post","link":"https:\/\/www.europesays.com\/es\/268003\/","title":{"rendered":"La Estaci\u00f3n Espacial Internacional Alcanza un Hito Hist\u00f3rico con Ocho Naves Acopladas :: NASANET"},"content":{"rendered":"<p><a href=\"https:\/\/www.lanasa.net\/download_file\/view\/5817\/2827\" rel=\"nofollow noopener\" target=\"_blank\"><img loading=\"lazy\" decoding=\"async\" src=\"https:\/\/www.europesays.com\/es\/wp-content\/uploads\/2025\/12\/newsiss021225.jpg\" alt=\"La Estaci\u00f3n Espacial Internacional Alcanza un Hito Hist\u00f3rico con Ocho Naves Acopladas\" height=\"720\" width=\"1280\"\/><\/a>&#13;<br \/>\nLos puertos de acoplamiento de la ISS con sus respectivas naves acopladas. <strong>Credit: NASA<\/strong>&#13;<\/p>\n<p style=\"text-align: justify;\">Por primera vez en su historia, la Estaci\u00f3n Espacial Internacional (ISS) tiene todos sus puertos de acoplamiento ocupados, con ocho naves acopladas simult\u00e1neamente. Este r\u00e9cord se logr\u00f3 tras la reinstalaci\u00f3n de la nave de carga Cygnus XL de Northrop Grumman en el puerto orientado hacia la Tierra del m\u00f3dulo Unity.<\/p>\n<p style=\"text-align: justify;\">Actualmente, la ISS alberga: dos naves Dragon de SpaceX, la Cygnus XL, la HTV-X1 de la agencia espacial japonesa JAXA, dos Soyuz tripuladas de Roscosmos y dos naves de carga Progress.<\/p>\n<p style=\"text-align: justify;\">El reciente acoplamiento de Cygnus XL forma parte de la misi\u00f3n de reabastecimiento Northrop Grumman-23 de la NASA. La nave fue retirada la semana pasada por el oficial de rob\u00f3tica desde el Centro de Control de Misiones en Houston, utilizando el brazo rob\u00f3tico Canadarm2, y su traslado se coordin\u00f3 con Roscosmos para permitir la llegada de la Soyuz MS-28 el 27 de noviembre.<\/p>\n<p style=\"text-align: justify;\">Se espera que Cygnus permanezca unida a la estaci\u00f3n hasta marzo de 2026, cuando partir\u00e1 de manera segura, eliminando hasta cinco toneladas de carga y residuos que se destruir\u00e1n al reingresar a la atm\u00f3sfera terrestre.<\/p>\n<p style=\"text-align: justify;\">Mientras tanto, la tripulaci\u00f3n de la Expedici\u00f3n 73, compuesta por diez astronautas, continu\u00f3 con experimentos de biolog\u00eda y f\u00edsica, al tiempo que se preparaba para la partida de una nave Soyuz rusa la pr\u00f3xima semana.<\/p>\n<p style=\"text-align: justify;\">El lunes, la ISS volver\u00e1 a tener siete ocupantes, que conformar\u00e1n la Expedici\u00f3n 74. El astronauta Jonny Kim, de la NASA, y los cosmonautas Sergey Ryzhikov y Alexey Zubritsky, de Roscosmos, abordar\u00e1n la Soyuz MS-27, se desacoplar\u00e1n del m\u00f3dulo Prichal y aterrizar\u00e1n en paraca\u00eddas en Kazajist\u00e1n.<\/p>\n","protected":false},"excerpt":{"rendered":"&#13; Los puertos de acoplamiento de la ISS con sus respectivas naves acopladas. Credit: NASA&#13; Por primera vez&hellip;\n","protected":false},"author":2,"featured_media":268004,"comment_status":"","ping_status":"","sticky":false,"template":"","format":"standard","meta":{"footnotes":""},"categories":[81],"tags":[119,123,124,25,24,117,121,122,23,118,120],"class_list":{"0":"post-268003","1":"post","2":"type-post","3":"status-publish","4":"format-standard","5":"has-post-thumbnail","7":"category-ciencia-y-tecnologia","8":"tag-ciencia","9":"tag-ciencia-y-tecnologia","10":"tag-cienciaytecnologia","11":"tag-es","12":"tag-espana","13":"tag-science","14":"tag-science-and-technology","15":"tag-scienceandtechnology","16":"tag-spain","17":"tag-technology","18":"tag-tecnologia"},"share_on_mastodon":{"url":"https:\/\/pubeurope.com\/@es\/115652446877132624","error":""},"_links":{"self":[{"href":"https:\/\/www.europesays.com\/es\/wp-json\/wp\/v2\/posts\/268003","targetHints":{"allow":["GET"]}}],"collection":[{"href":"https:\/\/www.europesays.com\/es\/wp-json\/wp\/v2\/posts"}],"about":[{"href":"https:\/\/www.europesays.com\/es\/wp-json\/wp\/v2\/types\/post"}],"author":[{"embeddable":true,"href":"https:\/\/www.europesays.com\/es\/wp-json\/wp\/v2\/users\/2"}],"replies":[{"embeddable":true,"href":"https:\/\/www.europesays.com\/es\/wp-json\/wp\/v2\/comments?post=268003"}],"version-history":[{"count":0,"href":"https:\/\/www.europesays.com\/es\/wp-json\/wp\/v2\/posts\/268003\/revisions"}],"wp:featuredmedia":[{"embeddable":true,"href":"https:\/\/www.europesays.com\/es\/wp-json\/wp\/v2\/media\/268004"}],"wp:attachment":[{"href":"https:\/\/www.europesays.com\/es\/wp-json\/wp\/v2\/media?parent=268003"}],"wp:term":[{"taxonomy":"category","embeddable":true,"href":"https:\/\/www.europesays.com\/es\/wp-json\/wp\/v2\/categories?post=268003"},{"taxonomy":"post_tag","embeddable":true,"href":"https:\/\/www.europesays.com\/es\/wp-json\/wp\/v2\/tags?post=268003"}],"curies":[{"name":"wp","href":"https:\/\/api.w.org\/{rel}","templated":true}]}}