{"id":268005,"date":"2025-12-02T22:57:22","date_gmt":"2025-12-02T22:57:22","guid":{"rendered":"https:\/\/www.europesays.com\/es\/268005\/"},"modified":"2025-12-02T22:57:22","modified_gmt":"2025-12-02T22:57:22","slug":"las-ayudas-de-juan-roig-impulsan-la-reactivacion-de-las-empresas-afectadas-por-la-dana","status":"publish","type":"post","link":"https:\/\/www.europesays.com\/es\/268005\/","title":{"rendered":"Las ayudas de Juan Roig impulsan la reactivaci\u00f3n de las empresas afectadas por la dana"},"content":{"rendered":"<p style=\"\"><strong>Marina de Empresas<\/strong> ha celebrado este martes el encuentro interno Alcem-se, una jornada formativa dirigida a los empresarios, aut\u00f3nomos y emprendedores afectados por la <strong>dana<\/strong> que recibieron las ayudas impulsadas por <a href=\"https:\/\/www.abc.es\/espana\/comunidad-valenciana\/gobierno-trump-describe-mercadona-fenomeno-cultural-dominio-20251124155159-nt.html\" target=\"_blank\" data-voc-vtm-id=\"in-text-traffic\" title=\"Juan Roig\" rel=\"nofollow noopener\">Juan Roig<\/a>, presidente de Mercadona, por un total de  &#8230; 35 millones de euros. <\/p>\n<p class=\"voc-p\" style=\"\">Seg\u00fan han confirmado desde la propia iniciativa privada empresarial, el <strong>97% de los negocios<\/strong> afectados por las graves inundaciones del 29 de octubre de 2024 que fueron apoyados por Juan Roig han logrado reabrir, un hito que ha reunido a cerca de 2.000 participantes en el Roig Arena. Las ayudas, a fondo perdido, alcanzaron hasta los 10.000 euros en algunos casos.<\/p>\n<p class=\"voc-p\" style=\"\">Desde Marina de Empresas apuntan que el objetivo es <strong>\u00abseguir apoyando\u00bb<\/strong> la recuperaci\u00f3n y el crecimiento de estos negocios mediante formaci\u00f3n pr\u00e1ctica, motivaci\u00f3n y espacios de conexi\u00f3n entre empresarios, en l\u00ednea con la misi\u00f3n principal de la instituci\u00f3n: formar y acelerar empresarios. <\/p>\n<p class=\"voc-p\" style=\"\">La jornada ha arrancado con una<strong> charla inspiradora del presidente de Mercadona<\/strong>, Juan Roig y, tras una pausa para el caf\u00e9 y el networking, ha continuado con sesiones pr\u00e1cticas de Alejandro Aguilar (ventas), Jorge Alonso (finanzas) e Itziar Oltra (redes sociales). <\/p>\n<p class=\"voc-p\" style=\"\">El encuentro, adem\u00e1s, ha servido para \u00abreforzar el compromiso de acompa\u00f1ar y seguir impulsando a los negocios m\u00e1s all\u00e1 de la ayuda econ\u00f3mica inicial\u00bb, argumentan desde el polo de emprendimiento e innovaci\u00f3n impulsado por el mecenas valenciano.<\/p>\n","protected":false},"excerpt":{"rendered":"Marina de Empresas ha celebrado este martes el encuentro interno Alcem-se, una jornada formativa dirigida a los empresarios,&hellip;\n","protected":false},"author":2,"featured_media":268006,"comment_status":"","ping_status":"","sticky":false,"template":"","format":"standard","meta":{"footnotes":""},"categories":[80],"tags":[7997,249,82,1681,95,94,2308,25,24,16687,409,66103,3333,23],"class_list":{"0":"post-268005","1":"post","2":"type-post","3":"status-publish","4":"format-standard","5":"has-post-thumbnail","7":"category-economia","8":"tag-afectadas","9":"tag-ayudas","10":"tag-business","11":"tag-dana","12":"tag-economia","13":"tag-economy","14":"tag-empresas","15":"tag-es","16":"tag-espana","17":"tag-impulsan","18":"tag-juan","19":"tag-reactivacion","20":"tag-roig","21":"tag-spain"},"share_on_mastodon":{"url":"https:\/\/pubeurope.com\/@es\/115652450721292810","error":""},"_links":{"self":[{"href":"https:\/\/www.europesays.com\/es\/wp-json\/wp\/v2\/posts\/268005","targetHints":{"allow":["GET"]}}],"collection":[{"href":"https:\/\/www.europesays.com\/es\/wp-json\/wp\/v2\/posts"}],"about":[{"href":"https:\/\/www.europesays.com\/es\/wp-json\/wp\/v2\/types\/post"}],"author":[{"embeddable":true,"href":"https:\/\/www.europesays.com\/es\/wp-json\/wp\/v2\/users\/2"}],"replies":[{"embeddable":true,"href":"https:\/\/www.europesays.com\/es\/wp-json\/wp\/v2\/comments?post=268005"}],"version-history":[{"count":0,"href":"https:\/\/www.europesays.com\/es\/wp-json\/wp\/v2\/posts\/268005\/revisions"}],"wp:featuredmedia":[{"embeddable":true,"href":"https:\/\/www.europesays.com\/es\/wp-json\/wp\/v2\/media\/268006"}],"wp:attachment":[{"href":"https:\/\/www.europesays.com\/es\/wp-json\/wp\/v2\/media?parent=268005"}],"wp:term":[{"taxonomy":"category","embeddable":true,"href":"https:\/\/www.europesays.com\/es\/wp-json\/wp\/v2\/categories?post=268005"},{"taxonomy":"post_tag","embeddable":true,"href":"https:\/\/www.europesays.com\/es\/wp-json\/wp\/v2\/tags?post=268005"}],"curies":[{"name":"wp","href":"https:\/\/api.w.org\/{rel}","templated":true}]}}