{"id":268009,"date":"2025-12-02T22:59:10","date_gmt":"2025-12-02T22:59:10","guid":{"rendered":"https:\/\/www.europesays.com\/es\/268009\/"},"modified":"2025-12-02T22:59:10","modified_gmt":"2025-12-02T22:59:10","slug":"la-jueza-reconoce-a-la-victima-mortal-230-de-la-dana-noticias-de-la-comunidad-valenciana","status":"publish","type":"post","link":"https:\/\/www.europesays.com\/es\/268009\/","title":{"rendered":"La jueza reconoce a la v\u00edctima mortal 230 de la dana | Noticias de la Comunidad Valenciana"},"content":{"rendered":"<p class=\"\"><a href=\"https:\/\/elpais.com\/noticias\/gota-fria\/\" target=\"_self\" rel=\"nofollow noopener\" title=\"https:\/\/elpais.com\/noticias\/gota-fria\/\">La jueza de Catarroja (Valencia) que investiga la dana<\/a>, Nuria Ruiz Tobarra, ha reconocido oficialmente este martes a la v\u00edctima mortal 230 de la cat\u00e1strofe natural del 29 de octubre de 2024. Se trata de un hombre de 74 a\u00f1os que falleci\u00f3 en Catarroja tras permanecer la noche de la riada en una planta baja, donde perdieron la vida la mayor\u00eda de las v\u00edctimas. A consecuencia de las bajas temperaturas, el anciano sufri\u00f3 estr\u00e9s f\u00edsico, una \u201climitaci\u00f3n de su capacidad de movimiento\u201d y un trombo pulmonar que provoc\u00f3 su muerte el 3 de noviembre en el hospital La Fe de Valencia, tal y como acredit\u00f3 el forense. <\/p>\n<p class=\"\">La magistrada recuerda que la v\u00edctima 229 fue una mujer embarazada de ocho meses. \u201cSe considera una gestaci\u00f3n viable al tratarse de un feto de m\u00e1s de 24 semanas y m\u00e1s de 500 gramos de peso por la edad gestacional (sic)\u201d, recog\u00eda su informe forense. <\/p>\n<p class=\"\">La instructora apunta en un auto que hay nueve personas en proceso de an\u00e1lisis para ser consideradas v\u00edctimas mortales de la dana. <\/p>\n<p class=\"\">Por otra parte, la jueza ha preguntado a la principal imputada en la causa, la exconsejera de Justicia e Interior durante la riada, Salom\u00e9 Pradas, si puede aportar a las pesquisas los mensajes de WhatsApp que intercambi\u00f3 el d\u00eda de la cat\u00e1strofe con distintos dirigentes. <\/p>\n","protected":false},"excerpt":{"rendered":"La jueza de Catarroja (Valencia) que investiga la dana, Nuria Ruiz Tobarra, ha reconocido oficialmente este martes a&hellip;\n","protected":false},"author":2,"featured_media":268010,"comment_status":"","ping_status":"","sticky":false,"template":"","format":"standard","meta":{"footnotes":""},"categories":[8],"tags":[17,18,2007,242,1681,25,24,13,14,238,11,19,20,9,10,15,16,23,12,21,22],"class_list":{"0":"post-268009","1":"post","2":"type-post","3":"status-publish","4":"format-standard","5":"has-post-thumbnail","7":"category-espana","8":"tag-breaking-news","9":"tag-breakingnews","10":"tag-carlos-mazon","11":"tag-comunidad-valenciana","12":"tag-dana","13":"tag-es","14":"tag-espana","15":"tag-featured-news","16":"tag-featurednews","17":"tag-generalitat-valenciana","18":"tag-headlines","19":"tag-latest-news","20":"tag-latestnews","21":"tag-news","22":"tag-noticias","23":"tag-noticias-destacadas","24":"tag-noticiasdestacadas","25":"tag-spain","26":"tag-titulares","27":"tag-ultimas-noticias","28":"tag-ultimasnoticias"},"share_on_mastodon":{"url":"https:\/\/pubeurope.com\/@es\/115652458317868175","error":""},"_links":{"self":[{"href":"https:\/\/www.europesays.com\/es\/wp-json\/wp\/v2\/posts\/268009","targetHints":{"allow":["GET"]}}],"collection":[{"href":"https:\/\/www.europesays.com\/es\/wp-json\/wp\/v2\/posts"}],"about":[{"href":"https:\/\/www.europesays.com\/es\/wp-json\/wp\/v2\/types\/post"}],"author":[{"embeddable":true,"href":"https:\/\/www.europesays.com\/es\/wp-json\/wp\/v2\/users\/2"}],"replies":[{"embeddable":true,"href":"https:\/\/www.europesays.com\/es\/wp-json\/wp\/v2\/comments?post=268009"}],"version-history":[{"count":0,"href":"https:\/\/www.europesays.com\/es\/wp-json\/wp\/v2\/posts\/268009\/revisions"}],"wp:featuredmedia":[{"embeddable":true,"href":"https:\/\/www.europesays.com\/es\/wp-json\/wp\/v2\/media\/268010"}],"wp:attachment":[{"href":"https:\/\/www.europesays.com\/es\/wp-json\/wp\/v2\/media?parent=268009"}],"wp:term":[{"taxonomy":"category","embeddable":true,"href":"https:\/\/www.europesays.com\/es\/wp-json\/wp\/v2\/categories?post=268009"},{"taxonomy":"post_tag","embeddable":true,"href":"https:\/\/www.europesays.com\/es\/wp-json\/wp\/v2\/tags?post=268009"}],"curies":[{"name":"wp","href":"https:\/\/api.w.org\/{rel}","templated":true}]}}