{"id":268011,"date":"2025-12-02T23:00:21","date_gmt":"2025-12-02T23:00:21","guid":{"rendered":"https:\/\/www.europesays.com\/es\/268011\/"},"modified":"2025-12-02T23:00:21","modified_gmt":"2025-12-02T23:00:21","slug":"la-consejeria-de-cultura-organiza-visitas-talleres-y-conciertos-para-conocer-y-celebrar-la-blanca-y-verde-noticias","status":"publish","type":"post","link":"https:\/\/www.europesays.com\/es\/268011\/","title":{"rendered":"La Consejer\u00eda de Cultura organiza visitas, talleres y conciertos para conocer y celebrar la \u2018Blanca y Verde\u2019 &#8211; Noticias"},"content":{"rendered":"<p class=\"Standard\">El pr\u00f3ximo 4 de diciembre se celebra el D\u00eda de la Bandera de Andaluc\u00eda, una conmemoraci\u00f3n aprobada por el Consejo de Gobierno que preside Juanma Moreno el pasado 8 de noviembre de 2022 y con la que se pretende dar difusi\u00f3n a los valores y significados que encarna uno de los s\u00edmbolos de la comunidad aut\u00f3noma. La fecha tambi\u00e9n recuerda las manifestaciones del 4 de diciembre de 1977, en las que el pueblo andaluz expres\u00f3, con m\u00e1s de dos millones de personas en las calles de las ocho provincias, su voluntad de acceder a las m\u00e1ximas cotas de autonom\u00eda bajo el s\u00edmbolo com\u00fan y de uni\u00f3n de la bandera andaluza, que desde entonces identifica a sus ciudadanos como una comunidad con sus propias aspiraciones y reivindicaciones.<\/p>\n<p class=\"Standard\">Para conmemorar el D\u00eda de la Bandera de Andaluc\u00eda, la Consejer\u00eda de Cultura y Deporte, presidida por Patricia del Pozo, ha organizado m\u00e1s de una veintena larga de actividades que se desarrollar\u00e1n en bibliotecas, archivos, museos, conjuntos arqueol\u00f3gicos y monumentales, a las que se suman las organizadas por organismos adscritos, como el Instituto Andaluz de Patrimonio Hist\u00f3rico o la Fundaci\u00f3n Barenboim-Said. Entre las propuestas que se desarrollar\u00e1n en torno al 4 de diciembre se cuentan exposiciones, charlas, yincanas, talleres, conciertos, visitas teatralizadas e, incluso, un itinerario guiado por el Parlamento andaluz que llevar\u00e1 a cabo la Biblioteca Infanta Elena de Sevilla.<\/p>\n<p class=\"Standard\">En el acto institucional organizado por la Consejer\u00eda de Sanidad, Presidencia y Emergencias participar\u00e1 la Fundaci\u00f3n Barenboim Said. Ser\u00e1 en el Sal\u00f3n de los Espejos del Palacio de San Telmo, en el que un cuarteto de cuerda y un pianista, alumnos de la Academia de Estudios Orquestales, interpretar\u00e1n el himno de Andaluc\u00eda, as\u00ed como obras de Alb\u00e9niz, Granados y Falla. Adem\u00e1s, por la tarde se celebrar\u00e1 un recital de piano en la capilla del Buen Aire del palacio a cargo de Julia Garc\u00eda-Pelayo, con obras de Alb\u00e9niz, Falla Haydn y Schumann.<\/p>\n<p class=\"Standard\">Los museos y conjuntos culturales andaluces tambi\u00e9n ofrecen propuestas para conmemorar el D\u00eda de la Bandera de Andaluc\u00eda. Para empezar, el Museo de Almer\u00eda ha organizado para el 4 de diciembre un taller inclusivo que celebra, adem\u00e1s, el D\u00eda de las Personas con Discapacidad, donde se abordar\u00e1 el origen del t\u00e9rmino Andaluc\u00eda y de su bandera, para posteriormente realizar un mosaico con azulejos de cer\u00e1mica representando la bandera de la regi\u00f3n y de la discapacidad. Todo bajo el lema \u2018Los colores que nos unen\u2019.<\/p>\n<p class=\"Standard\">El Conjunto Monumental Alcazaba de Almer\u00eda ha preparado, en cambio, para ese mismo d\u00eda una charla taller para el p\u00fablico general sobre el origen de la bandera y el significado de al-Andalus como parte de la historia de la pen\u00ednsula, para a continuaci\u00f3n experimentar con soportes y utensilios (c\u00e1lamos y pergaminos) de escritura andalus\u00ed, adem\u00e1s de conocer versos de Abu Asbag Argam asociados a la blanca y verde.<\/p>\n<p class=\"Standard\">Una propuesta art\u00edstica es la que ha organizado para el 4 de diciembre el Museo de C\u00e1diz, con un taller de antotipia y pigmentos naturales titulado \u2018Luz, color y naturaleza: la bandera viva de Andaluc\u00eda\u2019. Dirigido a un p\u00fablico general, los participantes podr\u00e1n elaborar im\u00e1genes y composiciones inspirados en los colores de la bandera, utilizando pigmentos naturales, flores y hojas, para reflexionar tambi\u00e9n sobre el valor del paisaje andaluz como se\u00f1a de identidad.<\/p>\n<p class=\"Standard\">Esta actividad se completa en la provincia, ya el 7 de diciembre, en el Conjunto Arqueol\u00f3gico de Baelo Claudia, con una visita teatralizada sobre los inicios de la arqueolog\u00eda en Andaluc\u00eda y de este enclave en particular.<\/p>\n<p class=\"Standard\">El Museo de Bellas Artes de C\u00f3rdoba tambi\u00e9n ha organizado una actividad l\u00fadica: un juego de \u2018scape room\u2019 titulado \u2018Tras los enigmas de la bandera\u2019, en el que los participantes podr\u00e1n conocer el 4 de diciembre c\u00f3mo la blanca y verde se ha convertido en un s\u00edmbolo de Andaluc\u00eda, mediante el descubrimiento de las historias de sus colores y emblemas, adem\u00e1s de otros s\u00edmbolos ocultos en las obras del propio centro muse\u00edstico.<\/p>\n<p class=\"Standard\"><strong>Proyecto Sonoras en C\u00f3rdoba<\/strong><\/p>\n<p class=\"Standard\">Adem\u00e1s, el Instituto Andaluz del Patrimonio Hist\u00f3rico (IAPH) celebra en la Fundaci\u00f3n Antonio Gala de la capital cordobesa el V Encuentro del Proyecto Sonoras, que pretende mostrar y dar valor al papel de la mujer en el \u00e1mbito del patrimonio cultural, as\u00ed como la necesidad de la grabaci\u00f3n de registros sonoros como patrimonio inmaterial de Andaluc\u00eda.<\/p>\n<p class=\"Standard\">En Granada, la actividad se concentra el 4 de diciembre. As\u00ed, el Museo de Bellas Artes de Granada una visita combinada, que incluye un recorrido por la sede expositiva en el Palacio de Carlos V y por el edificio Nuevos Museos, donde se encuentran los almacenes de obras de arte y el taller de restauraci\u00f3n. All\u00ed, cada alumno participante de Educaci\u00f3n Secundaria realizar\u00e1 su propia versi\u00f3n de la bandera andaluza.<\/p>\n<p class=\"Standard\">En el Museo de la Casa de los Tiros, en cambio, se podr\u00e1 ver una exposici\u00f3n temporal con fondos de la hemeroteca de la instituci\u00f3n, con cr\u00f3nicas de los diarios locales, como Ideal y Patria, as\u00ed como documentos de las primeras d\u00e9cadas del siglo XX en torno al nacimiento del regionalismo andaluz.<\/p>\n<p class=\"Standard\">Una yincana en torno a la bandera es la propuesta del Museo Arqueol\u00f3gico y Etnol\u00f3gico de Granada para el 6 de diciembre. Dirigida a toda la familia, el objetivo es descubrir a trav\u00e9s de juegos y retos la historia de la bandera y del 4 de diciembre de 1977. <\/p>\n<p class=\"Standard\">Un espect\u00e1culo de danza contempor\u00e1nea, titulado \u2018Huelva por bandera\u2019, ser\u00e1 la actividad principal de esta efem\u00e9ride en esta provincia, que se desarrollar\u00e1 en la sala IV del Museo de Huelva, buscando un di\u00e1logo entre esa disciplina y el arte.<\/p>\n<p class=\"Standard\">En Ja\u00e9n, el Museo \u00cdbero ha organizado para el 4 de diciembre una visita guiada especial denominada \u2018Conociendo a nuestros antepasados\u2019, de la mano de la directora del centro, Concepci\u00f3n Chocl\u00e1n. Por su parte, el Museo de Ja\u00e9n ofrece ese mismo d\u00eda un concierto de m\u00fasica popular andaluza.<\/p>\n<p class=\"Standard\">Adem\u00e1s, el Museo Arqueol\u00f3gico de \u00dabeda acoge la yincana \u2018Descubre Andaluc\u00eda y su bandera\u2019, dirigida a alumnos de \u00faltimo curso de Primaria. Finalmente, el Conjunto Arqueol\u00f3gico de C\u00e1stulo propone visitas guiadas para grupos escolares, por la ma\u00f1ana, y para adultos, por la tarde.<\/p>\n<p class=\"Standard\">La actividad en M\u00e1laga arrancar\u00e1 unos d\u00edas antes, en concreto el 2 y 3 de diciembre, en el Conjunto Arqueol\u00f3gico D\u00f3lmenes de Antequera, que ha organizado el taller participativo \u2018Una bandera con arte\u2019, dirigido a un p\u00fablico general y donde los participantes podr\u00e1n contribuir a realizar una gran bandera con pintura verde de dedos.<\/p>\n<p class=\"Standard\">Ya el 4 de diciembre ser\u00e1 el turno del Museo de M\u00e1laga, con una conferencia del arque\u00f3logo Alejandro P\u00e9rez-Malumbres Landa, en torno al bronce de Heracles-Melgart hallado en la calle Granada de la capital malague\u00f1a.<\/p>\n<p class=\"Standard\">En Sevilla, el Museo de Artes y Costumbres Populares plantea para los d\u00edas 6, 7 y 8 de diciembre la realizaci\u00f3n de la visita-taller \u2018Una ma\u00f1ana marinera con la bandera de Andaluc\u00eda\u2019, que combina un itinerario de la exposici\u00f3n \u2018Culturas del mar. Vidas en el litoral andaluz\u2019 con la relaci\u00f3n con el mar de la blanca y verde, adem\u00e1s de juegos y retos relacionados con la navegaci\u00f3n, la pesca, los nudos marineros o las almadrabas.<\/p>\n<p class=\"Standard\">En la provincia, el Conjunto Arqueol\u00f3gico de Carmona acoge el 6 de diciembre el espect\u00e1culo de narraci\u00f3n oral \u2018De Grecia a la bandera de Andaluc\u00eda. Los trabajos de H\u00e9rcules\u2019, dirigido a un p\u00fablico familiar. Adem\u00e1s, el Conjunto Arqueol\u00f3gico de It\u00e1lica organiza para el 6 de diciembre unas visitas guiadas gratuitas para conocer algunos de los elementos representativos del lujo en la ciudad durante el mandato del emperador Adriano.<\/p>\n<p class=\"Standard\"><strong>Bibliotecas provinciales<\/strong><\/p>\n<p class=\"Standard\">Adem\u00e1s, las bibliotecas provinciales han organizado diversas actividades. Por ejemplo, la Francisco Villaespesa de Almer\u00eda instalar\u00e1 paneles informativos alusivos a la efem\u00e9ride y regalar\u00e1 un marcap\u00e1ginas a todo aquel que acuda a sus instalaciones, mientras que la de C\u00e1diz ha preparado para ese mismo 4 de diciembre la exposici\u00f3n \u2018Paisaje, Pureza y Esperanza\u2019, con fondos provenientes de prensa de la \u00e9poca con noticias sobre la manifestaci\u00f3n y los diversos actos que tuvieron lugar en C\u00e1diz ese mismo d\u00eda de 1977.<\/p>\n<p class=\"Standard\">Una charla divulgativa es, en cambio, la propuesta de la Biblioteca Provincial de Granada, bajo el t\u00edtulo \u2018Blas Infante y el andalucismo hist\u00f3rico: nuevas aportaciones y perspectivas\u2019, que correr\u00e1 a cargo de profesor titular de la Universidad de Granada, Manuel Hijano del R\u00edo. Por su parte, la Biblioteca de Huelva mostrar\u00e1 en sus instalaciones libros sobre la historia de la autonom\u00eda y peri\u00f3dicos de 1977, adem\u00e1s de referencias a la historia de la bandera.<\/p>\n<p class=\"Standard\">La Biblioteca de Ja\u00e9n instalar\u00e1 paneles informativos sobre el 4 de diciembre de 1977 y regalar\u00e1 a los que se acerquen hasta all\u00ed una pulsera con la bandera andaluza; mientras que la de M\u00e1laga realizar\u00e1 una selecci\u00f3n bibliogr\u00e1fica de sus fondos bajo el ep\u00edgrafe \u2018Celebremos el D\u00eda de la Bandera de Andaluc\u00eda a trav\u00e9s de nuestra historia reciente\u2019. Finalmente, la Biblioteca Infanta Elena de Sevilla organizar\u00e1 una visita guiada al Parlamento de Andaluc\u00eda.<\/p>\n<p class=\"Standard\">En paralelo, todos los archivos gestionados por la Consejer\u00eda de Cultura y Deporte expondr\u00e1n ese d\u00eda un documento perteneciente a sus fondos relacionado con la bandera de Andaluc\u00eda y su influencia en el autonomismo. Otros, como el Archivo de la Real Chanciller\u00eda y el Archivo Hist\u00f3rico Provincial de Granada, tendr\u00e1n una jornada de puertas abiertas.<\/p>\n","protected":false},"excerpt":{"rendered":"El pr\u00f3ximo 4 de diciembre se celebra el D\u00eda de la Bandera de Andaluc\u00eda, una conmemoraci\u00f3n aprobada por&hellip;\n","protected":false},"author":2,"featured_media":268012,"comment_status":"","ping_status":"","sticky":false,"template":"","format":"standard","meta":{"footnotes":""},"categories":[5],"tags":[19920,17,18,25,24,13,14,11,19,20,9,10,15,16,23,12,21,22],"class_list":{"0":"post-268011","1":"post","2":"type-post","3":"status-publish","4":"format-standard","5":"has-post-thumbnail","7":"category-titulares","8":"tag-bienes-culturales","9":"tag-breaking-news","10":"tag-breakingnews","11":"tag-es","12":"tag-espana","13":"tag-featured-news","14":"tag-featurednews","15":"tag-headlines","16":"tag-latest-news","17":"tag-latestnews","18":"tag-news","19":"tag-noticias","20":"tag-noticias-destacadas","21":"tag-noticiasdestacadas","22":"tag-spain","23":"tag-titulares","24":"tag-ultimas-noticias","25":"tag-ultimasnoticias"},"share_on_mastodon":{"url":"https:\/\/pubeurope.com\/@es\/115652462055629361","error":""},"_links":{"self":[{"href":"https:\/\/www.europesays.com\/es\/wp-json\/wp\/v2\/posts\/268011","targetHints":{"allow":["GET"]}}],"collection":[{"href":"https:\/\/www.europesays.com\/es\/wp-json\/wp\/v2\/posts"}],"about":[{"href":"https:\/\/www.europesays.com\/es\/wp-json\/wp\/v2\/types\/post"}],"author":[{"embeddable":true,"href":"https:\/\/www.europesays.com\/es\/wp-json\/wp\/v2\/users\/2"}],"replies":[{"embeddable":true,"href":"https:\/\/www.europesays.com\/es\/wp-json\/wp\/v2\/comments?post=268011"}],"version-history":[{"count":0,"href":"https:\/\/www.europesays.com\/es\/wp-json\/wp\/v2\/posts\/268011\/revisions"}],"wp:featuredmedia":[{"embeddable":true,"href":"https:\/\/www.europesays.com\/es\/wp-json\/wp\/v2\/media\/268012"}],"wp:attachment":[{"href":"https:\/\/www.europesays.com\/es\/wp-json\/wp\/v2\/media?parent=268011"}],"wp:term":[{"taxonomy":"category","embeddable":true,"href":"https:\/\/www.europesays.com\/es\/wp-json\/wp\/v2\/categories?post=268011"},{"taxonomy":"post_tag","embeddable":true,"href":"https:\/\/www.europesays.com\/es\/wp-json\/wp\/v2\/tags?post=268011"}],"curies":[{"name":"wp","href":"https:\/\/api.w.org\/{rel}","templated":true}]}}