{"id":268020,"date":"2025-12-02T23:10:16","date_gmt":"2025-12-02T23:10:16","guid":{"rendered":"https:\/\/www.europesays.com\/es\/268020\/"},"modified":"2025-12-02T23:10:16","modified_gmt":"2025-12-02T23:10:16","slug":"perdi-10-kilos-para-convertirme-en-sandokan-trabajo-16-horas-al-dia-pero-estoy-cansado-de-interpretar-al-chico-genial-que-les-gusta-a-las-mujeres","status":"publish","type":"post","link":"https:\/\/www.europesays.com\/es\/268020\/","title":{"rendered":"Perd\u00ed 10 kilos para convertirme en Sandokan. Trabajo 16 horas al d\u00eda, pero estoy cansado de interpretar al chico genial que les gusta a las mujeres"},"content":{"rendered":"<p>Can Yaman es uno de los rostros m\u00e1s reconocibles de la televisi\u00f3n turca y, desde hace a\u00f1os, tambi\u00e9n en Espa\u00f1a. Su popularidad se dispar\u00f3 gracias a series como Erkenci Ku\u015f (P\u00e1jaro so\u00f1ador), Dolunay y Mr. Wrong, que conquistaron a millones de espectadores y le convirtieron en un aut\u00e9ntico fen\u00f3meno internacional.<\/p>\n<p>A sus 36 a\u00f1os, el actor nacido en Estambul <strong>se prepara para un reto may\u00fasculo: encarnar al m\u00edtico pirata Sandokan<\/strong> en una ambiciosa superproducci\u00f3n italiana. Para ello ha perdido diez kilos y se ha sometido a un exigente entrenamiento f\u00edsico, demostrando que su compromiso con la interpretaci\u00f3n va mucho m\u00e1s all\u00e1 de la imagen de gal\u00e1n televisivo que le dio fama.<\/p>\n<p>La disciplina de un abogado en la piel de un pirata<\/p>\n<p>Antes de convertirse en estrella, Yaman estudi\u00f3 Derecho y trabaj\u00f3 en la firma Price Waterhouse Coopers, hasta que un cazatalentos le descubri\u00f3 en una boda y su vida dio un giro inesperado. Esa formaci\u00f3n acad\u00e9mica parece haberle dejado una huella de disciplina que hoy aplica a su carrera art\u00edstica. <strong>\u00abTrabajo 16 horas al d\u00eda\u00bb<\/strong>, confes\u00f3 en &#8216;Corriere&#8217;, explicando que su rigor procede de lo que \u00e9l mismo define como la \u00abmentalidad turca\u00bb.<\/p>\n<p>Su residencia en Italia desde 2021, para el rodaje de la serie de la Rai, no le ha supuesto un gran reto de adaptaci\u00f3n, ya que estudi\u00f3 en el liceo italiano de Turqu\u00eda. Esa experiencia le ha permitido integrarse con facilidad en el pa\u00eds que ahora es su hogar profesional. Adem\u00e1s, <strong>el papel de Sandokan le exige un entrenamiento completo: equitaci\u00f3n, artes marciales y preparaci\u00f3n f\u00edsica intensa<\/strong>, todo con el objetivo de meterse de lleno en la piel del legendario personaje.<\/p>\n<p>Un gal\u00e1n que busca nuevos horizontes<\/p>\n<p>Detr\u00e1s de su transformaci\u00f3n f\u00edsica hay un prop\u00f3sito claro: romper con la etiqueta de \u00abtipo guapo\u00bb que le ha acompa\u00f1ado desde sus primeras series. <strong>\u00abEstoy cansado de interpretar al chico genial que les gusta a las mujeres\u00bb<\/strong>, declar\u00f3 en &#8216;Corriere&#8217;, subrayando su deseo de explorar registros m\u00e1s complejos y dram\u00e1ticos. Sandokan, con su mezcla de acci\u00f3n y drama, se presenta como el primer gran paso en esa nueva etapa.<\/p>\n<p>Su conexi\u00f3n con Espa\u00f1a tambi\u00e9n ha sido clave en su trayectoria. El actor<strong> ha sorprendido en varias ocasiones con su dominio del castellano<\/strong>, un detalle que ha fortalecido el v\u00ednculo con sus seguidores espa\u00f1oles. De hecho, recientemente anunci\u00f3 que protagonizar\u00e1 su primera serie en espa\u00f1ol, un thriller rom\u00e1ntico producido por Secuoya Studios, lo que confirma que su relaci\u00f3n con nuestro pa\u00eds va m\u00e1s all\u00e1 de la admiraci\u00f3n de sus fans.<\/p>\n<p><img loading=\"lazy\" decoding=\"async\"   src=\"https:\/\/www.europesays.com\/es\/wp-content\/uploads\/2025\/12\/can-yaman_bf8614d5_251202114636_1200x1800.webp.webp\" alt=\"Can Yaman\" class=\"lazyload\" width=\"1200\" height=\"1800\" data-aspectratio=\"1200\/1800\"\/><\/p>\n<p>El actor turco quiere dejar atr\u00e1s los papeles de chico guapo para enfrentarse a nuevos retos interpretativos.<\/p>\n<p>&#13;Shutersttock<\/p>\n<p>Con esta nueva etapa, Can Yaman demuestra que su carrera no se limita a ser el gal\u00e1n de moda. <strong>Su disciplina, su capacidad de transformaci\u00f3n y su voluntad de conectar con p\u00fablicos diversos<\/strong> lo convierten en un actor que busca dejar huella m\u00e1s all\u00e1 de la televisi\u00f3n turca. Y, a juzgar por la expectaci\u00f3n que genera cada uno de sus proyectos, parece que lo est\u00e1 consiguiendo.<\/p>\n<p>Can Yaman se reinventa con Sandokan, dejando atr\u00e1s la imagen de gal\u00e1n y <strong>apostando por papeles m\u00e1s exigentes<\/strong>, mientras refuerza su v\u00ednculo con Espa\u00f1a gracias a su dominio del idioma y nuevos proyectos en nuestro pa\u00eds.<\/p>\n","protected":false},"excerpt":{"rendered":"Can Yaman es uno de los rostros m\u00e1s reconocibles de la televisi\u00f3n turca y, desde hace a\u00f1os, tambi\u00e9n&hellip;\n","protected":false},"author":2,"featured_media":268021,"comment_status":"","ping_status":"","sticky":false,"template":"","format":"standard","meta":{"footnotes":""},"categories":[174],"tags":[255,146,147,25,24,256,23],"class_list":{"0":"post-268020","1":"post","2":"type-post","3":"status-publish","4":"format-standard","5":"has-post-thumbnail","7":"category-famosos","8":"tag-celebrities","9":"tag-entertainment","10":"tag-entretenimiento","11":"tag-es","12":"tag-espana","13":"tag-famosos","14":"tag-spain"},"share_on_mastodon":{"url":"https:\/\/pubeurope.com\/@es\/115652502323650508","error":""},"_links":{"self":[{"href":"https:\/\/www.europesays.com\/es\/wp-json\/wp\/v2\/posts\/268020","targetHints":{"allow":["GET"]}}],"collection":[{"href":"https:\/\/www.europesays.com\/es\/wp-json\/wp\/v2\/posts"}],"about":[{"href":"https:\/\/www.europesays.com\/es\/wp-json\/wp\/v2\/types\/post"}],"author":[{"embeddable":true,"href":"https:\/\/www.europesays.com\/es\/wp-json\/wp\/v2\/users\/2"}],"replies":[{"embeddable":true,"href":"https:\/\/www.europesays.com\/es\/wp-json\/wp\/v2\/comments?post=268020"}],"version-history":[{"count":0,"href":"https:\/\/www.europesays.com\/es\/wp-json\/wp\/v2\/posts\/268020\/revisions"}],"wp:featuredmedia":[{"embeddable":true,"href":"https:\/\/www.europesays.com\/es\/wp-json\/wp\/v2\/media\/268021"}],"wp:attachment":[{"href":"https:\/\/www.europesays.com\/es\/wp-json\/wp\/v2\/media?parent=268020"}],"wp:term":[{"taxonomy":"category","embeddable":true,"href":"https:\/\/www.europesays.com\/es\/wp-json\/wp\/v2\/categories?post=268020"},{"taxonomy":"post_tag","embeddable":true,"href":"https:\/\/www.europesays.com\/es\/wp-json\/wp\/v2\/tags?post=268020"}],"curies":[{"name":"wp","href":"https:\/\/api.w.org\/{rel}","templated":true}]}}