{"id":268022,"date":"2025-12-02T23:11:10","date_gmt":"2025-12-02T23:11:10","guid":{"rendered":"https:\/\/www.europesays.com\/es\/268022\/"},"modified":"2025-12-02T23:11:10","modified_gmt":"2025-12-02T23:11:10","slug":"edu-saz-arquitecto-las-viviendas-de-los-anos-70-en-espana-son-las-mejores-por-el-diseno-y-el-cambio-social-y-economico","status":"publish","type":"post","link":"https:\/\/www.europesays.com\/es\/268022\/","title":{"rendered":"Edu Saz, arquitecto: \u201cLas viviendas de los a\u00f1os 70 en Espa\u00f1a son las mejores, por el dise\u00f1o y el cambio social y econ\u00f3mico\u201d"},"content":{"rendered":"<p class=\"\">Suele decirse que uno necesita<b> techo para dormir<\/b>, que el agobio se incrementa al estar <b>encerrado entre cuatro paredes <\/b>y que, en ocasiones, solo con<b> pisar el hogar<\/b> siente uno que est\u00e1 en casa. Y todo es cierto. Sin embargo, debe comprenderse que el empleo de <b>metonimias <\/b>y <b>sin\u00e9cdoques <\/b>no confecciona un retrato completo del inmueble en el que reside un individuo:<b> la arquitectura es amplio universo y da lugar a un sinf\u00edn de edificios.<\/b> Solo quien sabe de ello puede concluir que<b> las viviendas de los a\u00f1os 70 fueron en Espa\u00f1a un aut\u00e9ntico cambio de paradigma.<\/b><\/p>\n<p class=\"\">As\u00ed lo ha expuesto<b> Edu Saz<\/b>, arquitecto y creador de contenido con m\u00e1s de 40.000 seguidores en Youtube. En un reciente v\u00eddeo ha aclarado que<b> \u201clas viviendas de los a\u00f1os 70 en Espa\u00f1a son las mejores por el dise\u00f1o y el cambio social y econ\u00f3mico\u201d<\/b>, otorgando una gran culpa de dicha calidad a la coyuntura que atravesaba el pa\u00eds. \u201cLa d\u00e9cada de los 70 fue un aut\u00e9ntico punto de inflexi\u00f3n en Espa\u00f1a, y es que <b>dejamos atr\u00e1s la rigidez de los 50, el desarrollismo masivo de los 60 y entramos en una etapa en el que las viviendas se vuelven m\u00e1s atrevidas, m\u00e1s abiertas y, en definitiva, m\u00e1s modernas<\/b>\u201d, dice, resumiendo la situaci\u00f3n en que \u201ca medida que la clase media iba viviendo mejor, esto se reflejaba en las construcciones\u201d.<\/p>\n<p>Disecci\u00f3n de una d\u00e9cada revolucionaria<\/p>\n<p class=\"\">Las ventajas de estas viviendas eran visibles en diversos puntos de su construcci\u00f3n. En lo que al<b> dise\u00f1o, distribuci\u00f3n y estilo <\/b>respecta, muchos de estos inmuebles adoptaron <b>layouts <\/b><b>m\u00e1s abiertos<\/b>, lo que se tradujo, explica, en un <b>mejor aprovechamiento del espacio<\/b>; todo esto, vino a fusionarse con una b\u00fasqueda de la <b>integraci\u00f3n de la naturaleza o en la fusi\u00f3n del exterior y el interior.<\/b><\/p>\n<p class=\"\">Adem\u00e1s, seg\u00fan relata Saz, se emplearon<b> materiales robustos como ladrillo u hormig\u00f3n<\/b>, as\u00ed como maderas duras, lo que favorece la<b> solidez estructural y la durabilidad <\/b>y, en adici\u00f3n,<b> permite reformas posteriores<\/b> que extienden la vida del edificio hasta una suerte de inmortalidad. Por ello muchas de estas viviendas todav\u00eda est\u00e1n en pie. A todo esto hay que sumar <b>el precio, generalmente bajo, de las casas.<\/b> Exist\u00eda un<b> equilibrio inteligente entre precio, espacio y potencial <\/b>que hac\u00eda de la compra de una casa una aut\u00e9ntica aventura segura y posible.<\/p>\n<p class=\"\">Para equilibrar la balanza, cita los<b> sistemas antiguos de electricidad, fontaner\u00eda, aislamiento y ventilaci\u00f3n<\/b>, as\u00ed como la<b> necesidad de reforma y los riesgos estructurales y de los propios materiales<\/b>, como los factores \u2014en algunos casos, monedas de doble cara que integran lo bueno y lo malo\u2014 no demasiado \u00f3ptimos de estas construcciones.<\/p>\n<p>Noticias relacionadas<a href=\"https:\/\/as.com\/tikitakas\/television\/jaime-cantizano-sin-tapujos-contra-tve-un-tipo-de-programacion-que-juega-con-la-informacion-y-la-opinion-f202512-n\/\" class=\"s_m_w\" title=\"El presentador ha confesado a \u2018Informalia\u2019 c\u00f3mo recibi\u00f3 la oferta para conducir \u2018Ma\u00f1aneros\u2019 y ha dejado un recado a la cadena por la f\u00f3rmula de infoentretenimiento que emplea.\" data-tb-link=\"\" rel=\"nofollow noopener\" target=\"_blank\"><img decoding=\"async\" src=\"https:\/\/www.europesays.com\/es\/wp-content\/uploads\/2025\/12\/MKSQ5JLZVZFKPKSZLJBMMJIBYE.jpg\" alt=\"Jaime Cantizano, sin tapujos contra TVE: \u201cUn tipo de programaci\u00f3n que juega con la informaci\u00f3n y la opini\u00f3n\u201d\" class=\"\" height=\"9\" width=\"16\"   loading=\"lazy\" data-tb-thumbnail=\"\"\/><\/a><a href=\"https:\/\/as.com\/tikitakas\/virales\/hace-la-misma-compra-en-mercadona-carrefour-y-lidl-compara-los-precios-y-sentencia-es-sorprendente-f202512-n\/\" class=\"s_m_w\" title=\"La creadora de contenido \u2018Sonia.sg\u2019 ha mostrado las varianzas que hay en el coste del at\u00fan claro al natural, queso fresco batido y anacardos en las distintas cadenas.\" data-tb-link=\"\" rel=\"nofollow noopener\" target=\"_blank\"><img decoding=\"async\" src=\"https:\/\/www.europesays.com\/es\/wp-content\/uploads\/2025\/12\/KQTOLTH2WVGL5DIQ2NHPICXITU.jpg\" alt=\"Hace la misma compra en Mercadona, Carrefour y Lidl, compara los precios y sentencia: \u201cEs sorprendente\u201d\" class=\"\" height=\"9\" width=\"16\"   loading=\"lazy\" data-tb-thumbnail=\"\"\/><\/a><\/p>\n<p class=\"\"><b>\u00a1Tus opiniones importan!<\/b><\/p>\n<p class=\"\">Comenta en los art\u00edculos y suscr\u00edbete gratis a nuestra <a href=\"https:\/\/asfan.as.com\/newsletters\/\" target=\"_blank\" rel=\"nofollow noopener\" title=\"https:\/\/asfan.as.com\/newsletters\/\">newsletter<\/a> y a las alertas informativas en la <a href=\"https:\/\/as.com\/aplicacion-de-as-n\/\" target=\"_blank\" rel=\"nofollow noopener\" title=\"https:\/\/as.com\/aplicacion-de-as-n\/\">App<\/a> o el canal de <a href=\"https:\/\/www.whatsapp.com\/channel\/0029VaAasdA7j6g745nz9M10\" target=\"_blank\" rel=\"nofollow noopener\" title=\"https:\/\/www.whatsapp.com\/channel\/0029VaAasdA7j6g745nz9M10\">WhatsApp<\/a>. \u00bfBuscas licenciar contenido? Haz clic <a href=\"https:\/\/profesional.elpais.com\/soluciones-sindicacion?utm_medium=interno&amp;utm_source=crosslinking&amp;utm_campaign=sindicacion_as_pie_articulos\" target=\"_blank\" rel=\"nofollow noopener\" title=\"https:\/\/profesional.elpais.com\/soluciones-sindicacion?utm_medium=interno&amp;utm_source=crosslinking&amp;utm_campaign=sindicacion_as_pie_articulos\">aqu\u00ed<\/a><\/p>\n","protected":false},"excerpt":{"rendered":"Suele decirse que uno necesita techo para dormir, que el agobio se incrementa al estar encerrado entre cuatro&hellip;\n","protected":false},"author":2,"featured_media":268023,"comment_status":"","ping_status":"","sticky":false,"template":"","format":"standard","meta":{"footnotes":""},"categories":[173],"tags":[229,233,231,230,232,234,146,147,25,24,23],"class_list":{"0":"post-268022","1":"post","2":"type-post","3":"status-publish","4":"format-standard","5":"has-post-thumbnail","7":"category-arte-y-diseno","8":"tag-arte","9":"tag-arte-y-diseno","10":"tag-arts","11":"tag-arts-and-design","12":"tag-design","13":"tag-diseno","14":"tag-entertainment","15":"tag-entretenimiento","16":"tag-es","17":"tag-espana","18":"tag-spain"},"share_on_mastodon":{"url":"https:\/\/pubeurope.com\/@es\/115652505645254155","error":""},"_links":{"self":[{"href":"https:\/\/www.europesays.com\/es\/wp-json\/wp\/v2\/posts\/268022","targetHints":{"allow":["GET"]}}],"collection":[{"href":"https:\/\/www.europesays.com\/es\/wp-json\/wp\/v2\/posts"}],"about":[{"href":"https:\/\/www.europesays.com\/es\/wp-json\/wp\/v2\/types\/post"}],"author":[{"embeddable":true,"href":"https:\/\/www.europesays.com\/es\/wp-json\/wp\/v2\/users\/2"}],"replies":[{"embeddable":true,"href":"https:\/\/www.europesays.com\/es\/wp-json\/wp\/v2\/comments?post=268022"}],"version-history":[{"count":0,"href":"https:\/\/www.europesays.com\/es\/wp-json\/wp\/v2\/posts\/268022\/revisions"}],"wp:featuredmedia":[{"embeddable":true,"href":"https:\/\/www.europesays.com\/es\/wp-json\/wp\/v2\/media\/268023"}],"wp:attachment":[{"href":"https:\/\/www.europesays.com\/es\/wp-json\/wp\/v2\/media?parent=268022"}],"wp:term":[{"taxonomy":"category","embeddable":true,"href":"https:\/\/www.europesays.com\/es\/wp-json\/wp\/v2\/categories?post=268022"},{"taxonomy":"post_tag","embeddable":true,"href":"https:\/\/www.europesays.com\/es\/wp-json\/wp\/v2\/tags?post=268022"}],"curies":[{"name":"wp","href":"https:\/\/api.w.org\/{rel}","templated":true}]}}