{"id":268026,"date":"2025-12-02T23:14:11","date_gmt":"2025-12-02T23:14:11","guid":{"rendered":"https:\/\/www.europesays.com\/es\/268026\/"},"modified":"2025-12-02T23:14:11","modified_gmt":"2025-12-02T23:14:11","slug":"lord-of-the-lost-estrenan-su-nuevo-single-junto-a-iamx-what-have-we-become","status":"publish","type":"post","link":"https:\/\/www.europesays.com\/es\/268026\/","title":{"rendered":"LORD OF THE LOST estrenan su nuevo single junto a IAMX \u201cWhat Have We Become?\u201d."},"content":{"rendered":"<p>&#13;<br \/>\n        &#13;<br \/>\n&#13;<br \/>\n        &#13;<br \/>\n&#13;<\/p>\n<p>\u00a0<\/p>\n<p>\u00a0<\/p>\n<p><strong>LORD OF THE LOST estrenan su nuevo single junto a IAMX \u201cWhat Have We Become?\u201d.<\/strong><br \/>\n<img fetchpriority=\"high\" decoding=\"async\" src=\"https:\/\/www.europesays.com\/es\/wp-content\/uploads\/2025\/10\/lol_2025_8_500x267.jpg\" alt=\"LORD OF THE LOST estrenan su nuevo single junto a IAMX \u201cWhat Have We Become?\u201d.\" width=\"500\" height=\"267\"\/><\/p>\n<p>\u00a0<\/p>\n<p><a href=\"https:\/\/lordofthelost.de\/\" target=\"_blank\" rel=\"noopener nofollow\"><strong>LORD OF THE LOST<\/strong><\/a> han estrenado un nuevo single titulado \u201cWhat Have We Decome?\u201d en el que forman equipo con <strong>IAMX<\/strong>.<\/p>\n<p>Comenta el cantante de <strong>LORD OF THE LOST Chris Harms<\/strong>: \u201cIAMX ha sido uno de mis artistas favoritos durante casi 20 a\u00f1os y ha sido la banda sonora de muchos momentos significativos de mi vida. La voz y la expresi\u00f3n de Chris Corner son \u00fanicas e inconfundibles, y el sentimiento que expresa con cada palabra y con cada nota chillada para la canci\u00f3n, que ya estaba pensada para LORD OF THE LOST y IAMX, en la que los mundos chocan y se convierten en un \u00fanico sentimiento enorme. El resultado es \u201cWhat Have We Become?\u201d, uno de los temas m\u00e1s conmovedores que LORD OF THE LOST jam\u00e1s haya producido.\u201d<\/p>\n<p>El 12 de diciembre editar\u00e1n a trav\u00e9s de Napalm Records la segunda parte de su trilog\u00eda de discos \u201cOpvs Noir Vol. 2\u201d.<\/p>\n<p>Todos los detalles en esta <a href=\"https:\/\/www.rafabasa.com\/2025\/08\/20\/lord-of-the-lost-el-12-de-diciembre-de-2025-editara-el-siguiente-capitulo-de-su-trilogia-de-albumes-con-opvs-noir-vol-2\/\" rel=\"nofollow noopener\" target=\"_blank\">noticia<\/a> y los v\u00eddeos anteriores en <a href=\"https:\/\/www.rafabasa.com\/2025\/11\/04\/lord-of-the-lost-estrenan-single-y-video-con-infected-rain\/\" rel=\"nofollow noopener\" target=\"_blank\">esta<\/a>.<\/p>\n<p>Nuestra cr\u00edtica del primer volumen en este <a href=\"https:\/\/www.rafabasa.com\/2025\/08\/19\/critica-del-cd-de-lord-of-the-lost-opvs-noir-vol-1\/\" rel=\"nofollow noopener\" target=\"_blank\">enlace<\/a> y nuestra cr\u00f3nica de su actuaci\u00f3n en Leyendas del Rock en <a href=\"https:\/\/www.rafabasa.com\/2025\/08\/12\/cronica-y-fotos-del-leyendas-del-rock-con-w-a-s-p-hatebreed-fear-factory-lord-of-the-lost-dunedain\/\" rel=\"nofollow noopener\" target=\"_blank\">este<\/a>.<\/p>\n<p>La banda nos <a href=\"https:\/\/www.rafabasa.com\/2025\/09\/04\/lord-of-the-lost-fechas-en-abril\/\" rel=\"nofollow noopener\" target=\"_blank\">visitar\u00e1 en 2026<\/a>.<\/p>\n<p><a href=\"http:\/\/www.lordofthelost.de\/\" target=\"_blank\" rel=\"noopener nofollow\"><strong>LORD OF THE LOST<\/strong><\/a> editaron el 8 de agosto la primera parte de su trilog\u00eda con el disco \u201cOPVS NOIR Vol. 1\u201d auspiciado por Napalm Records.<\/p>\n<p>Todos los detalles en esta <a href=\"https:\/\/www.rafabasa.com\/2025\/03\/06\/lord-of-the-lost-anuncian-nuevo-disco-y-trilogia\/\" target=\"_blank\" rel=\"noopener nofollow\">noticia<\/a> y los v\u00eddeos aparecidos en <a href=\"https:\/\/www.rafabasa.com\/2025\/08\/11\/lord-of-the-lost-xtasy-crowne\/#LOL\" target=\"_blank\" rel=\"noopener nofollow\">esta<\/a>.<\/p>\n<p>\u00a0<\/p>\n<p>\u00a0<\/p>\n<p>\u00a0<\/p>\n<p>        &#13;<br \/>\n&#13;<br \/>\n&#13;<br \/>\n        &#13;<br \/>\n                        &#13;<br \/>\n            &#13;<br \/>\n&#13;<br \/>\n                        Art\u00edculo anterior<a href=\"https:\/\/www.rafabasa.com\/2025\/12\/02\/exhumed-ronnie-romero-primal-fear-legion-d-c\/\" rel=\"nofollow noopener\" target=\"_blank\">EXHUMED \u2013 Ronnie Romero \u2013 PRIMAL FEAR \u2013 LEGION D.C.<\/a>Art\u00edculo siguiente<a href=\"https:\/\/www.rafabasa.com\/2025\/12\/02\/mayhem-primordial-rotting-christ\/\" rel=\"nofollow noopener\" target=\"_blank\">MAYHEM \u2013 PRIMORDIAL \u2013 ROTTING CHRIST<\/a>            \t                &#13;<br \/>\n&#13;<\/p>\n","protected":false},"excerpt":{"rendered":"&#13; &#13; &#13; &#13; &#13; \u00a0 \u00a0 LORD OF THE LOST estrenan su nuevo single junto a IAMX&hellip;\n","protected":false},"author":2,"featured_media":151009,"comment_status":"","ping_status":"","sticky":false,"template":"","format":"standard","meta":{"footnotes":""},"categories":[170],"tags":[146,147,25,24,33333,184,185,23],"class_list":{"0":"post-268026","1":"post","2":"type-post","3":"status-publish","4":"format-standard","5":"has-post-thumbnail","7":"category-musica","8":"tag-entertainment","9":"tag-entretenimiento","10":"tag-es","11":"tag-espana","12":"tag-lord-of-the-lost","13":"tag-music","14":"tag-musica","15":"tag-spain"},"share_on_mastodon":{"url":"https:\/\/pubeurope.com\/@es\/115652517518813949","error":""},"_links":{"self":[{"href":"https:\/\/www.europesays.com\/es\/wp-json\/wp\/v2\/posts\/268026","targetHints":{"allow":["GET"]}}],"collection":[{"href":"https:\/\/www.europesays.com\/es\/wp-json\/wp\/v2\/posts"}],"about":[{"href":"https:\/\/www.europesays.com\/es\/wp-json\/wp\/v2\/types\/post"}],"author":[{"embeddable":true,"href":"https:\/\/www.europesays.com\/es\/wp-json\/wp\/v2\/users\/2"}],"replies":[{"embeddable":true,"href":"https:\/\/www.europesays.com\/es\/wp-json\/wp\/v2\/comments?post=268026"}],"version-history":[{"count":0,"href":"https:\/\/www.europesays.com\/es\/wp-json\/wp\/v2\/posts\/268026\/revisions"}],"wp:featuredmedia":[{"embeddable":true,"href":"https:\/\/www.europesays.com\/es\/wp-json\/wp\/v2\/media\/151009"}],"wp:attachment":[{"href":"https:\/\/www.europesays.com\/es\/wp-json\/wp\/v2\/media?parent=268026"}],"wp:term":[{"taxonomy":"category","embeddable":true,"href":"https:\/\/www.europesays.com\/es\/wp-json\/wp\/v2\/categories?post=268026"},{"taxonomy":"post_tag","embeddable":true,"href":"https:\/\/www.europesays.com\/es\/wp-json\/wp\/v2\/tags?post=268026"}],"curies":[{"name":"wp","href":"https:\/\/api.w.org\/{rel}","templated":true}]}}