{"id":268027,"date":"2025-12-02T23:15:16","date_gmt":"2025-12-02T23:15:16","guid":{"rendered":"https:\/\/www.europesays.com\/es\/268027\/"},"modified":"2025-12-02T23:15:16","modified_gmt":"2025-12-02T23:15:16","slug":"estuve-con-muchas-mujeres-maravillosas-pero-a-los-30-me-di-cuenta-de-que-me-faltaba-algo","status":"publish","type":"post","link":"https:\/\/www.europesays.com\/es\/268027\/","title":{"rendered":"Estuve con muchas mujeres maravillosas, pero a los 30 me di cuenta de que me faltaba algo"},"content":{"rendered":"<p data-journey-content=\"true\" data-node-id=\"3\" class=\"css-6wxqfj emevuu60\"><strong data-node-id=\"3.0\">Matthew McConaughey<\/strong> (56 a\u00f1os) ha conseguido con el paso de los a\u00f1os dejar de hacer comedias rom\u00e1nticas y demostrar que puede hacer papeles dram\u00e1ticos y llenos de matices. Tanto que incluso ha ganado un premio Oscar por &#8216;Dallas Buyers Club&#8217;, uno de los filmes m\u00e1s duros de su carrera. <\/p>\n<p data-journey-content=\"true\" data-node-id=\"6\" class=\"css-6wxqfj emevuu60\">La imagen de chico guapo y chulito que ten\u00eda Matthew hizo que durante d\u00e9cadas fuera encasillado, pero es que su fama de lig\u00f3n iba de la mano en aquella \u00e9poca. Y lo cierto es que no solo consigui\u00f3 dar un paso m\u00e1s en su filmograf\u00eda, sino que sent\u00f3 la cabeza con Camila Alves, su mujer y madre de sus tres hijos desde hace 13 a\u00f1os. Eso s\u00ed, <strong data-node-id=\"6.1\">McConaughey ha querido<\/strong> hablar abiertamente de las relaciones que marcaron su pasado en &#8216;Lyrics of Livin&#8217; de Youtube. <\/p>\n<p data-journey-content=\"true\" data-node-id=\"9\" class=\"css-6wxqfj emevuu60\">Despu\u00e9s de decir que ha \u00ab<strong data-node-id=\"9.1\">c<\/strong><strong data-node-id=\"9.2\">onocido, pasado tiempo y salido en serio con mujeres maravillosas<\/strong>\u00bb como Sandra Bullock o Pen\u00e9lope Cruz, <a href=\"https:\/\/www.menshealth.com\/es\/moda-cuidados-hombre\/a60293682\/transformacion-matthew-mcconaughey-tratamiento-cara-belleza\/\" target=\"_blank\" data-vars-ga-outbound-link=\"https:\/\/www.menshealth.com\/es\/moda-cuidados-hombre\/a60293682\/transformacion-matthew-mcconaughey-tratamiento-cara-belleza\/\" data-vars-ga-ux-element=\"Hyperlink\" data-vars-ga-call-to-action=\"el actor que cont\u00f3 hace unas semanas c\u00f3mo quita sus arrugas\" data-node-id=\"9.4\" class=\"body-link css-1d8p8n5 emevuu60\" rel=\"nofollow noopener\">el actor que cont\u00f3 hace unas semanas c\u00f3mo quita sus arrugas<\/a> ha reconocido que aquellas historias no eran las que cabar\u00edan siendo para siempre. \u00abEran paradas, no estancias\u00bb, ha dicho, a\u00f1adiendo que en su treintena <strong data-node-id=\"9.6\">buscaba \u00abuna amante de por vida, una mejor amiga y una futura madre\u00bb.<\/strong><\/p>\n<p data-journey-content=\"true\" data-node-id=\"13\" class=\"css-6wxqfj emevuu60\">Y aunque siempre se vio como un \u00absoltero de 88 a\u00f1os\u00bb con muchos hijos pero sin mujer, hubo un momento en el que se dio cuenta de algo importante, de una reflexi\u00f3n que le hizo cambiar su pensamiento: \u00abSi nunca llegaba a encontrar a la mujer adecuada y no me casaba, tambi\u00e9n estaba bien\u00bb. Hasta que por fin lleg\u00f3 el amor de su vida. <br data-node-id=\"13.1\"\/><\/p>\n<p data-journey-content=\"true\" data-node-id=\"15\" class=\"css-6wxqfj emevuu60\">\u00abTres meses despu\u00e9s lleg\u00f3 ella. <strong data-node-id=\"15.1\">20 a\u00f1os m\u00e1s tarde<\/strong>, sigue siendo la \u00fanica mujer con la que quiero salir, dormir o despertarme al lado\u00bb, ha asegurado en el canal de Yotube. Y no solo eso, el actor tambi\u00e9n se ha atrevido a contar cu\u00e1l es<\/p>\n","protected":false},"excerpt":{"rendered":"Matthew McConaughey (56 a\u00f1os) ha conseguido con el paso de los a\u00f1os dejar de hacer comedias rom\u00e1nticas y&hellip;\n","protected":false},"author":2,"featured_media":268028,"comment_status":"","ping_status":"","sticky":false,"template":"","format":"standard","meta":{"footnotes":""},"categories":[169],"tags":[177,253,146,147,25,24,176,175,23],"class_list":{"0":"post-268027","1":"post","2":"type-post","3":"status-publish","4":"format-standard","5":"has-post-thumbnail","7":"category-cine","8":"tag-cine","9":"tag-discover","10":"tag-entertainment","11":"tag-entretenimiento","12":"tag-es","13":"tag-espana","14":"tag-film","15":"tag-movies","16":"tag-spain"},"share_on_mastodon":{"url":"https:\/\/pubeurope.com\/@es\/115652521168750295","error":""},"_links":{"self":[{"href":"https:\/\/www.europesays.com\/es\/wp-json\/wp\/v2\/posts\/268027","targetHints":{"allow":["GET"]}}],"collection":[{"href":"https:\/\/www.europesays.com\/es\/wp-json\/wp\/v2\/posts"}],"about":[{"href":"https:\/\/www.europesays.com\/es\/wp-json\/wp\/v2\/types\/post"}],"author":[{"embeddable":true,"href":"https:\/\/www.europesays.com\/es\/wp-json\/wp\/v2\/users\/2"}],"replies":[{"embeddable":true,"href":"https:\/\/www.europesays.com\/es\/wp-json\/wp\/v2\/comments?post=268027"}],"version-history":[{"count":0,"href":"https:\/\/www.europesays.com\/es\/wp-json\/wp\/v2\/posts\/268027\/revisions"}],"wp:featuredmedia":[{"embeddable":true,"href":"https:\/\/www.europesays.com\/es\/wp-json\/wp\/v2\/media\/268028"}],"wp:attachment":[{"href":"https:\/\/www.europesays.com\/es\/wp-json\/wp\/v2\/media?parent=268027"}],"wp:term":[{"taxonomy":"category","embeddable":true,"href":"https:\/\/www.europesays.com\/es\/wp-json\/wp\/v2\/categories?post=268027"},{"taxonomy":"post_tag","embeddable":true,"href":"https:\/\/www.europesays.com\/es\/wp-json\/wp\/v2\/tags?post=268027"}],"curies":[{"name":"wp","href":"https:\/\/api.w.org\/{rel}","templated":true}]}}