{"id":268031,"date":"2025-12-02T23:18:35","date_gmt":"2025-12-02T23:18:35","guid":{"rendered":"https:\/\/www.europesays.com\/es\/268031\/"},"modified":"2025-12-02T23:18:35","modified_gmt":"2025-12-02T23:18:35","slug":"la-audiencia-de-gran-hermano-reacciona-en-masa-al-impactante-y-fortuito-abandono-de-inigo-tina","status":"publish","type":"post","link":"https:\/\/www.europesays.com\/es\/268031\/","title":{"rendered":"La audiencia de &#8216;Gran Hermano&#8217; reacciona en masa al impactante (y fortuito) abandono de \u00cd\u00f1igo Tina"},"content":{"rendered":"\n<p> La casa de Gran Hermano 20 sufre una baja completamente inesperada y de manera inmediata. \u00cd\u00f1igo Tina ha abandonado la experiencia por razones ajenas al contenido del programa y<strong> los telespectadores colapsan las redes sociales en apoyos.<\/strong> <\/p>\n<p> \u00ab<strong>Comunicamos la baja de \u00cd\u00f1igo Tina como concursante de Gran Hermano por asuntos personales, ajenos al programa<\/strong>. \u00cd\u00f1igo finaliza su participaci\u00f3n a todos los efectos\u00bb. Con este escueto, pero contundente informe de \u00faltima hora, notificaba esta tarde la organizaci\u00f3n del formato de Telecinco la salida del ya exparticipante vasco de la casa. <\/p>\n<p> Una noticia que ca\u00eda como jarro de agua fr\u00eda, tanto dentro, como fuera de la &#8216;vida en directo&#8217;. <strong>Los m\u00e1s afectados por su inmediato abandono fueron Aroa y Ra\u00fal, que entre l\u00e1grimas enviaban mensajes de \u00e1nimo a su excompa\u00f1ero <\/strong>a trav\u00e9s de las c\u00e1maras y recalcaban el vac\u00edo que les acababa de dejar con su ausencia en Tres Cantos. <\/p>\n<p> Misma reacci\u00f3n en redes sociales, donde no pocos fieles seguidores del concurso de Jorge Javier V\u00e1zquez se deshicieron en halagos hacia el vasco. <strong>\u00abProtagonista indiscutible. Gracias por dejarte conocer, con tus m\u00e1s y tus menos\u00bb<\/strong>; \u00abUno de los concursantes m\u00e1s valientes de esta edici\u00f3n\u00bb, teclearon algunos televidentes, tras conocerse la baja. <\/p>\n<blockquote class=\"twitter-tweet\">\n<p lang=\"es\" dir=\"ltr\">Protagonista indiscutible de esta edici\u00f3n. Una personalidad que puede gustar a unos pocos conocedores de este formato <\/p>\n<p>Much\u00edsimas gracias por dejarte conocer con tus m\u00e1s y tus menos <\/p>\n<p>Que vaya bien \u00bb Mi vasco preferido\u00bb<a href=\"https:\/\/twitter.com\/hashtag\/GH2D?src=hash&amp;ref_src=twsrc%5Etfw\" rel=\"nofollow noopener\" target=\"_blank\">#GH2D<\/a> <a href=\"https:\/\/t.co\/0R6bpf92Vk\" rel=\"nofollow\">https:\/\/t.co\/0R6bpf92Vk<\/a><\/p>\n<p>\u2014 GALO De I\u00d1IGO \ud83e\udd7a\ud83c\uddf5\ud83c\uddfe\ud83c\uddea\ud83c\udde6\ud83d\udd4a\ufe0f (@galopera65) <a href=\"https:\/\/twitter.com\/galopera65\/status\/1995938898501947746?ref_src=twsrc%5Etfw\" rel=\"nofollow noopener\" target=\"_blank\">December 2, 2025<\/a><\/p><\/blockquote>\n<blockquote class=\"twitter-tweet\">\n<p lang=\"es\" dir=\"ltr\">\u00bfy si tuiteamos con <a href=\"https:\/\/twitter.com\/hashtag\/EstamosCon%C3%8D%C3%B1igo?src=hash&amp;ref_src=twsrc%5Etfw\" rel=\"nofollow noopener\" target=\"_blank\">#EstamosCon\u00cd\u00f1igo<\/a> para demostrarle nuestro apoyo sea lo que sea que haya pasado?<\/p>\n<p>\ud83d\udd01 PARA MAYOR DIFUSI\u00d3N <a href=\"https:\/\/twitter.com\/hashtag\/GH2D?src=hash&amp;ref_src=twsrc%5Etfw\" rel=\"nofollow noopener\" target=\"_blank\">#GH2D<\/a> <a href=\"https:\/\/t.co\/wAboiIGQaQ\" rel=\"nofollow\">pic.twitter.com\/wAboiIGQaQ<\/a><\/p>\n<p>\u2014 \u00cd\u00f1igo \ud83d\udda4 (@inigovibes) <a href=\"https:\/\/twitter.com\/inigovibes\/status\/1995943567500738718?ref_src=twsrc%5Etfw\" rel=\"nofollow noopener\" target=\"_blank\">December 2, 2025<\/a><\/p><\/blockquote>\n<blockquote class=\"twitter-tweet\">\n<p lang=\"es\" dir=\"ltr\">Uff se me hace tan imposible seguir Twitteando sobre GH por la perdida de mi I\u00f1igo.<\/p>\n<p>Pero entiendo en todo momento que es una fuerza mayor y solo le deseo que le vaya todo bien y un abrazo super fuerte, MI CAMPE\u00d3N \ud83e\uddf8\ud83d\udda4\ud83e\udd0d\u2728 <a href=\"https:\/\/twitter.com\/hashtag\/GH2D?src=hash&amp;ref_src=twsrc%5Etfw\" rel=\"nofollow noopener\" target=\"_blank\">#GH2D<\/a> <a href=\"https:\/\/t.co\/dP7R9mklln\" rel=\"nofollow\">pic.twitter.com\/dP7R9mklln<\/a><\/p>\n<p>\u2014 Martaa\ud83d\ude48\ud83d\udda4 (@Marttaa_4) <a href=\"https:\/\/twitter.com\/Marttaa_4\/status\/1995931840314847456?ref_src=twsrc%5Etfw\" rel=\"nofollow noopener\" target=\"_blank\">December 2, 2025<\/a><\/p><\/blockquote>\n<blockquote class=\"twitter-tweet\">\n<p lang=\"es\" dir=\"ltr\">Una pena que I\u00f1igo haya tenido que abandonar el programa <a href=\"https:\/\/twitter.com\/hashtag\/GH2D?src=hash&amp;ref_src=twsrc%5Etfw\" rel=\"nofollow noopener\" target=\"_blank\">#GH2D<\/a><\/p>\n<p>Para m\u00ed uno de los concursantes m\u00e1s valientes de esta edici\u00f3n!!!<\/p>\n<p>\u2014 \ud83d\udc84\ud83d\udc8b\ud83d\udc38Maribel \ud83d\udc8e (@Mariweldu) <a href=\"https:\/\/twitter.com\/Mariweldu\/status\/1995918376049246252?ref_src=twsrc%5Etfw\" rel=\"nofollow noopener\" target=\"_blank\">December 2, 2025<\/a><\/p><\/blockquote>\n<blockquote class=\"twitter-tweet\">\n<p lang=\"es\" dir=\"ltr\">Pues ojal\u00e1 lo de I\u00f1igo, sea lo que sea, tenga arreglo \ud83d\ude4f<br \/>Se va un buen concursante. Te pod\u00eda caer mejor o peor pero, desde luego, a \u00e9l no se lo iba a llevar el cami\u00f3n de la mudanza el jueves <a href=\"https:\/\/twitter.com\/hashtag\/GH2D?src=hash&amp;ref_src=twsrc%5Etfw\" rel=\"nofollow noopener\" target=\"_blank\">#GH2D<\/a><\/p>\n<p>\u2014 Coop (@TheCooperette) <a href=\"https:\/\/twitter.com\/TheCooperette\/status\/1995929292560367828?ref_src=twsrc%5Etfw\" rel=\"nofollow noopener\" target=\"_blank\">December 2, 2025<\/a><\/p><\/blockquote>\n<blockquote class=\"twitter-tweet\">\n<p lang=\"es\" dir=\"ltr\"><a href=\"https:\/\/twitter.com\/hashtag\/GH2D?src=hash&amp;ref_src=twsrc%5Etfw\" rel=\"nofollow noopener\" target=\"_blank\">#GH2D<\/a> Me da mucha pena por I\u00f1igo porque era mi \u00daNICO FAVORITO de esta edici\u00f3n,esperemos que NO sea nada grave y que se recupere lo antes posible y que VUELVA porque es NECESARIO en la CASA!!!! <\/p>\n<p>Muchos \u00e1nimos <a href=\"https:\/\/twitter.com\/itinez_30?ref_src=twsrc%5Etfw\" rel=\"nofollow noopener\" target=\"_blank\">@itinez_30<\/a>!!!! Mucha fuerza crack,te queremos!!!! \u2764\ufe0f\u2764\ufe0f\u2764\ufe0f\u2764\ufe0f <a href=\"https:\/\/t.co\/nLR5NJdddf\" rel=\"nofollow\">pic.twitter.com\/nLR5NJdddf<\/a><\/p>\n<p>\u2014 H\u00e9ctor #TeamI\u00f1igo \u2764\ufe0f\u2764\ufe0f (@Hector97073024) <a href=\"https:\/\/twitter.com\/Hector97073024\/status\/1995924639801888807?ref_src=twsrc%5Etfw\" rel=\"nofollow noopener\" target=\"_blank\">December 2, 2025<\/a><\/p><\/blockquote>\n<blockquote class=\"twitter-tweet\">\n<p lang=\"es\" dir=\"ltr\"><a href=\"https:\/\/twitter.com\/hashtag\/GH2D?src=hash&amp;ref_src=twsrc%5Etfw\" rel=\"nofollow noopener\" target=\"_blank\">#GH2D<\/a> Sin I\u00f1igo la casa es m\u00e1s aburrida que nunca y no es lo mismo!!!<\/p>\n<p>\u2014 H\u00e9ctor #TeamI\u00f1igo \u2764\ufe0f\u2764\ufe0f (@Hector97073024) <a href=\"https:\/\/twitter.com\/Hector97073024\/status\/1995971704691343576?ref_src=twsrc%5Etfw\" rel=\"nofollow noopener\" target=\"_blank\">December 2, 2025<\/a><\/p><\/blockquote>\n<blockquote class=\"twitter-tweet\">\n<p lang=\"es\" dir=\"ltr\">el programa qued\u00e1ndose sin \u00cd\u00f1igo cuando el debate del domingo fueron como 2 horas con v\u00eddeos suyos, se han quedado sin su favorito y sin el villano que ten\u00edamos en este reality, otro motivo m\u00e1s que confirma que esta edici\u00f3n de GH no llegar\u00e1 a fin de a\u00f1o <a href=\"https:\/\/twitter.com\/hashtag\/GH2D?src=hash&amp;ref_src=twsrc%5Etfw\" rel=\"nofollow noopener\" target=\"_blank\">#GH2D<\/a><\/p>\n<p>\u2014 PAPELA\ud83d\udcab\ud83d\udd4a (@lapapela_) <a href=\"https:\/\/twitter.com\/lapapela_\/status\/1995928401656569907?ref_src=twsrc%5Etfw\" rel=\"nofollow noopener\" target=\"_blank\">December 2, 2025<\/a><\/p><\/blockquote>\n<p> Una ausencia que, tal y como resaltan muchos de ellos en sus reacciones, tambi\u00e9n <strong>afectar\u00e1 al contenido activo de las galas <\/strong>principales del reality. Y es que, desde su entrada a la casa como integrante de la pajarera y su posterior incorporaci\u00f3n a la convivencia,<strong> las tramas de \u00cd\u00f1igo siempre han sido de las principales prioridades para el telespectador<\/strong>: desde su acercamiento con Edurne, pasando por sonoros enfrentamientos con Aroa, Mamadou o Patricia, o su reciente (y masiva) salvaci\u00f3n del p\u00fablico para que no fuese expulsado de manera fulminante. <\/p>\n<p>              <img decoding=\"async\" class=\"inTextNews__img\" alt=\"Foto: gran-hermano-bronca-super-comida-leche-ejemplo\" src=\"https:\/\/www.europesays.com\/es\/wp-content\/uploads\/2025\/12\/f.elconfidencial.com\/original\/b15\/639\/c89\/b15639c891176c6a170ff02cc088abfa.jpg\"  \/>     <\/p>\n<p>TE PUEDE INTERESAR<\/p>\n<p>      <a class=\"inTextNews__title\" href=\"https:\/\/www.elconfidencial.com\/television\/programas-tv\/2025-12-01\/gran-hermano-bronca-super-comida-leche-ejemplo_4257675\/\" onclick=\"window.ECCO.emit(&#039;amplitude&#039;, { dataEventName: &#039;click_related_article_module&#039;, data: { related_article_url: &#039;https:\/\/www.elconfidencial.com\/television\/programas-tv\/2025-12-01\/gran-hermano-bronca-super-comida-leche-ejemplo_4257675\/&#039;, related_article_author: &#039;Alvaro Rold\u00e1n&#039;, related_article_section: &#039;programas-tv&#039; } })\" rel=\"nofollow noopener\" target=\"_blank\"> \u00abTen\u00e9is que dar ejemplo\u00bb: rega\u00f1ina en directo del S\u00faper de &#8216;Gran Hermano&#8217; por el nulo consumo responsable de comida <\/a>   <\/p>\n<p>    \u00c1. R   <\/p>\n<p> De hecho, el vac\u00edo de \u00cd\u00f1igo para muchos ac\u00e9rrimos del formato de Zeppelin TV <strong>ha originado incluso una campa\u00f1a a su favor, con el lema \u00abEstamos con \u00cd\u00f1igo\u00bb<\/strong>. Sus m\u00e1s devotos se han volcado en la red social X (antes Twitter) destacando sus puntos fuertes como participante (y perfecto finalista o ganador) y resign\u00e1ndose por no poder seguir disfrutando de sus aventuras a trav\u00e9s de las pantallas de Mediaset Infinity y Telecinco. Sin embargo,<strong> aquellos otros que no comulgaban con su perfil como participante, tambi\u00e9n han sentido su fortuita salida <\/strong>por la puerta de atr\u00e1s y tras varias horas recluido con los psic\u00f3logos. <\/p>\n<p> La casa de Gran Hermano 20 sufre una baja completamente inesperada y de manera inmediata. \u00cd\u00f1igo Tina ha abandonado la experiencia por razones ajenas al contenido del programa y<strong> los telespectadores colapsan las redes sociales en apoyos.<\/strong> <\/p>\n<p>              <script async src=\"https:\/\/platform.twitter.com\/widgets.js\" charset=\"utf-8\"><\/script><\/p>\n","protected":false},"excerpt":{"rendered":"La casa de Gran Hermano 20 sufre una baja completamente inesperada y de manera inmediata. \u00cd\u00f1igo Tina ha&hellip;\n","protected":false},"author":2,"featured_media":268032,"comment_status":"","ping_status":"","sticky":false,"template":"","format":"standard","meta":{"footnotes":""},"categories":[91],"tags":[146,147,25,24,23],"class_list":{"0":"post-268031","1":"post","2":"type-post","3":"status-publish","4":"format-standard","5":"has-post-thumbnail","7":"category-entretenimiento","8":"tag-entertainment","9":"tag-entretenimiento","10":"tag-es","11":"tag-espana","12":"tag-spain"},"share_on_mastodon":{"url":"https:\/\/pubeurope.com\/@es\/115652534364227820","error":""},"_links":{"self":[{"href":"https:\/\/www.europesays.com\/es\/wp-json\/wp\/v2\/posts\/268031","targetHints":{"allow":["GET"]}}],"collection":[{"href":"https:\/\/www.europesays.com\/es\/wp-json\/wp\/v2\/posts"}],"about":[{"href":"https:\/\/www.europesays.com\/es\/wp-json\/wp\/v2\/types\/post"}],"author":[{"embeddable":true,"href":"https:\/\/www.europesays.com\/es\/wp-json\/wp\/v2\/users\/2"}],"replies":[{"embeddable":true,"href":"https:\/\/www.europesays.com\/es\/wp-json\/wp\/v2\/comments?post=268031"}],"version-history":[{"count":0,"href":"https:\/\/www.europesays.com\/es\/wp-json\/wp\/v2\/posts\/268031\/revisions"}],"wp:featuredmedia":[{"embeddable":true,"href":"https:\/\/www.europesays.com\/es\/wp-json\/wp\/v2\/media\/268032"}],"wp:attachment":[{"href":"https:\/\/www.europesays.com\/es\/wp-json\/wp\/v2\/media?parent=268031"}],"wp:term":[{"taxonomy":"category","embeddable":true,"href":"https:\/\/www.europesays.com\/es\/wp-json\/wp\/v2\/categories?post=268031"},{"taxonomy":"post_tag","embeddable":true,"href":"https:\/\/www.europesays.com\/es\/wp-json\/wp\/v2\/tags?post=268031"}],"curies":[{"name":"wp","href":"https:\/\/api.w.org\/{rel}","templated":true}]}}