{"id":268037,"date":"2025-12-02T23:21:09","date_gmt":"2025-12-02T23:21:09","guid":{"rendered":"https:\/\/www.europesays.com\/es\/268037\/"},"modified":"2025-12-02T23:21:09","modified_gmt":"2025-12-02T23:21:09","slug":"trump-advierte-del-inicio-de-los-ataques-dentro-de-venezuela-sabemos-donde-viven-los-malos-y-vamos-a-empezar-muy-pronto","status":"publish","type":"post","link":"https:\/\/www.europesays.com\/es\/268037\/","title":{"rendered":"Trump advierte del inicio de los ataques dentro de Venezuela: \u00abSabemos d\u00f3nde viven los malos y vamos a empezar muy pronto\u00bb"},"content":{"rendered":"<p class=\"articleParagraph\">El presidente de <b>Estados Unidos<\/b>, <b>Donald Trump<\/b>, ha afirmado este martes que <b>\u00abmuy pronto\u00bb comenzar\u00e1 a atacar objetivos dentro de Venezuela<\/b>, en el marco de una escalada respecto de los bombardeos contra embarcaciones <b>en el Caribe y el Pac\u00edfico<\/b> contra supuestos narcotraficantes.<\/p>\n<p class=\"articleParagraph\">\u00abVamos a empezar a realizar esos ataques tambi\u00e9n por tierra. Es mucho m\u00e1s f\u00e1cil. Conocemos las rutas que toman. Lo sabemos todo sobre ellos. Sabemos d\u00f3nde viven. <b>Sabemos d\u00f3nde viven los malos, y vamos a empezar con eso muy pronto\u00bb<\/b>, ha declarado Trump durante una reuni\u00f3n de seguridad de su gabinete retransmitido por la Casa Blanca.<\/p>\n<p class=\"articleParagraph\">En su intervenci\u00f3n, ha acusado a la Administraci\u00f3n anterior, liderada por el dem\u00f3crata <b>Joe Biden<\/b>, de aplicar una <b>pol\u00edtica migratoria<\/b> que ha permitido un flujo de drogas y <b>la entrada de \u00abasesinos\u00bb sin \u00abning\u00fan control\u00bb<\/b> que se ha cobrado muchas vidas en Estados Unidos: <b>\u00abEstamos eliminando a esos hijos de puta\u00bb<\/b>, ha declarado.<\/p>\n<p class=\"articleParagraph\">Los potenciales ataques en tierra venezolana significar\u00edan una expansi\u00f3n de la operaci\u00f3n militar<b> Lanza del Sur<\/b>, que desde septiembre hasta ahora ha destruido a 21 embarcaciones en el Caribe y el Pac\u00edfico oriental, <b>matando extrajudicialmente a 82 supuestos narcotraficantes<\/b>, seg\u00fan inform\u00f3 este martes el Pent\u00e1gono.<\/p>\n<p class=\"articleParagraph\">El despliegue militar estadounidense en aguas caribe\u00f1as, uno de los mayores de las \u00faltimas d\u00e9cadas, ha incrementado la presi\u00f3n sobre el Gobierno del presidente venezolano, <b>Nicol\u00e1s Maduro<\/b>, al que Trump acusa de <b>liderar el oscuro C\u00e1rtel de los Soles<\/b>, designado por Washington como una <b>organizaci\u00f3n terrorista extranjera<\/b>.<\/p>\n<p class=\"articleParagraph\">Las declaraciones de Trump llegan apenas unos d\u00edas despu\u00e9s de que mantuviera una conversaci\u00f3n telef\u00f3nica con su hom\u00f3logo venezolano, Nicol\u00e1s Maduro, en medio de las <b>tensiones bilaterales<\/b> entre ambos pa\u00edses.<\/p>\n<p>Advierte tambi\u00e9n a Colombia<\/p>\n<p class=\"articleParagraph\">Trump tambi\u00e9n ha avisado de que <b>cualquier pa\u00eds que produzca y trafique droga hacia Estados Unidos \u00abest\u00e1 sujeto a ataques\u00bb<\/b> y se ha referido directamente a <b>Colombia <\/b>como el pr\u00f3ximo pa\u00eds al que podr\u00eda incluir dentro de esas operaciones terrestres.<\/p>\n<p class=\"articleParagraph\">\u00abHe o\u00eddo que Colombia produce coca\u00edna. Tiene plantas de fabricaci\u00f3n, \u00bfde acuerdo? Y luego nos venden coca\u00edna. Pero s\u00ed, cualquiera que haga eso y la venda a nuestro pa\u00eds est\u00e1 sujeto a ataques, no necesariamente solo Venezuela\u00bb, ha dicho el presidente.<\/p>\n<p class=\"articleParagraph\">En respuesta a esto, el presidente colombiano, <b>Gustavo Petro<\/b>, ha invitado a Trump a visitar su pa\u00eds <b>\u00abpara que participe en la destrucci\u00f3n de los nueve laboratorios diarios que hacemos para que no llegue coca\u00edna a EEUU\u00bb<\/b>.<\/p>\n","protected":false},"excerpt":{"rendered":"El presidente de Estados Unidos, Donald Trump, ha afirmado este martes que \u00abmuy pronto\u00bb comenzar\u00e1 a atacar objetivos&hellip;\n","protected":false},"author":2,"featured_media":268038,"comment_status":"","ping_status":"","sticky":false,"template":"","format":"standard","meta":{"footnotes":""},"categories":[42],"tags":[17,18,13,14,11,61,62,63,64,19,20,9,10,15,16,12,21,22,65,66,67],"class_list":{"0":"post-268037","1":"post","2":"type-post","3":"status-publish","4":"format-standard","5":"has-post-thumbnail","7":"category-internacional","8":"tag-breaking-news","9":"tag-breakingnews","10":"tag-featured-news","11":"tag-featurednews","12":"tag-headlines","13":"tag-internacional","14":"tag-international","15":"tag-international-news","16":"tag-internationalnews","17":"tag-latest-news","18":"tag-latestnews","19":"tag-news","20":"tag-noticias","21":"tag-noticias-destacadas","22":"tag-noticiasdestacadas","23":"tag-titulares","24":"tag-ultimas-noticias","25":"tag-ultimasnoticias","26":"tag-world","27":"tag-world-news","28":"tag-worldnews"},"share_on_mastodon":{"url":"","error":""},"_links":{"self":[{"href":"https:\/\/www.europesays.com\/es\/wp-json\/wp\/v2\/posts\/268037","targetHints":{"allow":["GET"]}}],"collection":[{"href":"https:\/\/www.europesays.com\/es\/wp-json\/wp\/v2\/posts"}],"about":[{"href":"https:\/\/www.europesays.com\/es\/wp-json\/wp\/v2\/types\/post"}],"author":[{"embeddable":true,"href":"https:\/\/www.europesays.com\/es\/wp-json\/wp\/v2\/users\/2"}],"replies":[{"embeddable":true,"href":"https:\/\/www.europesays.com\/es\/wp-json\/wp\/v2\/comments?post=268037"}],"version-history":[{"count":0,"href":"https:\/\/www.europesays.com\/es\/wp-json\/wp\/v2\/posts\/268037\/revisions"}],"wp:featuredmedia":[{"embeddable":true,"href":"https:\/\/www.europesays.com\/es\/wp-json\/wp\/v2\/media\/268038"}],"wp:attachment":[{"href":"https:\/\/www.europesays.com\/es\/wp-json\/wp\/v2\/media?parent=268037"}],"wp:term":[{"taxonomy":"category","embeddable":true,"href":"https:\/\/www.europesays.com\/es\/wp-json\/wp\/v2\/categories?post=268037"},{"taxonomy":"post_tag","embeddable":true,"href":"https:\/\/www.europesays.com\/es\/wp-json\/wp\/v2\/tags?post=268037"}],"curies":[{"name":"wp","href":"https:\/\/api.w.org\/{rel}","templated":true}]}}