{"id":268039,"date":"2025-12-02T23:22:13","date_gmt":"2025-12-02T23:22:13","guid":{"rendered":"https:\/\/www.europesays.com\/es\/268039\/"},"modified":"2025-12-02T23:22:13","modified_gmt":"2025-12-02T23:22:13","slug":"asesinada-a-punaladas-por-su-pareja-una-mujer-de-29-anos-en-alicante","status":"publish","type":"post","link":"https:\/\/www.europesays.com\/es\/268039\/","title":{"rendered":"Asesinada a pu\u00f1aladas por su pareja una mujer de 29 a\u00f1os en Alicante"},"content":{"rendered":"<p>Alicante (EFE).- Una mujer de 29 a\u00f1os ha sido asesinada este martes a pu\u00f1aladas por su pareja sentimental, de 34, que luego se ha quitado la vida ahorc\u00e1ndose en una vivienda de Alicante, han informado a EFE fuentes de la investigaci\u00f3n.<\/p>\n<p>El crimen ha ocurrido en el n\u00famero 13 de la calle C\u00e1novas del Castillo, en el alicantino barrio de Carolinas Altas, en torno a las 17 horas y los cuerpos sin vida han sido descubiertos por un cu\u00f1ado de la pareja despu\u00e9s de que oyera gritos procedentes del interior del domicilio y entrara dentro rompiendo la puerta a patadas.<\/p>\n<p>Tras conseguir acceder, este familiar ha encontrado cerca de la puerta principal el cuerpo sin vida de la v\u00edctima, una mujer argentina con pasaporte italiano que presentaba numerosas heridas de arma blanca, principalmente en el pecho, mientras que el cad\u00e1ver ahorcado del supuesto asesino estaba en el balc\u00f3n.<\/p>\n<p>Las fuentes consultadas por EFE han se\u00f1alado que la pareja se encontraba en proceso de separaci\u00f3n y que ten\u00eda un hijo de entre dos y tres a\u00f1os que en el momento del crimen se hallaba en una escuela infantil de la ciudad. Adem\u00e1s, no constan denuncias previas entre ambos ni que en el sistema Viogen hubiera registro alguno.<\/p>\n<p>Los cuerpos sin vida han sido trasladados al Instituto de Medicina Legal de Alicante para los ex\u00e1menes forenses mientras que efectivos de la Polic\u00eda Cient\u00edfica del Cuerpo Nacional de Polic\u00eda siguen dentro de la vivienda.<\/p>\n<p><img data-recalc-dims=\"1\" fetchpriority=\"high\" decoding=\"async\" width=\"900\" height=\"600\" src=\"https:\/\/www.europesays.com\/es\/wp-content\/uploads\/2025\/12\/asesinada-a-punaladas-violencia-machista-alicante.webp\" alt=\"Edificio donde han ocurrido los hechos.\" class=\"wp-image-2331532\"  \/>Edificio donde han ocurrido los hechos. EFE\/Morell<\/p>\n<p>1337 mujeres han sido asesinadas por violencia machista desde 2003<\/p>\n<p>La Delegaci\u00f3n del Gobierno contra la Violencia de G\u00e9nero informa en la red social X que est\u00e1 recabando los datos del asesinato que, de confirmarse la naturaleza machista del mismo, elevar\u00eda a 42 el n\u00famero de mujeres asesinadas por sus parejas o exparejas en lo que va de a\u00f1o, 1.337 desde 2003.<\/p>\n<p>Las v\u00edctimas de la violencia machista y su entorno pueden pedir ayuda en distintos recursos activos todos los d\u00edas de la semana y las 24 horas del d\u00eda: el tel\u00e9fono 016, el correo electr\u00f3nico 016-online@igualdad.gob.es y el canal del WhatsApp en el n\u00famero 600 000 016.<\/p>\n<p>En una situaci\u00f3n de emergencia se puede llamar al 112 o a los tel\u00e9fonos de emergencias de la Polic\u00eda Nacional (091) y de la Guardia Civil (062) y, si no es posible hacer esa llamada, en caso de peligro existe tambi\u00e9n la opci\u00f3n de activar la aplicaci\u00f3n ALERTCOPS, que env\u00eda una se\u00f1al de alerta a la Polic\u00eda con geolocalizaci\u00f3n.<\/p>\n","protected":false},"excerpt":{"rendered":"Alicante (EFE).- Una mujer de 29 a\u00f1os ha sido asesinada este martes a pu\u00f1aladas por su pareja sentimental,&hellip;\n","protected":false},"author":2,"featured_media":268040,"comment_status":"","ping_status":"","sticky":false,"template":"","format":"standard","meta":{"footnotes":""},"categories":[8],"tags":[17,18,25,24,13,14,11,19,20,9,10,15,16,23,12,21,22,16317,6580],"class_list":{"0":"post-268039","1":"post","2":"type-post","3":"status-publish","4":"format-standard","5":"has-post-thumbnail","7":"category-espana","8":"tag-breaking-news","9":"tag-breakingnews","10":"tag-es","11":"tag-espana","12":"tag-featured-news","13":"tag-featurednews","14":"tag-headlines","15":"tag-latest-news","16":"tag-latestnews","17":"tag-news","18":"tag-noticias","19":"tag-noticias-destacadas","20":"tag-noticiasdestacadas","21":"tag-spain","22":"tag-titulares","23":"tag-ultimas-noticias","24":"tag-ultimasnoticias","25":"tag-violencia-de-genero","26":"tag-violencia-machista"},"share_on_mastodon":{"url":"https:\/\/pubeurope.com\/@es\/115652549104994099","error":""},"_links":{"self":[{"href":"https:\/\/www.europesays.com\/es\/wp-json\/wp\/v2\/posts\/268039","targetHints":{"allow":["GET"]}}],"collection":[{"href":"https:\/\/www.europesays.com\/es\/wp-json\/wp\/v2\/posts"}],"about":[{"href":"https:\/\/www.europesays.com\/es\/wp-json\/wp\/v2\/types\/post"}],"author":[{"embeddable":true,"href":"https:\/\/www.europesays.com\/es\/wp-json\/wp\/v2\/users\/2"}],"replies":[{"embeddable":true,"href":"https:\/\/www.europesays.com\/es\/wp-json\/wp\/v2\/comments?post=268039"}],"version-history":[{"count":0,"href":"https:\/\/www.europesays.com\/es\/wp-json\/wp\/v2\/posts\/268039\/revisions"}],"wp:featuredmedia":[{"embeddable":true,"href":"https:\/\/www.europesays.com\/es\/wp-json\/wp\/v2\/media\/268040"}],"wp:attachment":[{"href":"https:\/\/www.europesays.com\/es\/wp-json\/wp\/v2\/media?parent=268039"}],"wp:term":[{"taxonomy":"category","embeddable":true,"href":"https:\/\/www.europesays.com\/es\/wp-json\/wp\/v2\/categories?post=268039"},{"taxonomy":"post_tag","embeddable":true,"href":"https:\/\/www.europesays.com\/es\/wp-json\/wp\/v2\/tags?post=268039"}],"curies":[{"name":"wp","href":"https:\/\/api.w.org\/{rel}","templated":true}]}}