{"id":268051,"date":"2025-12-02T23:33:13","date_gmt":"2025-12-02T23:33:13","guid":{"rendered":"https:\/\/www.europesays.com\/es\/268051\/"},"modified":"2025-12-02T23:33:13","modified_gmt":"2025-12-02T23:33:13","slug":"su-edad-su-relacion-actual-con-fran-perea-y-rumores-de-romance-con-otro-actor","status":"publish","type":"post","link":"https:\/\/www.europesays.com\/es\/268051\/","title":{"rendered":"su edad, su relaci\u00f3n actual con Fran Perea y rumores de romance con otro actor"},"content":{"rendered":"<p style=\"\">Acaba de aterrizar en Atresplayer, pero lo cierto es que <strong>&#8216;Las hijas de la criada&#8217;<\/strong>, la nueva serie basada en la novela con la que <strong>Sonsoles \u00d3nega<\/strong> se hizo con el <strong>Premio Planeta 2023<\/strong>, ya apunta a ser una de las  &#8230; ficciones espa\u00f1olas del momento. En ella, la presentadora narra <a href=\"https:\/\/www.abc.es\/play\/series\/noticias\/serie-basada-novela-sonsoles-onega-ganadora-premio-20251130210752-nt.html\" title=\"www.abc.es\" data-voc-vtm-id=\"in-text-traffic\" data-mrf-link=\"www.abc.es\" rel=\"nofollow noopener\" target=\"_blank\">la historia de dos ni\u00f1as<\/a>, Clara, la hija de la criada Renata, y Catalina, hija de los se\u00f1ores Vald\u00e9s, que son <strong>intercambiadas al nacer<\/strong>, alterando para siempre la vida de ambas familias.<\/p>\n<p class=\"voc-p\" style=\"\">Este nuevo estreno, producido por Buend\u00eda Estudios y dirigido por <strong>Menna Fit\u00e9 y Alejo Fah<\/strong>, ha vuelto a rescatar a una de las <a href=\"https:\/\/www.abc.es\/play\/series\/noticias\/veronica-sanchez-niego-tratar-espectador-consumidor-20240704175421-nt.html\" title=\"www.abc.es\" data-voc-vtm-id=\"in-text-traffic\" data-mrf-link=\"www.abc.es\" rel=\"nofollow noopener\" target=\"_blank\">actrices m\u00e1s potentes<\/a> de nuestro pa\u00eds: <strong>Ver\u00f3nica S\u00e1nchez<\/strong>, que, tras el \u00e9xito de &#8216;La Favorita 1922&#8217; en Telecinco, vuelve a recalar en una serie de \u00e9poca que apunta a encandilar a buena parte del p\u00fablico espa\u00f1ol. La sevillana protagoniza la trama ganadora del Planeta, donde comparte reparto con actores de la talla de <strong>Alain Hern\u00e1ndez, Carlota Bar\u00f3, Martina Cariddi o Judith Fern\u00e1ndez<\/strong>, entre otros.<\/p>\n<p class=\"voc-p\" style=\"\">Con motivo de este lanzamiento, que lleg\u00f3 a Atresplayer el pasado domingo, Ver\u00f3nica S\u00e1nchez visita este martes <strong>&#8216;El Hormiguero&#8217;<\/strong> junto a la <a href=\"https:\/\/www.abc.es\/play\/series\/noticias\/sonsoles-onega-cuidado-meterme-jardines-llego-autocensurarme-20251128134707-nt.html\" title=\"www.abc.es\" data-voc-vtm-id=\"in-text-traffic\" data-mrf-link=\"www.abc.es\" rel=\"nofollow noopener\" target=\"_blank\">presentadora de &#8216;Y ahora Sonsoles&#8217;<\/a>. All\u00ed, ambas hablar\u00e1n sobre el proceso creativo detr\u00e1s de este nuevo proyecto con la firma de Atresmedia y tambi\u00e9n nos dejar\u00e1n conocer m\u00e1s a fondo algunos de los aspectos m\u00e1s desconocidos de su vida personal.<\/p>\n<p class=\"voc-p\" style=\"\">Siempre muy discreta, son pocos los detalles que conocemos sobre lo que esconde detr\u00e1s de las c\u00e1maras. Repasamos todo lo que debes saber sobre <strong>Ver\u00f3nica S\u00e1nchez<\/strong>, invitada de este martes en <a href=\"https:\/\/www.abc.es\/noticias\/el-hormiguero\/\" title=\"www.abc.es\" data-voc-vtm-id=\"in-text-traffic\" data-mrf-link=\"www.abc.es\" rel=\"nofollow noopener\" target=\"_blank\">&#8216;El Hormiguero&#8217;<\/a> y protagonista de &#8216;Las hijas de la criada&#8217;, la nueva serie sobre la novela de Sonsoles \u00d3nega.<\/p>\n<p>\nDe enamorarse del teatro gracias a su familia a saltar a la fama con &#8216;Los Serrano&#8217;\n<\/p>\n<p class=\"voc-p\" style=\"\">Aunque lleva muchos a\u00f1os enfocada en el mundo de la actuaci\u00f3n, lo cierto es que Ver\u00f3nica S\u00e1nchez comenz\u00f3 a actuar por pura casualidad. Desde bien peque\u00f1a, a la int\u00e9rprete andaluza, de <strong>48 a\u00f1os<\/strong> (Sevilla, 1977), le comenzaron a inculcar el <strong>amor por el cine y el teatro<\/strong> en su propia familia. Su <strong>abuelo materno<\/strong> fue una figura clave en ello, pues fue \u00e9l quien le infundi\u00f3 esta <strong>pasi\u00f3n por los escenarios<\/strong>.<\/p>\n<p class=\"voc-p\" style=\"\">A pesar de ello, no fue hasta la adolescencia cuando se atrevi\u00f3 a probar ella misma suerte en el mundillo. \u00ab<strong>En COU me apunt\u00e9 a un curso de teatro<\/strong>. No s\u00e9 muy bien por qu\u00e9. Casi que siento que alguien decidi\u00f3 por m\u00ed, pero ah\u00ed <strong>descubr\u00ed que eso era lo que quer\u00eda hacer<\/strong>. Y cuando termin\u00e9 el curso, me prepar\u00e9 la selectividad y las pruebas de acceso a la ESAD de Sevilla. A partir de ah\u00ed, <strong>descubr\u00ed un mundo del que no he querido salir<\/strong>\u00bb, cont\u00f3 en una entrevista.<\/p>\n<p class=\"voc-p\" style=\"\">Siendo muy joven a\u00fan, decidi\u00f3 <strong>marcharse a Madrid para estudiar Arte Dram\u00e1tico<\/strong>. Una apuesta que acab\u00f3 sali\u00e9ndole redonda, pues, con apenas 25 a\u00f1os, Fernando Colomo la eligi\u00f3 para encarnar el papel de Juliana en la pel\u00edcula <strong>&#8216;Al sur de Granada&#8217;<\/strong>, que le sirvi\u00f3 para ser <strong>nominada al Premio Goya<\/strong> a la mejor actriz revelaci\u00f3n. <\/p>\n<p><img decoding=\"async\" loading=\"lazy\" src=\"https:\/\/www.europesays.com\/es\/wp-content\/uploads\/2025\/12\/veronica-sanchez-granada.jpg\" class=\"voc-img\" width=\"760\" height=\"427\" alt=\"Ver\u00f3nica S\u00e1nchez recibi\u00f3 su primera nominaci\u00f3n para el Premio Goya en 2003 por su papel en 'Al sur de Granada'\" data-voc-vtm-id=\"in-text-traffic\"\/><\/p>\n<p>Ver\u00f3nica S\u00e1nchez recibi\u00f3 su primera nominaci\u00f3n para el Premio Goya en 2003 por su papel en &#8216;Al sur de Granada&#8217;<\/p>\n<p>RTVE<\/p>\n<p class=\"voc-p\" style=\"\">Ese mismo a\u00f1o comenzar\u00eda tambi\u00e9n su andadura con la serie que le lanz\u00f3 a la fama, &#8216;Los Serrano&#8217;, donde se puso en la piel de <strong>Eva Capdevila<\/strong>, la hija mayor de Bel\u00e9n Rueda en la ficci\u00f3n encabezada por Antonio Resines. Esa interpretaci\u00f3n le vali\u00f3 para convertirse en una de las actrices j\u00f3venes del momento en Espa\u00f1a, abri\u00e9ndole las puertas del mundo del cine y la televisi\u00f3n. <\/p>\n<p class=\"voc-p\" style=\"\">As\u00ed, en los a\u00f1os siguientes particip\u00f3 en ficciones como &#8216;El a\u00f1o de la garrapata&#8217;, &#8216;El Calentito&#8217;, <strong>&#8216;Los 2 lados de la cama&#8217;<\/strong>, &#8216;Las 13 rosas&#8217;, <strong>&#8216;Camar\u00f3n&#8217; o &#8216;Gordos&#8217;<\/strong>. Estas dos \u00faltimas volvieron a valerle la <strong>nominaci\u00f3n a los Premios Goya<\/strong>, esta vez en la categor\u00eda de Mejor interpretaci\u00f3n femenina de reparto.<\/p>\n<p class=\"voc-p\" style=\"\">Desde entonces, a la int\u00e9rprete no le han faltado papeles en las <a href=\"https:\/\/www.abc.es\/play\/series\/segunda-vida-series-20250731142823-nt.html\" title=\"www.abc.es\" data-voc-vtm-id=\"in-text-traffic\" data-mrf-link=\"www.abc.es\" rel=\"nofollow noopener\" target=\"_blank\">ficciones espa\u00f1olas<\/a>, aunque es ahora cuando <strong>le est\u00e1n llegando los mejores personajes de su carrera<\/strong>, seg\u00fan ella misma admiti\u00f3 en una entrevista en El Espa\u00f1ol. Entre sus \u00faltimos logros, la hemos visto participar en series como &#8216;Gran Reserva: El origen&#8217;, &#8216;Sin identidad&#8217;, &#8216;El Caso: Cr\u00f3nica de sucesos&#8217;, &#8216;Tiempos de guerra&#8217;, &#8216;El embarcadero&#8217;, &#8216;Sky Rojo&#8217;, &#8216;\u00c1ngela&#8217; o <a href=\"https:\/\/www.abc.es\/play\/series\/noticias\/favorita-1922-personajes-actores-nueva-serie-telecinco-20250317200000-nt.html\" title=\"www.abc.es\" data-voc-vtm-id=\"in-text-traffic\" data-mrf-link=\"www.abc.es\" rel=\"nofollow noopener\" target=\"_blank\">&#8216;La Favorita 1922&#8217;<\/a>.<strong>\ufeff<\/strong><\/p>\n<p class=\"voc-p\" style=\"\"><strong>&#8216;Las hijas de la criada&#8217;<\/strong>, la adaptaci\u00f3n televisiva de la novela ganadora del Premio Planeta 2023, es su \u00faltimo proyecto de \u00e9xito.<\/p>\n<p>\nUna conocida relaci\u00f3n con el actor Fran Perea\n<\/p>\n<p class=\"voc-p\" style=\"\">A pesar de su discreta vida privada, lo cierto es que Ver\u00f3nica S\u00e1nchez sabe lo que es <strong>enamorarse en el set de un rodaje<\/strong>. Sucedi\u00f3 hace m\u00e1s de 20 a\u00f1os, cuando la joven comenz\u00f3 a trabajar en &#8216;Los Serrano&#8217;, la m\u00edtica serie protagonizada por Antonio Resines y Bel\u00e9n Rueda. Fue all\u00ed donde <strong>surgi\u00f3 el amor con otro de los protagonistas<\/strong>, Marcos, al que daba vida el actor y cantante <strong>Fran Perea<\/strong>, y del que su personaje tambi\u00e9n se enamoraba en la ficci\u00f3n a pesar de ser hermanastros.<\/p>\n<p><img decoding=\"async\" loading=\"lazy\" src=\"https:\/\/www.europesays.com\/es\/wp-content\/uploads\/2025\/12\/fran-perea-veronica-kvYH-U101047932165HCE-760x427@diario_abc.jpg\" class=\"voc-img\" width=\"760\" height=\"427\" alt=\"Fran Perea y Ver\u00f3nica S\u00e1nchez se enamoraron durante el rodaje de 'Los Serrano', hace m\u00e1s de 20 a\u00f1os\" data-voc-vtm-id=\"in-text-traffic\"\/><\/p>\n<p>Fran Perea y Ver\u00f3nica S\u00e1nchez se enamoraron durante el rodaje de &#8216;Los Serrano&#8217;, hace m\u00e1s de 20 a\u00f1os<\/p>\n<p class=\"voc-p\" style=\"\">Este romance, que <strong>comenz\u00f3 en 2003<\/strong>, fue entonces uno de los m\u00e1s medi\u00e1ticos del momento en nuestro pa\u00eds: protagonizaron las revistas de la \u00e9poca, posaron sobre las alfombras rojas y dejaron clara <strong>su qu\u00edmica en la peque\u00f1a pantalla<\/strong>. <\/p>\n<p class=\"voc-p\" style=\"\">Poco despu\u00e9s de conocerse, la pareja se mudaba a un piso, aunque la convivencia no dur\u00f3 mucho. Apenas un a\u00f1o despu\u00e9s de tomar esta decisi\u00f3n y <strong>despu\u00e9s de dos a\u00f1os de relaci\u00f3n, ambos pon\u00edan punto y final<\/strong> a su historia, dejando muy afectados a los fans de su romance.<\/p>\n<p class=\"voc-p\" style=\"\">A pesar de esta ruptura, lo cierto es que tanto Ver\u00f3nica S\u00e1nchez como Fran Perea <strong>siguen manteniendo una buena relaci\u00f3n<\/strong>. De hecho, hace unos a\u00f1os el int\u00e9rprete de &#8216;Uno m\u00e1s uno son 7&#8217; sorprend\u00eda a sus seguidores publicando una foto junto a su expareja, ahora amiga. En ella, rememoraban una de las im\u00e1genes m\u00e1s ic\u00f3nicas de su paso por &#8216;Los Serrano&#8217; para conmemorar las dos d\u00e9cadas de la ficci\u00f3n que les catapult\u00f3 a la fama.<\/p>\n<p class=\"voc-p\" style=\"\">En la fotograf\u00eda, los dos actores aparecen juntos, sentados en un sof\u00e1, como ya hicieran los personajes de Eva y Marcos en la ficci\u00f3n de Telecinco: \u00ab<strong>El sof\u00e1 no es el mismo, pero nosotros estamos iguales. \u00a1No, mejores!<\/strong>\u00bb, escrib\u00eda Perea al hacer referencia al ic\u00f3nico momento, del que han pasado ya m\u00e1s de 20 a\u00f1os.<\/p>\n<p>\nRumores de romance con otro actor\n<\/p>\n<p class=\"voc-p\" style=\"\">Su proyecto en Telecinco vino acompa\u00f1ado de rumores de romance con un compa\u00f1ero de profesi\u00f3n. Se trata de <strong>Luis Fern\u00e1ndez<\/strong>, que en la ficci\u00f3n da vida a <strong>Julio Moreno<\/strong>, el inter\u00e9s amoroso de la protagonista, y a quien conoci\u00f3 durante las grabaciones.<\/p>\n<p><img decoding=\"async\" loading=\"lazy\" src=\"https:\/\/www.europesays.com\/es\/wp-content\/uploads\/2025\/12\/veronica-luis-kvYH-U101047932165jc-760x427@diario_abc.jpg\" class=\"voc-img\" width=\"760\" height=\"427\" alt=\"Desde 2024 se ha rumoreado que Luis Fern\u00e1ndez y Ver\u00f3nica S\u00e1nchez, protagonistas de 'La Favorita 1922', se hab\u00edan enamorado en el set de rodaje\" data-voc-vtm-id=\"in-text-traffic\"\/><\/p>\n<p>Desde 2024 se ha rumoreado que Luis Fern\u00e1ndez y Ver\u00f3nica S\u00e1nchez, protagonistas de &#8216;La Favorita 1922&#8217;, se hab\u00edan enamorado en el set de rodaje<\/p>\n<p>GTRES<\/p>\n<p class=\"voc-p\" style=\"\">Fue el portal Vanitatis quien, a principios de 2024, hizo p\u00fablica la relaci\u00f3n amorosa que exist\u00eda entre la pareja de actores. Seg\u00fan explic\u00f3 entonces el citado medio, ambos <strong>se presentaban a s\u00ed mismos como novios ante su familia y amigos<\/strong> tras enamorarse en pleno rodaje. <\/p>\n<p class=\"voc-p\" style=\"\">Apenas unos meses m\u00e1s tarde, la revista Pronto sacaba a la luz las primeras im\u00e1genes de ambos juntos, en las que disfrutaban de unas <strong>rom\u00e1nticas vacaciones de verano en las playas de C\u00e1diz<\/strong>. La pareja se dej\u00f3 ver entonces en actitud muy rom\u00e1ntica, abraz\u00e1ndose y dedic\u00e1ndose todo tipo de gestos de cari\u00f1o en la costa gaditana. <\/p>\n<p class=\"voc-p\" style=\"\">No obstante, ambos han negado este idilio en varias ocasiones y han confirmado que tan solo mantienen una buena amistad. \u00abYo lo he aclarado, \u00e9l lo ha aclarado, pero cada semana siguen saliendo noticias de que somos pareja. Yo ya lo dejo correr. No me molesta, pero me da pereza que se digan cosas y, por m\u00e1s que se desmientan, se reitere. <strong>Somos muy amigos, llevamos mucho tiempo y sabemos c\u00f3mo va esto<\/strong>\u00bb, dijo ella en una entrevista para Diez Minutos.<\/p>\n<p class=\"voc-p\" style=\"\">\u00c9l, por su parte, lo hab\u00eda aclarado meses antes, asegurando que no exist\u00eda entre ellos m\u00e1s que una amistad: \u00ab<strong>No, no somos pareja, de hecho.<\/strong> Es algo que hubo como en el aire, pero yo nunca he confirmado y ella tampoco. <strong>De hecho, lo desmiento. No somos pareja<\/strong>\u00bb.<\/p>\n","protected":false},"excerpt":{"rendered":"Acaba de aterrizar en Atresplayer, pero lo cierto es que &#8216;Las hijas de la criada&#8217;, la nueva serie&hellip;\n","protected":false},"author":2,"featured_media":268052,"comment_status":"","ping_status":"","sticky":false,"template":"","format":"standard","meta":{"footnotes":""},"categories":[174],"tags":[66106,1339,255,7113,146,147,25,24,256,22473,3053,2657,199,156,23,66105,27036,2606],"class_list":{"0":"post-268051","1":"post","2":"type-post","3":"status-publish","4":"format-standard","5":"has-post-thumbnail","7":"category-famosos","8":"tag-66106","9":"tag-actor","10":"tag-celebrities","11":"tag-elena","12":"tag-entertainment","13":"tag-entretenimiento","14":"tag-es","15":"tag-espana","16":"tag-famosos","17":"tag-favorita","18":"tag-personal","19":"tag-romance","20":"tag-sanchez","21":"tag-serie","22":"tag-spain","23":"tag-valmonte","24":"tag-veronica","25":"tag-vida"},"share_on_mastodon":{"url":"https:\/\/pubeurope.com\/@es\/115652592361131725","error":""},"_links":{"self":[{"href":"https:\/\/www.europesays.com\/es\/wp-json\/wp\/v2\/posts\/268051","targetHints":{"allow":["GET"]}}],"collection":[{"href":"https:\/\/www.europesays.com\/es\/wp-json\/wp\/v2\/posts"}],"about":[{"href":"https:\/\/www.europesays.com\/es\/wp-json\/wp\/v2\/types\/post"}],"author":[{"embeddable":true,"href":"https:\/\/www.europesays.com\/es\/wp-json\/wp\/v2\/users\/2"}],"replies":[{"embeddable":true,"href":"https:\/\/www.europesays.com\/es\/wp-json\/wp\/v2\/comments?post=268051"}],"version-history":[{"count":0,"href":"https:\/\/www.europesays.com\/es\/wp-json\/wp\/v2\/posts\/268051\/revisions"}],"wp:featuredmedia":[{"embeddable":true,"href":"https:\/\/www.europesays.com\/es\/wp-json\/wp\/v2\/media\/268052"}],"wp:attachment":[{"href":"https:\/\/www.europesays.com\/es\/wp-json\/wp\/v2\/media?parent=268051"}],"wp:term":[{"taxonomy":"category","embeddable":true,"href":"https:\/\/www.europesays.com\/es\/wp-json\/wp\/v2\/categories?post=268051"},{"taxonomy":"post_tag","embeddable":true,"href":"https:\/\/www.europesays.com\/es\/wp-json\/wp\/v2\/tags?post=268051"}],"curies":[{"name":"wp","href":"https:\/\/api.w.org\/{rel}","templated":true}]}}