{"id":268057,"date":"2025-12-02T23:38:12","date_gmt":"2025-12-02T23:38:12","guid":{"rendered":"https:\/\/www.europesays.com\/es\/268057\/"},"modified":"2025-12-02T23:38:12","modified_gmt":"2025-12-02T23:38:12","slug":"rodado-en-blanco-y-negro-y-por-los-propios-reclusos-asi-es-el-documental-las-voces-del-silencio","status":"publish","type":"post","link":"https:\/\/www.europesays.com\/es\/268057\/","title":{"rendered":"Rodado en blanco y negro y por los propios reclusos: as\u00ed es el documental &#8216;Las voces del silencio&#8217;"},"content":{"rendered":"<p class=\"prip\">La sala 2 de Cines Mercado acog\u00eda esta tarde de martes el estreno del <strong>documental &#8216;Las voces del silencio&#8217;<\/strong>. Un filme de 57 minutos de duraci\u00f3n que se introduce en el interior del <strong>centro penitenciario de Soria<\/strong> para conocer, intramuros, la vida de cuatro j\u00f3venes internos que narran -y se sinceran-, en primera persona, sus vidas. Son testimonios con los que comparten una pasi\u00f3n, la <strong>m\u00fasica<\/strong>, en distintas vertientes.<\/p>\n<p>El filme ha sido dirigido por <strong>Guillermo Gonz\u00e1lez Coll<\/strong> y tambi\u00e9n cabeza de la asociaci\u00f3n Harmony Coaching, dedicada a iniciativas sociales que fundamentan su raz\u00f3n de ser en el arte como <strong>herramienta de educaci\u00f3n y reinserci\u00f3n<\/strong>. El documental es la evoluci\u00f3n natural de &#8216;Versos libres&#8217;, un taller de creaci\u00f3n musical que la agrupaci\u00f3n lleva desarrollando desde hace dos a\u00f1os con los internos del centro ubicado en el barrio de Las Casas.<\/p>\n<p>Los protagonistas absolutos son cuatro de los participantes del taller, conocidos por sus <strong>pseud\u00f3nimos art\u00edsticos<\/strong>: El Caracolero, OVD de Moda, El Robo 21 y PRT45. Fueron escogidos no solo por su talento, sino por las historias que llevaban dentro. \u00abLes hemos puesto delante de la c\u00e1mara para que hablen de sus historias de vida, sobre todo relacionadas con la m\u00fasica, con el futuro, con su <strong>horizonte<\/strong>, y c\u00f3mo la m\u00fasica les est\u00e1 ayudando a pasar este proceso\u00bb.<\/p>\n<p>Enfoque<\/p>\n<p>El documental se al\u00eda con un enfoque que evita un pasado que supone, consecuentemente, un presente <strong>sin libertad<\/strong>. \u00abNo se habla en ning\u00fan momento de por qu\u00e9 est\u00e1n o no est\u00e1n en prisi\u00f3n. Son ellos como creadores, es la dificultad que tienen para sacar su talento adelante cuando vienen de un contexto sociocultural y socioecon\u00f3mico que no ha sido, sobre todo, f\u00e1cil\u00bb, subraya Gonz\u00e1lez. El filme explora las infancias terribles y los barrios complicados que marcan sus biograf\u00edas, mostrando c\u00f3mo, a pesar de todo, la <strong>sensibilidad y la creatividad<\/strong> afloran, buscando la luz al final del t\u00fanel.<\/p>\n<p>Aunque sus or\u00edgenes son dispares \u2014uno de Sevilla, otro de Pamplona, por ejemplo\u2014, el documental hila un tejido que conforma un relato com\u00fan, dentro del cual \u00aben el fondo son situaciones muy similares\u00bb, revela el director refiri\u00e9ndose a las vivencias compartidas de abandono o entornos familiares complejos que unen a los actores m\u00e1s all\u00e1 de las rejas. Para profundizar en esos bagajes de vida, el equipo de rodaje viaj\u00f3 a Sevilla y Pamplona para entrevistar a las hermanas de dos de los protagonistas, a\u00f1adiendo una <strong>perspectiva externa y familiar<\/strong> a sus relatos.<\/p>\n<p>Un rodaje desde dentro<\/p>\n<p>El proceso de grabaci\u00f3n ha llevado un a\u00f1o, con sesiones de <strong>rodaje cada lunes<\/strong>. El 90% del material se ha rodado dentro del centro penitenciario, en un reto complicado tanto por la seguridad que implica el ordenamiento de la prisi\u00f3n como lo es tambi\u00e9n el cumplimiento de la normativa para este tipo de actividades. El equipo t\u00e9cnico ha sido tan singular como los protagonistas: junto a miembros de la asociaci\u00f3n y antiguos participantes del proyecto, un grupo de cinco internos se ha encargado de grabar el documental. \u00abHa sido complicado, aunque ten\u00edamos el apoyo y el inter\u00e9s del propio centro penitenciario\u00bb, reconoce Gonz\u00e1lez, quien ha relatado las dificultades para decidir qu\u00e9 se pod\u00eda mostrar y qu\u00e9 internos pod\u00edan aparecer en pantalla, lo que requiri\u00f3 consultas constantes con las autoridades penitenciarias en <strong>Madrid<\/strong>.<\/p>\n<p>El proyecto &#8216;Versos libres&#8217; busca ser una <strong>v\u00eda de escape<\/strong> y una herramienta terap\u00e9utica. El objetivo es que los internos conecten con su lado m\u00e1s emocional y pongan en valor su sensibilidad. \u00abQu\u00e9 dif\u00edcil es conectar no solo con tu creatividad, sino con tu sensibilidad tambi\u00e9n. Es una de las apuestas en las que se basa este proyecto\u00bb, ha reflexionado Gonz\u00e1lez. Esta conexi\u00f3n se convierte en un <strong>motor para la reinserci\u00f3n<\/strong>, un problema que el anterior director de la prisi\u00f3n ya hab\u00eda se\u00f1alado como crucial.<\/p>\n<p>La m\u00fasica les ofrece una alternativa, una identidad m\u00e1s all\u00e1 de su pasado. \u00abDe repente ellos empiezan a ver que hay otros caminos\u00bb, observa Gonz\u00e1lez. El arte pone de manifiesto que tienen un talento que puede tener <strong>resonancia<\/strong> fuera de la prisi\u00f3n, abriendo la puerta a un futuro diferente. De hecho, el trabajo de uno de ellos, &#8216;El Caracolero&#8217;, ya ha llamado la atenci\u00f3n de la actual direcci\u00f3n del centro.<\/p>\n<p>La est\u00e9tica de la emoci\u00f3n<\/p>\n<p>Rodar en <strong>blanco y negro<\/strong> y utilizar primer\u00edsimos planos es algo meditado previamente, ya que se hace preciso que el espectador no se aleje del relato y centre toda la atenci\u00f3n en el mensaje. \u00abLo importante aqu\u00ed son ellos y sus reflexiones, la m\u00fasica y las emociones. No necesitamos la distracci\u00f3n de las luces, de los fogonazos, sino m\u00e1s bien que permita estar con ellos y sentir\u00bb, reflexiona Gonz\u00e1lez. El objetivo busca sus ojos, sus gestos, invitando al espectador a interiorizar sus vivencias y a reconocer la humanidad que se esconde tras este documental cuya puesta de largo ha contado hoy con una nutrida asistencia, sobre todo de p\u00fablico joven.<\/p>\n","protected":false},"excerpt":{"rendered":"La sala 2 de Cines Mercado acog\u00eda esta tarde de martes el estreno del documental &#8216;Las voces del&hellip;\n","protected":false},"author":2,"featured_media":268058,"comment_status":"","ping_status":"","sticky":false,"template":"","format":"standard","meta":{"footnotes":""},"categories":[169],"tags":[177,146,147,25,24,176,175,246,23],"class_list":{"0":"post-268057","1":"post","2":"type-post","3":"status-publish","4":"format-standard","5":"has-post-thumbnail","7":"category-cine","8":"tag-cine","9":"tag-entertainment","10":"tag-entretenimiento","11":"tag-es","12":"tag-espana","13":"tag-film","14":"tag-movies","15":"tag-soria","16":"tag-spain"},"share_on_mastodon":{"url":"https:\/\/pubeurope.com\/@es\/115652611624787715","error":""},"_links":{"self":[{"href":"https:\/\/www.europesays.com\/es\/wp-json\/wp\/v2\/posts\/268057","targetHints":{"allow":["GET"]}}],"collection":[{"href":"https:\/\/www.europesays.com\/es\/wp-json\/wp\/v2\/posts"}],"about":[{"href":"https:\/\/www.europesays.com\/es\/wp-json\/wp\/v2\/types\/post"}],"author":[{"embeddable":true,"href":"https:\/\/www.europesays.com\/es\/wp-json\/wp\/v2\/users\/2"}],"replies":[{"embeddable":true,"href":"https:\/\/www.europesays.com\/es\/wp-json\/wp\/v2\/comments?post=268057"}],"version-history":[{"count":0,"href":"https:\/\/www.europesays.com\/es\/wp-json\/wp\/v2\/posts\/268057\/revisions"}],"wp:featuredmedia":[{"embeddable":true,"href":"https:\/\/www.europesays.com\/es\/wp-json\/wp\/v2\/media\/268058"}],"wp:attachment":[{"href":"https:\/\/www.europesays.com\/es\/wp-json\/wp\/v2\/media?parent=268057"}],"wp:term":[{"taxonomy":"category","embeddable":true,"href":"https:\/\/www.europesays.com\/es\/wp-json\/wp\/v2\/categories?post=268057"},{"taxonomy":"post_tag","embeddable":true,"href":"https:\/\/www.europesays.com\/es\/wp-json\/wp\/v2\/tags?post=268057"}],"curies":[{"name":"wp","href":"https:\/\/api.w.org\/{rel}","templated":true}]}}