{"id":268059,"date":"2025-12-02T23:39:10","date_gmt":"2025-12-02T23:39:10","guid":{"rendered":"https:\/\/www.europesays.com\/es\/268059\/"},"modified":"2025-12-02T23:39:10","modified_gmt":"2025-12-02T23:39:10","slug":"simeone-me-voy-contento-el-equipo-compitio-aunque-lo-pudimos-hacer-mejor-defensivamente-futbol-deportes","status":"publish","type":"post","link":"https:\/\/www.europesays.com\/es\/268059\/","title":{"rendered":"Simeone: \u201cMe voy contento, el equipo compiti\u00f3, aunque lo pudimos hacer mejor defensivamente\u201d | F\u00fatbol | Deportes"},"content":{"rendered":"<p class=\"\">\u201cEstoy tranquilo\u201d, asegur\u00f3 Diego Pablo Simeone, convencido <a href=\"https:\/\/elpais.com\/deportes\/futbol\/2025-12-02\/el-barca-se-gusta-como-lider-de-la-liga.html\" target=\"_self\" rel=\"nofollow noopener\" title=\"https:\/\/elpais.com\/deportes\/futbol\/2025-12-02\/el-barca-se-gusta-como-lider-de-la-liga.html\">de que el Atl\u00e9tico hubiera podido <\/a>no irse de vac\u00edo de haber dado facilidades al Bar\u00e7a por los pasillos interiores. \u201cArrancamos con determinaci\u00f3n, con buena presi\u00f3n, con el gol. Despu\u00e9s ellos encontraron huecos para hacernos da\u00f1o con esos pases por dentro. Lo pudimos hacer mejor defensivamente, pero ellos son muy buenos en esas transiciones por el medio\u201d, analiz\u00f3 el t\u00e9cnico rojiblanco.<\/p>\n<p class=\"\">En su cabeza, Simeone suele atornillar varios partidos cuando enfrenta a un rival poderoso. Casi siempre con la mentalidad de primero hacerlo jugar al desgaste y despu\u00e9s rematarlo metiendo lo que le haga falta. Ya sean jugadores con piernas y pulmones, t\u00e9cnicos o especialistas defensivos si lo que pretende es cerrar el partido. Contra el Arsenal, ide\u00f3 uno de esos planes y le sali\u00f3 mal. <a href=\"https:\/\/elpais.com\/deportes\/futbol\/2025-10-29\/alex-baena-el-10-largon-que-simeone-quiere-tallar-como-a-griezmann.html\" target=\"_self\" rel=\"nofollow noopener\" title=\"https:\/\/elpais.com\/deportes\/futbol\/2025-10-29\/alex-baena-el-10-largon-que-simeone-quiere-tallar-como-a-griezmann.html\">Dej\u00f3 a su jugador m\u00e1s creativo, Alex Baena<\/a>, en el banquillo. Desde entonces, el internacional almeriense no ha salido del once titular. Todos los planes del Cholo pasan ya por tener a Baena el campo. Por talento y porque no escatima en esfuerzos defensivos como mostr\u00f3 en un retorno en el que evit\u00f3 que Raphinha pudiera encarar a Oblak. \u201cEs el jugador m\u00e1s importante que tenemos en el centro del campo. Es diferencial, tiene personalidad y valent\u00eda para saber jugar donde le indiques\u201d, elogi\u00f3 el Cholo al que fue su mejor jugador mientras estuvo en el campo.<\/p>\n<p class=\"\">El primer plan de Simeone dispuso que Baena jugar\u00e1 acostado a la izquierda y que a Juli\u00e1n Alvarez le acompa\u00f1ara Nico Gonz\u00e1lez. El fin no era otro que este \u00faltimo rememorara la figura de Ra\u00fal Garc\u00eda peinando balones, achuchando en la presi\u00f3n y estar cerca de las posiciones de ataque para aprovechar su llegada. Con ese planteamiento, el Atl\u00e9tico se apoder\u00f3 del partido en los primeros minutos. Se jugaba en campo del Bar\u00e7a, m\u00e1s obligado a las transiciones que al tr\u00e1mite elaborado. <\/p>\n<p class=\"\">Ese primer<a href=\"https:\/\/elpais.com\/deportes\/futbol\/2025-12-02\/la-otra-presion-de-giuliano-simeone.html\" target=\"_self\" rel=\"nofollow noopener\" title=\"https:\/\/elpais.com\/deportes\/futbol\/2025-12-02\/la-otra-presion-de-giuliano-simeone.html\"> planteamiento se le cay\u00f3 a Simeone<\/a> cuando en un salto con Cubarsi se lesion\u00f3 Cardoso, por el que hab\u00eda apostado el t\u00e9cnico rojiblanco en lugar de Koke. Entr\u00f3 el capit\u00e1n y Simeone intercambi\u00f3 las posiciones de Baena y Nico Gonz\u00e1lez. Y le result\u00f3 cuando el primero rompi\u00f3 al espacio para alcanzar un pase de Molina que revent\u00f3 la adelantada defensa del Bar\u00e7a. Frente a Joan Garc\u00eda fue delicado y certero con un toque suave con le exterior de su bota derecha. Cinco minutos le dur\u00f3 la ventaja al Atl\u00e9tico. Se raj\u00f3 por el medio. \u201cSabemos que ellos tienen pibes muy buenos, juegan con muchos gante por dentro para sacar los centrales y provocar el caos. Si les dejamos jugar por dentro juegan bien, van a encontrar pase\u201d, se lament\u00f3 Simeone. Primero ni Baena ni Juli\u00e1n Alvarez taparon a Pedri que atraves\u00f3 la l\u00ednea con comodidad. Tampoco le saltaron Barrios y Koke, demasiado alejados y Hancko no hab\u00eda cerrado a la espalda de Lenglet. Cuando Raphina burl\u00f3 a Oblak y marc\u00f3 Simeone reproch\u00f3 la facilidad con la que Pedri maniobr\u00f3 siempre de cara. \u201cSufrimos bastante. Los balones por dentro entraron f\u00e1cil. Encontraron los espacios y nos hicieron mucho da\u00f1o\u201d, admiti\u00f3 Oblak. Un suicidio que descompuso al Atl\u00e9tico. Koke no entr\u00f3 tan bien como lo ha hecho en lo que va de temporada. Barrios hizo un penalti de novato a Dani Olmo. Lewandowski lo pate\u00f3 alto pero despu\u00e9s oblig\u00f3 a Oblak a una de las paradas del a\u00f1o. \u201cNos falt\u00f3 gol. Tuvimos dos ocasiones claras para empatar. El Barcelona hizo un gran partido. Tuvieron tambi\u00e9n ocasiones\u201d, analiz\u00f3 el meta esloveno. <\/p>\n<p class=\"\">El Atl\u00e9tico suspir\u00f3 al descanso y Simeone meti\u00f3 a Gallagher por Nico Gonz\u00e1lez para fortalecer el centro del campo. Esa nueva idea pudo reinar si Giuliano hubiera afinado en una clara ocasi\u00f3n. Al poco se lesion\u00f3 Baena y Olmo marc\u00f3. El \u00faltimo plan de Simeone, Sorloth. Griezmann y Almada estuvo a punto de salirle bien si Almada hubiera marcado tras sentar a Joan Garc\u00eda o Griezmann hubiera conectado mejor un remate a placer. No se gan\u00f3, pero me gust\u00f3 el equipo, tuvimos tres situaciones importantes\u00bb, concluy\u00f3 el Atl\u00e9tico.<\/p>\n","protected":false},"excerpt":{"rendered":"\u201cEstoy tranquilo\u201d, asegur\u00f3 Diego Pablo Simeone, convencido de que el Atl\u00e9tico hubiera podido no irse de vac\u00edo de&hellip;\n","protected":false},"author":2,"featured_media":268060,"comment_status":"","ping_status":"","sticky":false,"template":"","format":"standard","meta":{"footnotes":""},"categories":[93],"tags":[10258,1540,168,1539,25,24,881,4970,282,1538,52357,22784,1210,38537,10259,23,167],"class_list":{"0":"post-268059","1":"post","2":"type-post","3":"status-publish","4":"format-standard","5":"has-post-thumbnail","7":"category-deportes","8":"tag-alex-baena","9":"tag-competiciones","10":"tag-deportes","11":"tag-entrenadores","12":"tag-es","13":"tag-espana","14":"tag-fc-barcelona","15":"tag-flick","16":"tag-futbol","17":"tag-futbolistas","18":"tag-giuliano-simeone","19":"tag-julian-alvarez","20":"tag-laliga-ea-sports","21":"tag-pablo-barrios","22":"tag-simeone","23":"tag-spain","24":"tag-sports"},"share_on_mastodon":{"url":"https:\/\/pubeurope.com\/@es\/115652615389770128","error":""},"_links":{"self":[{"href":"https:\/\/www.europesays.com\/es\/wp-json\/wp\/v2\/posts\/268059","targetHints":{"allow":["GET"]}}],"collection":[{"href":"https:\/\/www.europesays.com\/es\/wp-json\/wp\/v2\/posts"}],"about":[{"href":"https:\/\/www.europesays.com\/es\/wp-json\/wp\/v2\/types\/post"}],"author":[{"embeddable":true,"href":"https:\/\/www.europesays.com\/es\/wp-json\/wp\/v2\/users\/2"}],"replies":[{"embeddable":true,"href":"https:\/\/www.europesays.com\/es\/wp-json\/wp\/v2\/comments?post=268059"}],"version-history":[{"count":0,"href":"https:\/\/www.europesays.com\/es\/wp-json\/wp\/v2\/posts\/268059\/revisions"}],"wp:featuredmedia":[{"embeddable":true,"href":"https:\/\/www.europesays.com\/es\/wp-json\/wp\/v2\/media\/268060"}],"wp:attachment":[{"href":"https:\/\/www.europesays.com\/es\/wp-json\/wp\/v2\/media?parent=268059"}],"wp:term":[{"taxonomy":"category","embeddable":true,"href":"https:\/\/www.europesays.com\/es\/wp-json\/wp\/v2\/categories?post=268059"},{"taxonomy":"post_tag","embeddable":true,"href":"https:\/\/www.europesays.com\/es\/wp-json\/wp\/v2\/tags?post=268059"}],"curies":[{"name":"wp","href":"https:\/\/api.w.org\/{rel}","templated":true}]}}