{"id":26806,"date":"2025-08-05T08:34:07","date_gmt":"2025-08-05T08:34:07","guid":{"rendered":"https:\/\/www.europesays.com\/es\/26806\/"},"modified":"2025-08-05T08:34:07","modified_gmt":"2025-08-05T08:34:07","slug":"tenemos-la-obligacion-de-poner-el-golf-en-mano-de-todas-las-personas-que-quieran-practicarlo","status":"publish","type":"post","link":"https:\/\/www.europesays.com\/es\/26806\/","title":{"rendered":"\u00abTenemos la obligaci\u00f3n de poner el golf\u00a0en mano de todas las personas que quieran practicarlo\u00bb"},"content":{"rendered":"<p>\t\t\t \t\t \t\t\t\t\t\t\tParticipantes del programa, durante una de las clases en el Aero Club de Santiago. <strong class=\"pd-l\">ACEM  <\/strong><\/p>\n<p>\t\t\t\t\t\tLa federaci\u00f3n gallega y ACEM poseen desde hace dos a\u00f1os un programa adaptado para personas con esclerosis m\u00faltiple y P\u00e1rkinson: \u00abQuedan en el \u00faltimo hoyo para contarse su semana\u00bb<br \/>\n\t\t\t\t\t\t\t\t\t\t\t\t<strong>05 ago 2025<\/strong> . Actualizado a las 05:00 h.\t\t\t\t\t\t<\/p>\n<p class=\"first-paragraph txt\">Acercar el <strong>golf<\/strong> a la gente. Y, sobre todo, a aquella con problemas de discapacidad o situaci\u00f3n de vulnerabilidad. Ese es el objetivo, y obligaci\u00f3n, que se ha autoimpuesto la <strong>Federaci\u00f3n Gallega de Golf.<\/strong> As\u00ed al menos lo entienden tanto el presidente de la misma, <strong>Mario Covelo,<\/strong> como la junta directiva.<\/p>\n<p class=\"txt\">Hace casi dos a\u00f1os estrecharon un v\u00ednculo con la <strong>Asociaci\u00f3n Compostel\u00e1 de Esclerose M\u00faltiple<\/strong>, <strong>P\u00e1rkinson<\/strong> e <strong>ELA (ACEM)<\/strong> para seguir de su mano un programa de golf adaptado. Y fue precisamente en una de las visitas al <strong>Aero Club de Santiago<\/strong> lo que dej\u00f3 a Covelo completamente impactado. \u00ab<strong>Cuando llegu\u00e9 solo me daban las gracias y me dec\u00edan que, para ellos, su vida giraba casi entorno al d\u00eda que iba a jugar al golf<\/strong>. Fue muy emocionante. Gente que sabe que tiene un problema casi terminal y es m\u00e1s vital que t\u00fa&#8230; Eso me impact\u00f3\u00bb, cuenta.<\/p>\n<p class=\"txt\">Durante una hora y media a la semana para ellos solo existe el golf. Y los lazos de amistad que han forjado en los campos y que tanto les ayudan diariamente. \u00ab<strong>Nuestros usuarios tienen tendencia al aislamiento, a la depresi\u00f3n, a cerrarse m\u00e1s&#8230; Ahora tienen un grupo llamado Los Golfetes y, al final del d\u00eda, quedan en el \u00faltimo hoyo para tomar algo<\/strong>, hablar de c\u00f3mo les ha ido su semana&#8230; Se daban cuenta de que ten\u00edan un motivo para socializar\u00bb, explica <strong>Yolanda del Campo<\/strong>, encargada de comunicaci\u00f3n y proyectos de ACEM. La propia demanda de los integrantes impuls\u00f3 todav\u00eda a m\u00e1s a la asociaci\u00f3n para darle continuidad.<\/p>\n<p class=\"txt\">Est\u00e1 comprobado que la actividad en s\u00ed tiene una serie de beneficios para este colectivo: \u00abPor un lado, el desarrollo f\u00edsico, porque al final es un deporte de bajo impacto y hace que potencie y promueva la autonom\u00eda personal; pero adem\u00e1s tiene la parte de promover la interacci\u00f3n social que es tan importante.<strong> La gente ten\u00eda m\u00e1s bienestar psicol\u00f3gico formando parte de esta actividad<\/strong>\u00bb.<\/p>\n<p class=\"txt\">Un total de 12 personas participan en el programa, aunque, como indica Del Campo, \u00abestas enfermedades tienen sus reca\u00eddas, por lo que a veces son menos en funci\u00f3n de c\u00f3mo se encuentre la persona\u00bb. \u00abA Mario [Covelo] uno de los usuarios le dijo:<strong> \u2018Para m\u00ed, el golf es vida&#8217;. La gente va con un bast\u00f3n, con silla de ruedas&#8230;<\/strong> Es una actividad adaptada que se hace con la ayuda de un monitor. Es una alegr\u00eda para ellos poder llevarla a cabo\u00bb, a\u00f1ade la encargada de comunicaci\u00f3n y proyectos de la asociaci\u00f3n.<\/p>\n<p class=\"ladillo\">Una escuela de golf adaptado<\/p>\n<p class=\"txt\">Este es uno de los much\u00edsimos programas con los que cuenta ACEM. Pero tambi\u00e9n es el proyecto que m\u00e1s ilusiona a la federaci\u00f3n gallega. \u00abEs un tema de todo el equipo. <strong>Le dedicamos cari\u00f1o a esto, y creemos que estamos para hacer ese tipo de cosas<\/strong>\u00bb, dice Covelo. Tal fue el calado de la visita del presidente del organismo que tanto \u00e9l como el resto del equipo se pusieron manos a la obra para seguir dando oportunidades a este colectivo.<\/p>\n<p class=\"txt\">Pronto crear\u00e1n una escuela de golf adaptado para personas ciegas, con esclerosis, Esclerosis lateral amiotr\u00f3fica (ELA), P\u00e1rkinson&#8230; que ya se ha convertido en uno de sus proyectos principales. \u00ab<strong>Una escuela con el \u00fanico objetivo de acercarles a este deporte e intentar hacerles un poco mejor el d\u00eda a d\u00eda<\/strong>\u00bb, apunta Covelo. Primero lleg\u00f3 la toma de contacto con ACEM y, despu\u00e9s, un congreso de federaciones en Arag\u00f3n. All\u00ed descubri\u00f3 c\u00f3mo en otras comunidades se hab\u00edan creado escuelas de golf adaptado. Y decidi\u00f3 que Galicia tambi\u00e9n deb\u00eda tener una. \u00abSali\u00f3 hace poco un estudio que hablaba de que hab\u00eda una mejor\u00eda important\u00edsima en la gente que ten\u00eda P\u00e1rkinson y que empezaba a jugar al golf. No solo es un deporte y, adem\u00e1s, se est\u00e1 en contacto con la naturaleza. En el momento que lo vi dije, \u2018nosotros tenemos que estar en esto&#8217;. <strong>Para m\u00ed, como federaci\u00f3n, tenemos la obligaci\u00f3n de hacer eso, de ponerlo en mano de todas las personas que quieran hacerlo<\/strong>\u00bb, a\u00f1ade Covelo.<\/p>\n<p class=\"txt\">El programa con ACEM ya es una realidad. Y dentro de poco lo ser\u00e1 la escuela de golf adaptado. Pero ninguna de ellas fueron las primeras iniciativas de la federaci\u00f3n. Hace un tiempo, en el campo coru\u00f1\u00e9s de La Torre, se puso en marcha un proyecto para chicos de casas de acogida a los que acercarles el golf. Ciertos inconvenientes limitaron el tiempo de duraci\u00f3n de este programa a tan solo un a\u00f1o. Ese fue el inicio de una ayuda a colectivos vulnerables que contin\u00faa cada d\u00eda.<\/p>\n<p>&#13;<br \/>\n\tArchivado en:&#13;<br \/>\n\t\t\t\t\t<a href=\"https:\/\/www.lavozdegalicia.es\/temas\/golf\/\" target=\"_blank\" class=\"mg-l\" rel=\"nofollow noopener\">Golf<\/a>&#13;<br \/>\n\t&#13;<\/p>\n","protected":false},"excerpt":{"rendered":"Participantes del programa, durante una de las clases en el Aero Club de Santiago. ACEM La federaci\u00f3n gallega&hellip;\n","protected":false},"author":2,"featured_media":26807,"comment_status":"","ping_status":"","sticky":false,"template":"","format":"standard","meta":{"footnotes":""},"categories":[275],"tags":[168,25,24,329,23,167],"class_list":{"0":"post-26806","1":"post","2":"type-post","3":"status-publish","4":"format-standard","5":"has-post-thumbnail","7":"category-golf","8":"tag-deportes","9":"tag-es","10":"tag-espana","11":"tag-golf","12":"tag-spain","13":"tag-sports"},"share_on_mastodon":{"url":"","error":""},"_links":{"self":[{"href":"https:\/\/www.europesays.com\/es\/wp-json\/wp\/v2\/posts\/26806","targetHints":{"allow":["GET"]}}],"collection":[{"href":"https:\/\/www.europesays.com\/es\/wp-json\/wp\/v2\/posts"}],"about":[{"href":"https:\/\/www.europesays.com\/es\/wp-json\/wp\/v2\/types\/post"}],"author":[{"embeddable":true,"href":"https:\/\/www.europesays.com\/es\/wp-json\/wp\/v2\/users\/2"}],"replies":[{"embeddable":true,"href":"https:\/\/www.europesays.com\/es\/wp-json\/wp\/v2\/comments?post=26806"}],"version-history":[{"count":0,"href":"https:\/\/www.europesays.com\/es\/wp-json\/wp\/v2\/posts\/26806\/revisions"}],"wp:featuredmedia":[{"embeddable":true,"href":"https:\/\/www.europesays.com\/es\/wp-json\/wp\/v2\/media\/26807"}],"wp:attachment":[{"href":"https:\/\/www.europesays.com\/es\/wp-json\/wp\/v2\/media?parent=26806"}],"wp:term":[{"taxonomy":"category","embeddable":true,"href":"https:\/\/www.europesays.com\/es\/wp-json\/wp\/v2\/categories?post=26806"},{"taxonomy":"post_tag","embeddable":true,"href":"https:\/\/www.europesays.com\/es\/wp-json\/wp\/v2\/tags?post=26806"}],"curies":[{"name":"wp","href":"https:\/\/api.w.org\/{rel}","templated":true}]}}