{"id":268067,"date":"2025-12-02T23:45:17","date_gmt":"2025-12-02T23:45:17","guid":{"rendered":"https:\/\/www.europesays.com\/es\/268067\/"},"modified":"2025-12-02T23:45:17","modified_gmt":"2025-12-02T23:45:17","slug":"ningun-compromiso-sobre-los-territorios-ocupados-en-ucrania-tras-reunion-rusia-eeuu","status":"publish","type":"post","link":"https:\/\/www.europesays.com\/es\/268067\/","title":{"rendered":"Ning\u00fan \u00abcompromiso\u00bb sobre los territorios ocupados en Ucrania tras reuni\u00f3n Rusia-EEUU"},"content":{"rendered":"<p>    <img src=\"https:\/\/www.europesays.com\/es\/wp-content\/uploads\/2025\/12\/1764719117_606_2025-12-02T133A193A06Z-90570810.jpg\" width=\"1024\" height=\"768\" alt=\"\" loading=\"eager\" decoding=\"sync\" fetchpriority=\"high\"\/><\/p>\n<p>            afp_tickers        <\/p>\n<p>        Este contenido fue publicado en    <\/p>\n<p>        03 diciembre 2025 &#8211; 00:13\n<\/p>\n<p>El Kremlin declar\u00f3 el martes que no se alcanz\u00f3 \u00abning\u00fan compromiso\u00bb sobre la cuesti\u00f3n clave del territorio en Ucrania durante el encuentro entre el presidente ruso, Vladimir Putin, y el emisario estadounidense Steve Witkoff, pero consider\u00f3 que la reuni\u00f3n fue \u00ab\u00fatil\u00bb.<\/p>\n<p>El dirigente ruso se reuni\u00f3 durante cerca de cinco horas en Mosc\u00fa con Witkoff y el yerno de Donald Trump, Jared Kushner, para hablar del plan de Estados Unidos que busca poner fin a la guerra en Ucrania, presentado hace dos semanas y reelaborado desde entonces en consultas con los ucranianos.<\/p>\n<p>Esta reuni\u00f3n en la capital rusa se produjo tras varios d\u00edas de intensas gestiones diplom\u00e1ticas para tratar de poner fin al conflicto m\u00e1s sangriento en Europa desde la Segunda Guerra Mundial.<\/p>\n<p>\u00abHubo algunos puntos en los que pudimos ponernos de acuerdo\u00bb, declar\u00f3\u00a0el principal asesor del Kremlin, Yuri Ushakov. Sin embargo, \u00abel presidente no ocult\u00f3 nuestra postura cr\u00edtica, incluso negativa, sobre varias propuestas\u00bb.<\/p>\n<p>En cuanto a la cuesti\u00f3n de los territorios ocupados por Rusia en Ucrania, que representan aproximadamente el 19% del pa\u00eds, \u00abno hemos encontrado ning\u00fan compromiso, pero se pueden debatir algunas soluciones estadounidenses\u00bb, declar\u00f3 Ushakov.<\/p>\n<p>\u00abLa conversaci\u00f3n fue muy \u00fatil y constructiva\u00bb, aunque \u00abqueda mucho trabajo por delante tanto en Washington como en Mosc\u00fa\u00bb, agreg\u00f3 el asesor, quien particip\u00f3 en la reuni\u00f3n al igual que el enviado comercial del Kremlin, Kirill Dmitriev.<\/p>\n<p>Tras este encuentro con los rusos en Mosc\u00fa Witkoff y Kushner podr\u00edan reunirse con una delegaci\u00f3n ucraniana el mi\u00e9rcoles, posiblemente en Bruselas, indic\u00f3 a la AFP un alto funcionario de Kiev.<\/p>\n<p>\u2013 Momento cr\u00edtico para Kiev \u2013<\/p>\n<p>Donald Trump afirm\u00f3 el martes que no ser\u00eda f\u00e1cil avanzar hacia el fin de una guerra que dura ya casi cuatro a\u00f1os.<\/p>\n<p>\u00abNo es una situaci\u00f3n f\u00e1cil, se lo aseguro. Qu\u00e9 desastre\u00bb, declar\u00f3 durante una reuni\u00f3n del gabinete en la Casa Blanca.<\/p>\n<p>Por su parte, el presidente ucraniano Volodimir Zelenski, sometido a una fuerte presi\u00f3n pol\u00edtica y diplom\u00e1tica, pidi\u00f3 durante una visita a Irlanda el fin de la guerra y no \u00absolo una pausa\u00bb en los combates.<\/p>\n<p>En un mensaje en redes sociales, el mandatario ucraniano declar\u00f3 que \u00abno habr\u00e1 soluciones f\u00e1ciles\u00bb. \u00abLo importante es que todo sea justo y transparente. (\u2026) Que nada se decida sin Ucrania, sobre nosotros, sobre nuestro futuro\u00bb, escribi\u00f3.<\/p>\n<p>La reuni\u00f3n entre Estados Unidos y Rusia se produjo en un momento cr\u00edtico para Ucrania.<\/p>\n<p>Kiev se ha visto sacudida por esc\u00e1ndalos de corrupci\u00f3n que terminaron con la dimisi\u00f3n del jefe de gabinete de Zelenski.<\/p>\n<p>Mosc\u00fa tambi\u00e9n ha intensificado en las \u00faltimas semanas los ataques con drones y misiles contra Ucrania.<\/p>\n<p>Zelenski se\u00f1al\u00f3 que a\u00fan espera discutir cuestiones clave con el presidente estadounidense, incluidas territoriales, y sugiri\u00f3 que la verdadera motivaci\u00f3n de Mosc\u00fa para las conversaciones con Washington es aliviar las sanciones occidentales.<\/p>\n<p>Putin orden\u00f3 el asalto militar a gran escala contra Ucrania en febrero de 2022. Decenas de miles de civiles y militares han muerto desde que comenz\u00f3 la guerra, y millones de ucranianos se han visto obligados a abandonar sus hogares.<\/p>\n<p>Europa teme que Washington y Mosc\u00fa pacten un acuerdo sin implicarlos o fuercen a Ucrania a hacer concesiones injustas.<\/p>\n<p>Antes del encuentro con los enviados estadounidenses, Putin acus\u00f3 a los europeos de obstaculizar los esfuerzos para poner fin al conflicto e insisti\u00f3 en que su pa\u00eds est\u00e1 listo para la guerra \u00absi Europa quiere y empieza\u00bb.<\/p>\n<p>Un plan estadounidense de 28 puntos presentado el mes pasado se alineaba tan estrechamente con las demandas de Mosc\u00fa que provoc\u00f3 acusaciones de que Rusia hab\u00eda participado en su redacci\u00f3n, algo que Washington neg\u00f3.<\/p>\n<p>\u2013 Avance ruso \u2013<\/p>\n<p>Witkoff se ha reunido con Putin en m\u00faltiples ocasiones, pero medios estadounidenses informaron que es la primera vez que Kushner -quien ayud\u00f3 a negociar el alto el fuego entre Israel y Ham\u00e1s en Gaza- participa en las conversaciones con Putin.<\/p>\n<p>En el terreno, las fuerzas rusas lograron en noviembre su mayor avance en el frente ucraniano en un a\u00f1o, seg\u00fan el an\u00e1lisis de la AFP de datos del Instituto Estadounidense para el Estudio de la Guerra (ISW), que trabaja con el Critical Threats Project (CTP).<\/p>\n<p>En un mes, Rusia tom\u00f3 701 km2, el segundo avance m\u00e1s importante despu\u00e9s del de noviembre de 2024 (725 km2), excluyendo los primeros meses de la guerra en la primavera de 2022.<\/p>\n<p>Rusia reivindic\u00f3 el lunes la toma de la ciudad de Pokrovsk, en el este de Ucrania, un centro log\u00edstico clave para Kiev, as\u00ed como la de Vovchansk, en el noreste. Sin embargo, Ucrania afirm\u00f3 este martes que los combates en Pokrovsk contin\u00faan.<\/p>\n<p>Tambi\u00e9n en noviembre, Rusia lanz\u00f3 m\u00e1s misiles y drones en sus ataques nocturnos contra Ucrania que el mes anterior, con un total de 5.660 misiles y drones de largo alcance (+2%).<\/p>\n<p>burs\/blb\/clr\/meb-sag\/pb\/hgs\/nn<\/p>\n","protected":false},"excerpt":{"rendered":"afp_tickers Este contenido fue publicado en 03 diciembre 2025 &#8211; 00:13 El Kremlin declar\u00f3 el martes que no&hellip;\n","protected":false},"author":2,"featured_media":268068,"comment_status":"","ping_status":"","sticky":false,"template":"","format":"standard","meta":{"footnotes":""},"categories":[42],"tags":[635,17,18,636,83,13,14,11,61,62,63,86,64,19,20,9,10,15,16,88,90,12,21,22,65,66,67],"class_list":{"0":"post-268067","1":"post","2":"type-post","3":"status-publish","4":"format-standard","5":"has-post-thumbnail","7":"category-internacional","8":"tag-armed-conflict","9":"tag-breaking-news","10":"tag-breakingnews","11":"tag-conflict","12":"tag-diplomacy","13":"tag-featured-news","14":"tag-featurednews","15":"tag-headlines","16":"tag-internacional","17":"tag-international","18":"tag-international-news","19":"tag-international-relations","20":"tag-internationalnews","21":"tag-latest-news","22":"tag-latestnews","23":"tag-news","24":"tag-noticias","25":"tag-noticias-destacadas","26":"tag-noticiasdestacadas","27":"tag-politics","28":"tag-ticker","29":"tag-titulares","30":"tag-ultimas-noticias","31":"tag-ultimasnoticias","32":"tag-world","33":"tag-world-news","34":"tag-worldnews"},"share_on_mastodon":{"url":"https:\/\/pubeurope.com\/@es\/115652639619466623","error":""},"_links":{"self":[{"href":"https:\/\/www.europesays.com\/es\/wp-json\/wp\/v2\/posts\/268067","targetHints":{"allow":["GET"]}}],"collection":[{"href":"https:\/\/www.europesays.com\/es\/wp-json\/wp\/v2\/posts"}],"about":[{"href":"https:\/\/www.europesays.com\/es\/wp-json\/wp\/v2\/types\/post"}],"author":[{"embeddable":true,"href":"https:\/\/www.europesays.com\/es\/wp-json\/wp\/v2\/users\/2"}],"replies":[{"embeddable":true,"href":"https:\/\/www.europesays.com\/es\/wp-json\/wp\/v2\/comments?post=268067"}],"version-history":[{"count":0,"href":"https:\/\/www.europesays.com\/es\/wp-json\/wp\/v2\/posts\/268067\/revisions"}],"wp:featuredmedia":[{"embeddable":true,"href":"https:\/\/www.europesays.com\/es\/wp-json\/wp\/v2\/media\/268068"}],"wp:attachment":[{"href":"https:\/\/www.europesays.com\/es\/wp-json\/wp\/v2\/media?parent=268067"}],"wp:term":[{"taxonomy":"category","embeddable":true,"href":"https:\/\/www.europesays.com\/es\/wp-json\/wp\/v2\/categories?post=268067"},{"taxonomy":"post_tag","embeddable":true,"href":"https:\/\/www.europesays.com\/es\/wp-json\/wp\/v2\/tags?post=268067"}],"curies":[{"name":"wp","href":"https:\/\/api.w.org\/{rel}","templated":true}]}}