{"id":268069,"date":"2025-12-02T23:46:12","date_gmt":"2025-12-02T23:46:12","guid":{"rendered":"https:\/\/www.europesays.com\/es\/268069\/"},"modified":"2025-12-02T23:46:12","modified_gmt":"2025-12-02T23:46:12","slug":"casi-250-000-pymes-y-autonomos-gallegos-tendran-un-ano-mas-para-adaptar-su-programa-de-facturacion-la-voz-de-galicia","status":"publish","type":"post","link":"https:\/\/www.europesays.com\/es\/268069\/","title":{"rendered":"Casi 250.000 pymes y aut\u00f3nomos gallegos tendr\u00e1n un a\u00f1o m\u00e1s para adaptar su programa de facturaci\u00f3n &#8211; La Voz de Galicia"},"content":{"rendered":"<ol>\n<li><a href=\"https:\/\/news.google.com\/rss\/articles\/CBMi5AFBVV95cUxOcEk2dk9nMk1nd0syM0NHNlhmamlPNzdEYXJaZVNqTGxUQXJCbVBVeUpLMlJPU2NCUkpxcnNHNXczOFN1RzBweExWbDhmaGQ3MmlPRmxvWWFwX2tIQVFfWjZ1dW1MN3RuUE1WSm9jMHd2WnlkeUVnSEhQcWtDa0dLa2h2M1hhbGFISkhSbmU5NDdNZGVlQWpJWmJOcUtJZ1EzMktPTGdKT19aTzExalJhb0VlRklaQmhaNDJhTzVSVnMtYWJGS1RzZVNtOFBDZ3h6U043eFM4RWRjZzNKNDRNNVlhZ04?oc=5\" target=\"_blank\" rel=\"nofollow noopener\">Casi 250.000 pymes y aut\u00f3nomos gallegos tendr\u00e1n un a\u00f1o m\u00e1s para adaptar su programa de facturaci\u00f3n<\/a>&nbsp;&nbsp;La Voz de Galicia<\/li>\n<li><a href=\"https:\/\/news.google.com\/rss\/articles\/CBMiiAFBVV95cUxPWW9tMUdsWGhEZFpCbHJfYmx2dnZWbVNmd040SUJmdF9GcWlBVmtUMWZyem5BTlJRNDdPSzZoeWdTX0JadHI1MS0yNm1qUHo0RXMzLW1fU1V5OEJNVmVlaVcweHNELWhjTm5jeFFoa3JvYy0zVEtYNmtWRXAxTDBNNWdHRUxEbnBy0gGIAUFVX3lxTE5tQVdNVm1rWWZpNlRNNk9UQl9INFktalRYcmpoc2VGOE9ibW9UUnZOLTVUZG1RSzl2dnhsNzVRY1NwWjVkUDFNeWdVZnplbnFjZjVNUkVHZWotR18yeG1OYXNjSG1HOVI4Yk91SXM5Y09YYi15T0N3UGpVUjJBaFo3SmRqWGxkMzE?oc=5\" target=\"_blank\" rel=\"nofollow noopener\">Alivio empresarial tras el segundo amago de Verifactu&#8230; salvo para Cristina y otras pymes que ya lo hab\u00edan pagado: \u00abNos rompemos la cabeza para llegar al 1 de enero, y deshacen a su antojo\u00bb<\/a>&nbsp;&nbsp;El Mundo<\/li>\n<li><a href=\"https:\/\/news.google.com\/rss\/articles\/CBMiygJBVV95cUxOZ0REQ0J2aDVmUzItc2NfRVM1ZWFJM3dtNlJCdFhpS3hOeWFaeVNKZ2JlN2ZBZDJLQjkxaUEwUWd5c0NoS0pEWW1SVVZqclhUR3VIZFJrTEM0VFJJNi16cUsxYms1YVJSSVJpT3AwSUtBM01FcDAtdTBHSjY5YkFwRzNVSE5JcEVaWHJVVS1zRnlSV1FPcTJDTzVqczc0Wmoza01CREN1MmpDNkdtTlpDczdGc3h4b3k5d080dHZsdllqakFOVlF5UDc5U1JFN0tLeGMzZGpvaUlVQ0lxVHhUcXZTSmY3QzFLdG1DNDllN1NvcEFBOWdEQXhDemppT3BYNFJZOExlZGoweURkbkt4Y3NZd3lpXzZjRGY3VGVxZW80YS1xSXE3a2RQLTNKRjZ6U2Nic0thNTE0dzU3R1pyNmIyTzRkU0VZblHSAc8CQVVfeXFMTWJKVEZlVmpYVElJV3BPSWU3QjAwYW5IMlp4ZkJkdjJDeXc2TWRyVExVa3h4OG1DeVJHOTJvOGdiT2l6eVVPUV93WUVPYXZXM19yUVVLSU5BODc4SG10YV9aWWRfZG4tMmRRTHNYOVZkek5RNVNNakQ5ZWNDR0E2YWowRkx5RVNHZDBpNWhsSHhPY1JSclpKTWQzYnVmVGN6Y3ozUmRMc3pzUEQ0eHg3Q2hzaVI0M1M3bW1LdjhzRmNfeS1aN0hNU1dDU0lfbVRWVkpkcDBOWmpzTDNxYkFJSURkbXc0c2RTazAyaGs1VGtycy0yMWxrNTRwUTAtNmR0WktvRUxUQk1Vc2xSSVRDazItLVNpTk01OVNkN1J3ZW9rLTkzWlRhR2x1MXp3QjBBVE4zel8xRUltX2Nzejh3TjV5TG5VLVc4SGRQUFZIdTg?oc=5\" target=\"_blank\" rel=\"nofollow noopener\">Pilar Garc\u00eda de la Granja, experta econ\u00f3mica: \u00abLo de Verifactu es un desastre, te cuesta 6.000 euros adaptarte, tienes que hacer factura a un chupachups si tienes una tienda de chuches\u00bb<\/a>&nbsp;&nbsp;COPE<\/li>\n<li><a href=\"https:\/\/news.google.com\/rss\/articles\/CBMitgFBVV95cUxPYmtaSVBZdHB2WjJtUVlOQ2Rtd3ZDeWhhc3h3WXRKTGVDajNKRktDcGF5alQ5ZkZCZjJTNWN0RmFLZVRqcTVRSDJYSjVLS3F1MVpWd0J4Nnc0U2d4VkxOVVFkWkd5bDZiblF3YlZ2aS1tYmpOblFTTFBGdk5ab2ZmTmZySzlvVnBiSE9ZSFZMRnZRZ3hBMkJXZjRQXzh5eHdSSjNvb05nLU9PaWd1dy15TkluS190QdIBuwFBVV95cUxObTlfdzhCRDBhTGs2Mjh1RmlabzZfWlFWT3JXaFFkS2pFVzRiUnc3OElsRTk3WlFqQW9LTjNsak9SRl9pMFdHbks4Ri1pSDNSQnRKSjZJcW5WZFl5VG9PajJMRkRZZ1lCOHJjWlN2Q3ozSWg5NVBXZFVlZTJhSmw4WGNydFVXbFNJczBDcGRrODQtNFpzTjdXclBxYWxmRExzU3g0eklrRk82SlFOSnBSTHVMSXd5aEhraHlZ?oc=5\" target=\"_blank\" rel=\"nofollow noopener\">Confirmado por Hacienda: esta ser\u00e1 la nueva fecha para poner en marcha el sistema &#8216;Verifactu&#8217; para aut\u00f3nomos en Espa\u00f1a<\/a>&nbsp;&nbsp;El Confidencial<\/li>\n<li><a href=\"https:\/\/news.google.com\/rss\/articles\/CBMipAFBVV95cUxNTVUtSHEwdzdZcWdEM29aWXVzLUp1S3JWT2MwM1pHbW9LeHpYZE5PeWs0S2xQb2JJak1TeDg4NTZSVXh3RXRIOHRKaFRYelZVRVNxbDBBdmExemc0OEVvWnN2TFlSWWZzcEdwSTZXVkFla1Y4UU03VnZGQWV4MXdWRm8ybzdESVJ1SnZfSkk1bHBaM19HcnpqRlJJTjJldXp2Ti1IVg?oc=5\" target=\"_blank\" rel=\"nofollow noopener\">El Gobierno confirma cu\u00e1l ser\u00e1 la nueva fecha de entrada en vigor del sistema de facturas para aut\u00f3nomos y Pymes Verifactu<\/a>&nbsp;&nbsp;ABC<\/li>\n<\/ol>\n","protected":false},"excerpt":{"rendered":"Casi 250.000 pymes y aut\u00f3nomos gallegos tendr\u00e1n un a\u00f1o m\u00e1s para adaptar su programa de facturaci\u00f3n&nbsp;&nbsp;La Voz de&hellip;\n","protected":false},"author":2,"featured_media":268070,"comment_status":"","ping_status":"","sticky":false,"template":"","format":"standard","meta":{"footnotes":""},"categories":[8],"tags":[17,18,25,24,13,14,11,19,20,9,10,15,16,23,12,21,22],"class_list":{"0":"post-268069","1":"post","2":"type-post","3":"status-publish","4":"format-standard","5":"has-post-thumbnail","7":"category-espana","8":"tag-breaking-news","9":"tag-breakingnews","10":"tag-es","11":"tag-espana","12":"tag-featured-news","13":"tag-featurednews","14":"tag-headlines","15":"tag-latest-news","16":"tag-latestnews","17":"tag-news","18":"tag-noticias","19":"tag-noticias-destacadas","20":"tag-noticiasdestacadas","21":"tag-spain","22":"tag-titulares","23":"tag-ultimas-noticias","24":"tag-ultimasnoticias"},"share_on_mastodon":{"url":"https:\/\/pubeurope.com\/@es\/115652643083766168","error":""},"_links":{"self":[{"href":"https:\/\/www.europesays.com\/es\/wp-json\/wp\/v2\/posts\/268069","targetHints":{"allow":["GET"]}}],"collection":[{"href":"https:\/\/www.europesays.com\/es\/wp-json\/wp\/v2\/posts"}],"about":[{"href":"https:\/\/www.europesays.com\/es\/wp-json\/wp\/v2\/types\/post"}],"author":[{"embeddable":true,"href":"https:\/\/www.europesays.com\/es\/wp-json\/wp\/v2\/users\/2"}],"replies":[{"embeddable":true,"href":"https:\/\/www.europesays.com\/es\/wp-json\/wp\/v2\/comments?post=268069"}],"version-history":[{"count":0,"href":"https:\/\/www.europesays.com\/es\/wp-json\/wp\/v2\/posts\/268069\/revisions"}],"wp:featuredmedia":[{"embeddable":true,"href":"https:\/\/www.europesays.com\/es\/wp-json\/wp\/v2\/media\/268070"}],"wp:attachment":[{"href":"https:\/\/www.europesays.com\/es\/wp-json\/wp\/v2\/media?parent=268069"}],"wp:term":[{"taxonomy":"category","embeddable":true,"href":"https:\/\/www.europesays.com\/es\/wp-json\/wp\/v2\/categories?post=268069"},{"taxonomy":"post_tag","embeddable":true,"href":"https:\/\/www.europesays.com\/es\/wp-json\/wp\/v2\/tags?post=268069"}],"curies":[{"name":"wp","href":"https:\/\/api.w.org\/{rel}","templated":true}]}}