{"id":268082,"date":"2025-12-03T00:02:28","date_gmt":"2025-12-03T00:02:28","guid":{"rendered":"https:\/\/www.europesays.com\/es\/268082\/"},"modified":"2025-12-03T00:02:28","modified_gmt":"2025-12-03T00:02:28","slug":"cadena-100-con-musica-y-buen-ambiente","status":"publish","type":"post","link":"https:\/\/www.europesays.com\/es\/268082\/","title":{"rendered":"Cadena 100, con m\u00fasica y buen ambiente"},"content":{"rendered":"<p><img fetchpriority=\"high\" class=\"v-a-img\" src=\"https:\/\/www.europesays.com\/es\/wp-content\/uploads\/2025\/12\/pedro-guerra-kAvE-U240430777599pKG-1200x840@Canarias7.jpg\" loading=\"eager\" decoding=\"async\" alt=\"Imagen de Pedro Guerra en la gala de Cadena 100.\"  width=\"1200\" height=\"840\"\/><\/p>\n<p>Imagen de Pedro Guerra en la gala de Cadena 100.          Arcadio Su\u00e1rez        <\/p>\n<p>Un a\u00f1o m\u00e1s, el Teatro P\u00e9rez Gald\u00f3s acogi\u00f3 la gala de la emisora musical del grupo Cope, con homenaje incluido al cantautor canario Pedro Guerra<\/p>\n<p><a class=\"v-mdl-ath__fig-a\" href=\"https:\/\/www.canarias7.es\/autor\/canarias7-6545.html\" title=\"CANARIAS7\" rel=\"nofollow noopener\" target=\"_blank\"><br \/>\n<img decoding=\"async\" class=\"v-mdl-ath__img\" src=\"https:\/\/www.europesays.com\/es\/wp-content\/uploads\/2025\/08\/1754689268_701_autor-6545-foto-1.png\" alt=\"CANARIAS7\"\/><br \/>\n<\/a><\/p>\n<p class=\"v-mdl-ath__p v-mdl-ath__p--6\">\nMartes, 2 de diciembre 2025, 21:07<\/p>\n<p class=\"v-p\">Con la asistencia de numerosos representantes del mundo institucional, la pol\u00edtica, la econom\u00eda, la sociedad y la cultura, el Teatro P\u00e9rez Gald\u00f3s fue este martes la casa de Cadena 100, la emisora musical del grupo Cope, que celebr\u00f3 una gala en la que la m\u00fasica espa\u00f1ola, santo y se\u00f1a de la cadena, fue la gran protagonista. <\/p>\n<p class=\"v-p\">El homenajeado este a\u00f1o fue el cantautor canario Pedro Guerra, con una larga y brillante trayectoria en los escenarios.<\/p>\n<p><img decoding=\"async\" loading=\"lazy\" src=\"https:\/\/www.europesays.com\/es\/wp-content\/uploads\/2025\/12\/cadena-cien2.jpg\" class=\"v-mdl__img-z\" width=\"1200\" height=\"841\" alt=\"Imagen principal - Cadena 100, con m\u00fasica y buen ambiente\"\/><\/p>\n<p><img decoding=\"async\" loading=\"lazy\" src=\"https:\/\/www.europesays.com\/es\/wp-content\/uploads\/2025\/12\/cadena-cien3.jpg\" class=\"v-mdl__img-z\" width=\"1200\" height=\"851\" alt=\"Imagen secundaria 1 - Cadena 100, con m\u00fasica y buen ambiente\"\/><\/p>\n<p><img decoding=\"async\" loading=\"lazy\" src=\"https:\/\/www.europesays.com\/es\/wp-content\/uploads\/2025\/12\/cadena-cien1-kAvE--711x841@Canarias7.jpg\" class=\"v-mdl__img-z\" width=\"711\" height=\"841\" alt=\"Imagen secundaria 2 - Cadena 100, con m\u00fasica y buen ambiente\"\/><\/p>\n<p>Reporta un error<\/p>\n","protected":false},"excerpt":{"rendered":"Imagen de Pedro Guerra en la gala de Cadena 100. Arcadio Su\u00e1rez Un a\u00f1o m\u00e1s, el Teatro P\u00e9rez&hellip;\n","protected":false},"author":2,"featured_media":268083,"comment_status":"","ping_status":"","sticky":false,"template":"","format":"standard","meta":{"footnotes":""},"categories":[170],"tags":[21882,4952,5436,19680,146,147,25,24,184,185,23],"class_list":{"0":"post-268082","1":"post","2":"type-post","3":"status-publish","4":"format-standard","5":"has-post-thumbnail","7":"category-musica","8":"tag-21882","9":"tag-ambiente","10":"tag-buen","11":"tag-cadena","12":"tag-entertainment","13":"tag-entretenimiento","14":"tag-es","15":"tag-espana","16":"tag-music","17":"tag-musica","18":"tag-spain"},"share_on_mastodon":{"url":"https:\/\/pubeurope.com\/@es\/115652706568337633","error":""},"_links":{"self":[{"href":"https:\/\/www.europesays.com\/es\/wp-json\/wp\/v2\/posts\/268082","targetHints":{"allow":["GET"]}}],"collection":[{"href":"https:\/\/www.europesays.com\/es\/wp-json\/wp\/v2\/posts"}],"about":[{"href":"https:\/\/www.europesays.com\/es\/wp-json\/wp\/v2\/types\/post"}],"author":[{"embeddable":true,"href":"https:\/\/www.europesays.com\/es\/wp-json\/wp\/v2\/users\/2"}],"replies":[{"embeddable":true,"href":"https:\/\/www.europesays.com\/es\/wp-json\/wp\/v2\/comments?post=268082"}],"version-history":[{"count":0,"href":"https:\/\/www.europesays.com\/es\/wp-json\/wp\/v2\/posts\/268082\/revisions"}],"wp:featuredmedia":[{"embeddable":true,"href":"https:\/\/www.europesays.com\/es\/wp-json\/wp\/v2\/media\/268083"}],"wp:attachment":[{"href":"https:\/\/www.europesays.com\/es\/wp-json\/wp\/v2\/media?parent=268082"}],"wp:term":[{"taxonomy":"category","embeddable":true,"href":"https:\/\/www.europesays.com\/es\/wp-json\/wp\/v2\/categories?post=268082"},{"taxonomy":"post_tag","embeddable":true,"href":"https:\/\/www.europesays.com\/es\/wp-json\/wp\/v2\/tags?post=268082"}],"curies":[{"name":"wp","href":"https:\/\/api.w.org\/{rel}","templated":true}]}}