{"id":268086,"date":"2025-12-03T00:04:19","date_gmt":"2025-12-03T00:04:19","guid":{"rendered":"https:\/\/www.europesays.com\/es\/268086\/"},"modified":"2025-12-03T00:04:19","modified_gmt":"2025-12-03T00:04:19","slug":"xabi-alonso-comprende-la-decision-de-parar-de-araujo-no-son-maquinas","status":"publish","type":"post","link":"https:\/\/www.europesays.com\/es\/268086\/","title":{"rendered":"Xabi Alonso comprende la decisi\u00f3n de parar de Araujo: \u00abNo son m\u00e1quinas\u00bb"},"content":{"rendered":"<p class=\"mb-4 text-lg md:leading-8 break-words\">Madrid, 2 dic (EFE).- Xabi Alonso, t\u00e9cnico del Real Madrid, apoy\u00f3 la decisi\u00f3n del defensa uruguayo del Barcelona Ronald Araujo, que ha pedido a su club un tiempo de par\u00f3n para recuperarse an\u00edmicamente de un mal momento, y asegur\u00f3 que los jugadores \u00abno son m\u00e1quinas\u00bb y deben mirar por su bien.<\/p>\n<p class=\"mb-4 text-lg md:leading-8 break-words\">\u00abHay que respetar las sensaciones y necesidades de los jugadores. No son m\u00e1quinas, son personas. Hay mucha exigencia y responsabilidad en todos los contextos\u00bb, dijo Xabi Alonso cuando fue preguntado por la decisi\u00f3n de Araujo.<\/p>\n<p class=\"mb-4 text-lg md:leading-8 break-words\">El entrenador del Real Madrid dese\u00f3 una pronta recuperaci\u00f3n al defensa del Barcelona. \u00abSi han decidido parar y es por el bien del chico, me parece l\u00f3gico\u00bb, a\u00f1adi\u00f3.<\/p>\n<p class=\"mb-4 text-lg md:leading-8 break-words\">(c) Agencia EFE<\/p>\n","protected":false},"excerpt":{"rendered":"Madrid, 2 dic (EFE).- Xabi Alonso, t\u00e9cnico del Real Madrid, apoy\u00f3 la decisi\u00f3n del defensa uruguayo del Barcelona&hellip;\n","protected":false},"author":2,"featured_media":268087,"comment_status":"","ping_status":"","sticky":false,"template":"","format":"standard","meta":{"footnotes":""},"categories":[93],"tags":[210,168,995,25,24,205,3048,33838,23,167,10344],"class_list":{"0":"post-268086","1":"post","2":"type-post","3":"status-publish","4":"format-standard","5":"has-post-thumbnail","7":"category-deportes","8":"tag-barcelona","9":"tag-deportes","10":"tag-efe","11":"tag-es","12":"tag-espana","13":"tag-madrid","14":"tag-real-madrid","15":"tag-ronald-araujo","16":"tag-spain","17":"tag-sports","18":"tag-xabi-alonso"},"share_on_mastodon":{"url":"https:\/\/pubeurope.com\/@es\/115652713741592429","error":""},"_links":{"self":[{"href":"https:\/\/www.europesays.com\/es\/wp-json\/wp\/v2\/posts\/268086","targetHints":{"allow":["GET"]}}],"collection":[{"href":"https:\/\/www.europesays.com\/es\/wp-json\/wp\/v2\/posts"}],"about":[{"href":"https:\/\/www.europesays.com\/es\/wp-json\/wp\/v2\/types\/post"}],"author":[{"embeddable":true,"href":"https:\/\/www.europesays.com\/es\/wp-json\/wp\/v2\/users\/2"}],"replies":[{"embeddable":true,"href":"https:\/\/www.europesays.com\/es\/wp-json\/wp\/v2\/comments?post=268086"}],"version-history":[{"count":0,"href":"https:\/\/www.europesays.com\/es\/wp-json\/wp\/v2\/posts\/268086\/revisions"}],"wp:featuredmedia":[{"embeddable":true,"href":"https:\/\/www.europesays.com\/es\/wp-json\/wp\/v2\/media\/268087"}],"wp:attachment":[{"href":"https:\/\/www.europesays.com\/es\/wp-json\/wp\/v2\/media?parent=268086"}],"wp:term":[{"taxonomy":"category","embeddable":true,"href":"https:\/\/www.europesays.com\/es\/wp-json\/wp\/v2\/categories?post=268086"},{"taxonomy":"post_tag","embeddable":true,"href":"https:\/\/www.europesays.com\/es\/wp-json\/wp\/v2\/tags?post=268086"}],"curies":[{"name":"wp","href":"https:\/\/api.w.org\/{rel}","templated":true}]}}