{"id":268088,"date":"2025-12-03T00:06:15","date_gmt":"2025-12-03T00:06:15","guid":{"rendered":"https:\/\/www.europesays.com\/es\/268088\/"},"modified":"2025-12-03T00:06:15","modified_gmt":"2025-12-03T00:06:15","slug":"preguntan-a-isabel-preysler-por-pedro-sanchez-y-la-respuesta-de-la-socialite-es-demoledora","status":"publish","type":"post","link":"https:\/\/www.europesays.com\/es\/268088\/","title":{"rendered":"Preguntan a Isabel Preysler por Pedro S\u00e1nchez y la respuesta de la &#8216;socialit\u00e9&#8217; es demoledora"},"content":{"rendered":"<p style=\"\">Invitada de excepci\u00f3n este martes en &#8216;<a href=\"https:\/\/www.abc.es\/play\/television\/noticias\/paliza-extrema-violencia-equipo-espejo-publico-piedras-20251202120224-nt.html\" target=\"_self\" data-voc-vtm-id=\"in-text-traffic\" title=\"Espejo P\u00fablico\" data-mrf-link=\"www.abc.es\" rel=\"nofollow noopener\">Espejo P\u00fablico<\/a>&#8216; (Antena 3). <strong>Isabel Preysler<\/strong> ha atendido a Susanna Griso en una entrevista en exclusiva desde su casa de Puerta de Hierro. Una charla amable entre las dos mujeres que, adem\u00e1s, de repasar algunos de los  &#8230; cap\u00edtulos relatados en su biograf\u00eda, llevaba de manera impensable a la &#8216;socialit\u00e9&#8217; a pronunciarse sobre el presidente del Gobierno, <strong>Pedro S\u00e1nchez<\/strong>, y sobre el Gobierno.<\/p>\n<p class=\"voc-p\" style=\"\"><strong>Susanna Griso<\/strong> abandonaba el plat\u00f3 de &#8216;<a href=\"https:\/\/www.abc.es\/play\/television\/noticias\/albert-rivera-convencido-pedro-sanchez-convoca-elecciones-20251201163045-nt.html\" target=\"_self\" data-voc-vtm-id=\"in-text-traffic\" title=\"Espejo P\u00fablico\" data-mrf-link=\"www.abc.es\" rel=\"nofollow noopener\">Espejo P\u00fablico<\/a>&#8216; a mitad de su emisi\u00f3n y se dirig\u00eda a casa de<strong> Isabel Preysler<\/strong>, en donde la madre de Tamara Falc\u00f3, hab\u00eda quedado con el matinal en atenderles. As\u00ed, desde el sal\u00f3n de su casa, la invitada pasaba a responder a la presentadora a todas las preguntas que le formulaba sobre su libro.<\/p>\n<p class=\"voc-p\" style=\"\">Mario Vargas Llosa, Julio Iglesias, sus hijos o el calvario que pas\u00f3 con la operaci\u00f3n de su nariz fueron algunos de los temas que <strong>Isabel Preysler<\/strong> toc\u00f3, sin embargo, <strong>Susanna Griso<\/strong> ten\u00eda una bater\u00eda de cuestiones m\u00e1s personales que no dud\u00f3 en lanzar a su invitada. <\/p>\n<p class=\"voc-p\" style=\"\">\u00abQuiero que me des tu opini\u00f3n sobre determinados personajes de la actualidad pol\u00edtica. \u00bfQu\u00e9 opina <strong>Isabel Preysler.<\/strong>..?\u00bb, se interesaba la presentadora de &#8216;<a href=\"https:\/\/www.abc.es\/play\/television\/preguntan-marilo-montero-juzgar-pedro-sanchez-revelacion-20251128115158-nt.html\" target=\"_self\" data-voc-vtm-id=\"in-text-traffic\" title=\"Espejo P\u00fablico\" data-mrf-link=\"www.abc.es\" rel=\"nofollow noopener\">Espejo P\u00fablico<\/a>&#8216;, cuando su invitada la interrump\u00eda plant\u00e1ndose a responder. \u00abNo, prefiero no decirte&#8230; Por qu\u00e9 voy a opinar yo sobre personajes de la pol\u00edtica. No tengo ni idea\u00bb, le trasladaba la &#8216;socialit\u00e9&#8217; a la periodista que lo intentaba de nuevo. \u00abSobre <strong>Pedro S\u00e1nchez<\/strong>\u00bb, le puntualizaba Susanna Griso. \u00abSobre el Gobierno&#8230; \u00bfPor qu\u00e9?\u00bb, dec\u00eda Isabel Preysler con una sonrisa socarrona. \u00abEsta respuesta lo dice todo\u00bb, le replicaba la comunicadora que sin esperarlo vio c\u00f3mo la invitada se lanzaba a contestar.<\/p>\n<p class=\"voc-p\" style=\"\">\u00abNo tengo nada bueno que decir sobre el Gobierno\u00bb, afirm\u00f3 rotunda<strong> Isabel Preysler<\/strong> ante las c\u00e1maras de &#8216;<a href=\"https:\/\/www.abc.es\/play\/television\/noticias\/piden-mariano-rajoy-defina-pedro-sanchez-palabra-20251126110109-nt.html\" target=\"_self\" data-voc-vtm-id=\"in-text-traffic\" title=\"Espejo P\u00fablico\" data-mrf-link=\"www.abc.es\" rel=\"nofollow noopener\">Espejo P\u00fablico<\/a>&#8216; sobre la pregunta que hab\u00eda recibido sobre <strong>Pedro S\u00e1nchez<\/strong>.<\/p>\n","protected":false},"excerpt":{"rendered":"Invitada de excepci\u00f3n este martes en &#8216;Espejo P\u00fablico&#8216; (Antena 3). Isabel Preysler ha atendido a Susanna Griso en&hellip;\n","protected":false},"author":2,"featured_media":268089,"comment_status":"","ping_status":"","sticky":false,"template":"","format":"standard","meta":{"footnotes":""},"categories":[91],"tags":[62803,146,147,25,24,1729,1822,14025,43579,8013,199,5862,23],"class_list":{"0":"post-268088","1":"post","2":"type-post","3":"status-publish","4":"format-standard","5":"has-post-thumbnail","7":"category-entretenimiento","8":"tag-demoledora","9":"tag-entertainment","10":"tag-entretenimiento","11":"tag-es","12":"tag-espana","13":"tag-isabel","14":"tag-pedro","15":"tag-preguntan","16":"tag-preysler","17":"tag-respuesta","18":"tag-sanchez","19":"tag-socialite","20":"tag-spain"},"share_on_mastodon":{"url":"https:\/\/pubeurope.com\/@es\/115652722109633796","error":""},"_links":{"self":[{"href":"https:\/\/www.europesays.com\/es\/wp-json\/wp\/v2\/posts\/268088","targetHints":{"allow":["GET"]}}],"collection":[{"href":"https:\/\/www.europesays.com\/es\/wp-json\/wp\/v2\/posts"}],"about":[{"href":"https:\/\/www.europesays.com\/es\/wp-json\/wp\/v2\/types\/post"}],"author":[{"embeddable":true,"href":"https:\/\/www.europesays.com\/es\/wp-json\/wp\/v2\/users\/2"}],"replies":[{"embeddable":true,"href":"https:\/\/www.europesays.com\/es\/wp-json\/wp\/v2\/comments?post=268088"}],"version-history":[{"count":0,"href":"https:\/\/www.europesays.com\/es\/wp-json\/wp\/v2\/posts\/268088\/revisions"}],"wp:featuredmedia":[{"embeddable":true,"href":"https:\/\/www.europesays.com\/es\/wp-json\/wp\/v2\/media\/268089"}],"wp:attachment":[{"href":"https:\/\/www.europesays.com\/es\/wp-json\/wp\/v2\/media?parent=268088"}],"wp:term":[{"taxonomy":"category","embeddable":true,"href":"https:\/\/www.europesays.com\/es\/wp-json\/wp\/v2\/categories?post=268088"},{"taxonomy":"post_tag","embeddable":true,"href":"https:\/\/www.europesays.com\/es\/wp-json\/wp\/v2\/tags?post=268088"}],"curies":[{"name":"wp","href":"https:\/\/api.w.org\/{rel}","templated":true}]}}