{"id":268094,"date":"2025-12-03T00:09:09","date_gmt":"2025-12-03T00:09:09","guid":{"rendered":"https:\/\/www.europesays.com\/es\/268094\/"},"modified":"2025-12-03T00:09:09","modified_gmt":"2025-12-03T00:09:09","slug":"la-jornada-petro-pide-que-no-se-amenace-soberania-de-colombia-rechaza-amagos-de-trump","status":"publish","type":"post","link":"https:\/\/www.europesays.com\/es\/268094\/","title":{"rendered":"La Jornada &#8211; Petro pide que no se \u00abamenace\u00bb soberan\u00eda de Colombia; rechaza amagos de Trump"},"content":{"rendered":"<p class=\"nota-justify\">Bogot\u00e1. El presidente colombiano, Gustavo Petro, rechaz\u00f3 el martes los comentarios de su hom\u00f3logo estadunidense Donald Trump, quien sugiri\u00f3 que pa\u00edses que producen coca\u00edna como Colombia est\u00e1n expuestos a ataques y pidi\u00f3 que no se \u201camenace\u201d la soberan\u00eda de su pa\u00eds.<\/p>\n<p class=\"nota-justify\">\u201cVenga se\u00f1or Trump a Colombia, lo invito, para que participe en la destrucci\u00f3n de los nueve laboratorios diarios que hacemos para que no llegue coca\u00edna a EU\u201d, dijo Petro en la red social X reaccionando a una noticia sobre lo dicho por Trump. \u201cAtacar nuestra soberan\u00eda es declarar guerra, no da\u00f1e dos siglos de relaciones diplom\u00e1ticas\u201d, agreg\u00f3.<\/p>\n<p class=\"nota-justify\">Trump anunci\u00f3 el martes a la prensa que Estados Unidos pronto comenzar\u00eda a realizar ataques terrestres, aunque no especific\u00f3 d\u00f3nde, y se\u00f1al\u00f3 que podr\u00edan ocurrir en otros pa\u00edses adem\u00e1s de Venezuela.<\/p>\n<p class=\"nota-justify\">\u201cSabemos todo sobre ellos. Sabemos d\u00f3nde viven. Sabemos d\u00f3nde viven los malos. Y vamos a empezar a hacerlo muy pronto tambi\u00e9n\u201d, dijo Trump a los periodistas durante una reuni\u00f3n con su gabinete en la Casa Blanca.<\/p>\n<p class=\"nota-justify\">M\u00e1s tarde, cuando se le pidi\u00f3 que diera m\u00e1s detalles, Trump dijo que se refer\u00eda a pa\u00edses que fabrican y venden fentanilo o coca\u00edna. El presidente dijo haber escuchado que Colombia fabrica coca\u00edna y la vende a Estados Unidos.<\/p>\n<p class=\"nota-justify\">\u201cCualquiera que haga eso y lo venda en nuestro pa\u00eds est\u00e1 sujeto a ataques\u201d, dijo Trump. \u201cNo s\u00f3lo Venezuela\u201d, afirm\u00f3.<\/p>\n<p class=\"nota-justify\">Las relaciones de Estados Unidos con Colombia, el mayor productor de coca\u00edna del mundo, han desmejorado desde el regreso de Trump a la presidencia.<\/p>\n<p class=\"nota-justify\">Petro, el primer presidente de izquierda en Colombia, ha sido cr\u00edtico de la pol\u00edtica migratoria de Trump, as\u00ed como de su despliegue militar en aguas del Caribe y los ataques letales a las embarcaciones se\u00f1aladas de llevar droga, los cuales ha calificado de \u201casesinatos\u201d.<\/p>\n<p class=\"nota-justify\">Trump, en tanto, ha reprochado a Colombia no mostrar suficientes resultados en la lucha antinarc\u00f3ticos y descertific\u00f3 al pa\u00eds en esa materia por primera vez en tres d\u00e9cadas. Adem\u00e1s, Trump ha llamado a Petro un \u201ccapo de la droga\u201d, le retir\u00f3 la visa y lo sancion\u00f3 a \u00e9l y a dos de sus familiares por presuntos v\u00ednculos con el narcotr\u00e1fico, sin mostrar pruebas.<\/p>\n<p class=\"nota-justify\">\u201cYa me calumni\u00f3, no contin\u00fae por ah\u00ed. Si un pa\u00eds ha ayudado a detener miles de toneladas de coca\u00edna para que no la consuman los norteamericanos, ese es Colombia\u201d, asegur\u00f3 Petro.<\/p>\n","protected":false},"excerpt":{"rendered":"Bogot\u00e1. El presidente colombiano, Gustavo Petro, rechaz\u00f3 el martes los comentarios de su hom\u00f3logo estadunidense Donald Trump, quien&hellip;\n","protected":false},"author":2,"featured_media":268095,"comment_status":"","ping_status":"","sticky":false,"template":"","format":"standard","meta":{"footnotes":""},"categories":[42],"tags":[66111,17,18,352,13,14,66109,11,61,62,63,64,19,20,9,7080,10,15,16,66110,12,21,22,65,66,67],"class_list":{"0":"post-268094","1":"post","2":"type-post","3":"status-publish","4":"format-standard","5":"has-post-thumbnail","7":"category-internacional","8":"tag-ataques-caribe","9":"tag-breaking-news","10":"tag-breakingnews","11":"tag-donald-trump","12":"tag-featured-news","13":"tag-featurednews","14":"tag-gustravo-petro","15":"tag-headlines","16":"tag-internacional","17":"tag-international","18":"tag-international-news","19":"tag-internationalnews","20":"tag-latest-news","21":"tag-latestnews","22":"tag-news","23":"tag-noticia","24":"tag-noticias","25":"tag-noticias-destacadas","26":"tag-noticiasdestacadas","27":"tag-paises-productores-de-cocaina","28":"tag-titulares","29":"tag-ultimas-noticias","30":"tag-ultimasnoticias","31":"tag-world","32":"tag-world-news","33":"tag-worldnews"},"share_on_mastodon":{"url":"https:\/\/pubeurope.com\/@es\/115652733457612765","error":""},"_links":{"self":[{"href":"https:\/\/www.europesays.com\/es\/wp-json\/wp\/v2\/posts\/268094","targetHints":{"allow":["GET"]}}],"collection":[{"href":"https:\/\/www.europesays.com\/es\/wp-json\/wp\/v2\/posts"}],"about":[{"href":"https:\/\/www.europesays.com\/es\/wp-json\/wp\/v2\/types\/post"}],"author":[{"embeddable":true,"href":"https:\/\/www.europesays.com\/es\/wp-json\/wp\/v2\/users\/2"}],"replies":[{"embeddable":true,"href":"https:\/\/www.europesays.com\/es\/wp-json\/wp\/v2\/comments?post=268094"}],"version-history":[{"count":0,"href":"https:\/\/www.europesays.com\/es\/wp-json\/wp\/v2\/posts\/268094\/revisions"}],"wp:featuredmedia":[{"embeddable":true,"href":"https:\/\/www.europesays.com\/es\/wp-json\/wp\/v2\/media\/268095"}],"wp:attachment":[{"href":"https:\/\/www.europesays.com\/es\/wp-json\/wp\/v2\/media?parent=268094"}],"wp:term":[{"taxonomy":"category","embeddable":true,"href":"https:\/\/www.europesays.com\/es\/wp-json\/wp\/v2\/categories?post=268094"},{"taxonomy":"post_tag","embeddable":true,"href":"https:\/\/www.europesays.com\/es\/wp-json\/wp\/v2\/tags?post=268094"}],"curies":[{"name":"wp","href":"https:\/\/api.w.org\/{rel}","templated":true}]}}