{"id":268101,"date":"2025-12-03T00:20:11","date_gmt":"2025-12-03T00:20:11","guid":{"rendered":"https:\/\/www.europesays.com\/es\/268101\/"},"modified":"2025-12-03T00:20:11","modified_gmt":"2025-12-03T00:20:11","slug":"el-granca-entre-europa-y-la-copa-cinco-finales-y-un-tramite-continental-para-cerrar-2025","status":"publish","type":"post","link":"https:\/\/www.europesays.com\/es\/268101\/","title":{"rendered":"El Granca, entre Europa y la Copa: cinco finales y un tr\u00e1mite continental para cerrar 2025"},"content":{"rendered":"<p><a class=\"v-mdl-ath__fig-a\" href=\"https:\/\/www.canarias7.es\/autor\/daniel-herrera-rodriguez-6598.html\" title=\"Daniel Herrera Rodr\u00edguez\" rel=\"nofollow noopener\" target=\"_blank\"><br \/>\n<img decoding=\"async\" class=\"v-mdl-ath__img\" src=\"https:\/\/www.europesays.com\/es\/wp-content\/uploads\/2025\/08\/autor-6598-foto-1.jpeg\" alt=\"Daniel Herrera Rodr\u00edguez\"\/><br \/>\n<\/a><\/p>\n<p class=\"v-mdl-ath__p v-mdl-ath__p--6\">\nMartes, 2 de diciembre 2025, 20:37<\/p>\n<p class=\"v-p\">Tras <strong>una hoja de ruta irregular en la ACB (balance de 3-5) e impoluta en Europa (5-0 en el Grupo H de la BCL)<\/strong>, el Dreamland Gran Canaria afronta diciembre como un mes decisivo para sus objetivos, con la mirada puesta especialmente en ese billete para la Copa del Rey de Valencia que se ha puesto m\u00e1s caro que nunca.<\/p>\n<p class=\"v-p\">Para ello le espera, de cara a este cierre de a\u00f1o, c<strong>inco finales ligueras y un tr\u00e1mite continental ante el SL Benfica -16 de diciembre-<\/strong> que apenas servir\u00e1 como \u00faltimo fogueo de la primera fase, al tener asegurado la clasificaci\u00f3n para la ronda de 16 como cabeza de serie. <\/p>\n<p class=\"v-p\">No obstante, la pizarra de <strong>Jaka Lakovic<\/strong> se focalizar\u00e1 en esos cinco encuentros de Liga Endesa en los que el conjunto isle\u00f1o intentar\u00e1 enderezar el rumbo de cara a la cita copera, en la que las cartas est\u00e1n m\u00e1s que marcadas.<\/p>\n<p class=\"v-p\"><strong>Un derbi y un duelo directo <\/strong><\/p>\n<p class=\"v-p\">En el itinerario amarillo se presenta de todo: dos rivales con la taquicardia del descenso acechando sus biorritmos, un contrincante con clasificaci\u00f3n calcada, un peso pesado que se antoja como rival directo y un derbi canario que seguramente ser\u00e1 a cara de perro.<\/p>\n<p class=\"v-p\">La hoja de ruta arranca <strong>el pr\u00f3ximo 7 de diciembre frente al Surne Bilbao Basket (3-5) en la capital vizca\u00edna<\/strong>. El conjunto vasco, duod\u00e9cimo en la tabla, ser\u00e1 una buena toma de contacto tras la ventana FIBA para calibrar las opciones del Dreamland, con el base <strong>Melwin Pantzar (16,1 de valoraci\u00f3n)<\/strong> como principal peligro sobre el parqu\u00e9 junto a la torre islandesa<strong> Tryggvi Hlinason (2,15 metros, 7,3 rebotes y 14,4 de valoraci\u00f3n)<\/strong> y el escolta<strong> norteamericano Darrun Hilliard (13,7 puntos de media). <\/strong><\/p>\n<p class=\"v-p\">Ya el s\u00e1bado 13, el Gran Canaria tendr\u00e1 otro rival vasco, esta vez el <strong>Kosner Baskonia (8\u00ba con 4-4)<\/strong> que aterrizar\u00eda en la isla con un plantill\u00f3n y el examarillo <strong>Khalifa Diop<\/strong>. A continuaci\u00f3n, y tras el choque entre semana frente al Benfica, los hombres de Lakovic recibir\u00e1n el 20 de diciembre en casa a un <strong>Coviran Granada<\/strong> inmerso en la lucha por la permanencia (18\u00ba con 1-7).<\/p>\n<p class=\"v-p\">Posteriormente, el 28 de diciembre, ser\u00e1 la fecha marcada con letras escarlatas: el derbi frente a <strong>La Laguna (5\u00ba con 6-2) en Tenerife<\/strong>. Para el t\u00e9cnico esloveno, el choque ante los <strong>Huertas, Shermadini, Abromaitis y compa\u00f1\u00eda <\/strong>se ha convertido en una obsesi\u00f3n. No en vano, el Granca no gana en territorio aurinegro desde hace seis a\u00f1os -sin contar amistosos-. El \u00faltimo triunfo grancanario en liga sobre la superficie del Santiago Mart\u00edn fue el 10 de marzo de 2019, donde <strong>Hannah, Strawberry y Rabaseda <\/strong>lograron poner en el electr\u00f3nico el 86-90 a favor de los amarillos. Desde entonces, el derbi ha tomado un claro color aurinegro.<\/p>\n<p class=\"v-p\">Finalmente, los claretianos cerrar\u00e1n el a\u00f1o el 30 de diciembre midi\u00e9ndose al <strong>Recoletas Salud San Pablo Burgos <\/strong>(17\u00ba con 1-7), un rival en crisis pero que a \u00faltima hora se ha reforzado con un viejo conocido de los insulares: el p\u00edvot Ethan Happ. En definitiva, un calendario &#8216;trampa&#8217;, con rivales inmersos en la Copa y la permanencia.<\/p>\n<p>Reporta un error<\/p>\n","protected":false},"excerpt":{"rendered":"Martes, 2 de diciembre 2025, 20:37 Tras una hoja de ruta irregular en la ACB (balance de 3-5)&hellip;\n","protected":false},"author":2,"featured_media":268102,"comment_status":"","ping_status":"","sticky":false,"template":"","format":"standard","meta":{"footnotes":""},"categories":[269],"tags":[45,299,298,5417,5810,15582,2493,168,25,24,700,6686,14248,23,167,6819],"class_list":{"0":"post-268101","1":"post","2":"type-post","3":"status-publish","4":"format-standard","5":"has-post-thumbnail","7":"category-baloncesto","8":"tag-45","9":"tag-baloncesto","10":"tag-basketball","11":"tag-cerrar","12":"tag-cinco","13":"tag-continental","14":"tag-copa","15":"tag-deportes","16":"tag-es","17":"tag-espana","18":"tag-europa","19":"tag-finales","20":"tag-granca","21":"tag-spain","22":"tag-sports","23":"tag-tramite"},"share_on_mastodon":{"url":"https:\/\/pubeurope.com\/@es\/115652777095495089","error":""},"_links":{"self":[{"href":"https:\/\/www.europesays.com\/es\/wp-json\/wp\/v2\/posts\/268101","targetHints":{"allow":["GET"]}}],"collection":[{"href":"https:\/\/www.europesays.com\/es\/wp-json\/wp\/v2\/posts"}],"about":[{"href":"https:\/\/www.europesays.com\/es\/wp-json\/wp\/v2\/types\/post"}],"author":[{"embeddable":true,"href":"https:\/\/www.europesays.com\/es\/wp-json\/wp\/v2\/users\/2"}],"replies":[{"embeddable":true,"href":"https:\/\/www.europesays.com\/es\/wp-json\/wp\/v2\/comments?post=268101"}],"version-history":[{"count":0,"href":"https:\/\/www.europesays.com\/es\/wp-json\/wp\/v2\/posts\/268101\/revisions"}],"wp:featuredmedia":[{"embeddable":true,"href":"https:\/\/www.europesays.com\/es\/wp-json\/wp\/v2\/media\/268102"}],"wp:attachment":[{"href":"https:\/\/www.europesays.com\/es\/wp-json\/wp\/v2\/media?parent=268101"}],"wp:term":[{"taxonomy":"category","embeddable":true,"href":"https:\/\/www.europesays.com\/es\/wp-json\/wp\/v2\/categories?post=268101"},{"taxonomy":"post_tag","embeddable":true,"href":"https:\/\/www.europesays.com\/es\/wp-json\/wp\/v2\/tags?post=268101"}],"curies":[{"name":"wp","href":"https:\/\/api.w.org\/{rel}","templated":true}]}}