{"id":268106,"date":"2025-12-03T00:23:15","date_gmt":"2025-12-03T00:23:15","guid":{"rendered":"https:\/\/www.europesays.com\/es\/268106\/"},"modified":"2025-12-03T00:23:15","modified_gmt":"2025-12-03T00:23:15","slug":"el-fotografo-victor-bugge-fue-nombrado-personalidad-destacada-de-la-cultura-me-emociona-algo-hice-bien","status":"publish","type":"post","link":"https:\/\/www.europesays.com\/es\/268106\/","title":{"rendered":"El fot\u00f3grafo V\u00edctor Bugge fue nombrado Personalidad Destacada de la Cultura: \u201cMe emociona, algo hice bien\u201d"},"content":{"rendered":"<p><img alt=\"Con la legisladora Mar\u00eda In\u00e9s\" class=\"global-image\" decoding=\"async\" fetchpriority=\"high\" height=\"1080\" loading=\"eager\" src=\"https:\/\/www.europesays.com\/es\/wp-content\/uploads\/2025\/12\/4KKDORWUKBEYJOLYXNVZ4PPNC4.jpg\" width=\"1920\"\/>Con la legisladora Mar\u00eda In\u00e9s Parry, impulsora del reconocimiento (Fotos: Jaime Olivos)<\/p>\n<p class=\"paragraph\">El hist\u00f3rico reportero gr\u00e1fico <b>V\u00edctor Bugge<\/b> fue declarado <b>Personalidad Destacada de la Ciudad de Buenos Aires en el \u00e1mbito de la Cultura<\/b>, en una ceremonia realizada este martes 2 de diciembre por la tarde en el <b>Sal\u00f3n Dorado <\/b>de la Legislatura porte\u00f1a. El homenajeado asisti\u00f3 en compa\u00f1\u00eda de sus hijos, nietos y colegas de toda la vida. \u201cEstoy muy emocionado\u201d, le dijo a <b>Infobae<\/b> minutos antes. \u201c<b>Yo me retir\u00e9 hace poco y que aparezca un reconocimiento de esta magnitud me dice que algo hice bien<\/b>\u201d, agreg\u00f3.<\/p>\n<p class=\"paragraph\">El acto arranc\u00f3 pasadas las 17.30 y reuni\u00f3 a <b>Juan Carlos Pallarols<\/b> \u2014<a href=\"https:\/\/www.infobae.com\/historias\/2025\/01\/10\/empezo-a-trabajar-como-un-juego-y-se-convirtio-en-el-mejor-en-lo-suyo-juan-carlos-pallarols-el-orfebre-que-brilla-en-el-mundo\/\" target=\"_blank\" rel=\"noreferrer nofollow noopener\" title=\"https:\/\/www.infobae.com\/historias\/2025\/01\/10\/empezo-a-trabajar-como-un-juego-y-se-convirtio-en-el-mejor-en-lo-suyo-juan-carlos-pallarols-el-orfebre-que-brilla-en-el-mundo\/\">el orfebre de los bastones presidenciales argentinos<\/a> e \u00edntimo de Bugge\u2014; al Senador Nacional <b>Wado de Pedro<\/b>; al reconocido fot\u00f3grafo <b>Aldo Sessa<\/b>; al periodista <b>Julio Baz\u00e1n<\/b>; y la hija del ex presidente <b>Zulemita Menem<\/b>. \u201cV\u00edctor es parte de nuestra historia. A cada lugar donde \u00edbamos \u00e9l estaba ah\u00ed haciendo su magia. Fue enorme. Con mi pap\u00e1 crearon un v\u00ednculo, una amistad que se mantiene hasta el d\u00eda de hoy. \u00a1C\u00f3mo no iba a estar ac\u00e1!\u201c, le dijo a este medio.<\/p>\n<p class=\"paragraph\">Tras una breve y c\u00e1lida bienvenida, se proyect\u00f3 un video de casi cuatro minutos que el propio Bugge arm\u00f3: <a href=\"https:\/\/www.infobae.com\/politica\/2023\/12\/14\/victor-bugge-el-fotografo-de-casa-rosada-narro-los-40-anos-de-democracia-en-un-video-con-fotos-iconicas\/\" target=\"_blank\" rel=\"noreferrer nofollow noopener\" title=\"https:\/\/www.infobae.com\/politica\/2023\/12\/14\/victor-bugge-el-fotografo-de-casa-rosada-narro-los-40-anos-de-democracia-en-un-video-con-fotos-iconicas\/\"><b>una secuencia de im\u00e1genes suyas que recorren los hitos de la democracia argentina y que \u00e9l present\u00f3 en diciembre de 2023<\/b><\/a>, al cumplirse 40 a\u00f1os del retorno democr\u00e1tico. La sala qued\u00f3 en silencio mientras sonaba el Himno Nacional. <\/p>\n<p>El video que se proyect\u00f3 durante la distinci\u00f3n, ilustrado con fotos hist\u00f3ricas de Bugge, acompa\u00f1adas por las estrofas del himno nacional<\/p>\n<p class=\"paragraph\">Al finalizar la proyecci\u00f3n, Bugge subi\u00f3 al escenario y mantuvo un intercambio con la legisladora <b>Mar\u00eda In\u00e9s Parry<\/b>, impulsora del reconocimiento. En la charla, la funcionaria explic\u00f3 que la motivaci\u00f3n para reconocer al fot\u00f3grafo surgi\u00f3, entre otras cosas, de una raz\u00f3n personal: <b>\u201cSoy del radicalismo y las fotos m\u00e1s ic\u00f3nicas de Ra\u00fal son de V\u00edctor. \u00c9l logr\u00f3 inmortalizarlo\u201d<\/b>, sostuvo. Mientras conversaban, en la pantalla detr\u00e1s de ellos se proyectaba una imagen de Bugge \u2014joven\u2014 junto al Papa Francisco. <\/p>\n<p class=\"paragraph\">Luego, el fot\u00f3grafo record\u00f3 su v\u00ednculo con los presidentes: <b>\u201cNo quiero destacar a nadie, pero aprovechando que est\u00e1 su hija ac\u00e1, un recuerdo afectuoso para Menem, que durante diez a\u00f1os me soport\u00f3\u201d<\/b>, dijo, entre risas. Despu\u00e9s recibi\u00f3 el diploma, que eligi\u00f3 entregar a sus nietos. Minutos m\u00e1s tarde, <b>Juan Carlos Pallarols<\/b> se levant\u00f3 para hacerle un obsequio personal. \u201cEste es el bast\u00f3n que hice para Per\u00f3n en 1973. Cuando Isabelita se fue a Espa\u00f1a, se lo compr\u00e9 y me lo qued\u00e9. Ahora es tiempo de que lo cuide \u00e9l. Gran amigo, gran amigo de la historia y gran peronista\u201d, sostuvo.<\/p>\n<p><img alt=\"El momento en que Pallarols\" class=\"global-image\" decoding=\"async\" fetchpriority=\"low\" height=\"1080\" loading=\"lazy\" src=\"https:\/\/www.europesays.com\/es\/wp-content\/uploads\/2025\/12\/KZDYS6WBCREQ3D7MK6PN3WNTEI.jpg\" width=\"1920\"\/>El momento en que Pallarols le entreg\u00f3 el bast\u00f3n que hizo para Per\u00f3n en 1973 <img alt=\"El Senador Nacional Wado de\" class=\"global-image\" decoding=\"async\" fetchpriority=\"low\" height=\"1080\" loading=\"lazy\" src=\"https:\/\/www.europesays.com\/es\/wp-content\/uploads\/2025\/12\/F7FHUUUBLZAQRMSAT5BWAWZXLA.jpg\" width=\"1920\"\/>El Senador Nacional Wado de Pedro y su afectuoso saludo a Bugge<\/p>\n<p class=\"paragraph\">El acto cerr\u00f3 con una escena simb\u00f3lica: Bugge pos\u00f3 con todos los presentes para hacer \u201cla foto del fot\u00f3grafo\u201d. Pero antes de bajar del escenario pidi\u00f3 la palabra. \u201cVoy a retomar una frase de El Eternauta: <a href=\"https:\/\/www.infobae.com\/virales\/2025\/05\/09\/lo-viejo-funciona-juan-la-frase-de-el-eternauta-que-se-volvio-viral-en-las-redes-sociales\/\" target=\"_blank\" rel=\"noreferrer nofollow noopener\" title=\"https:\/\/www.infobae.com\/virales\/2025\/05\/09\/lo-viejo-funciona-juan-la-frase-de-el-eternauta-que-se-volvio-viral-en-las-redes-sociales\/\"><b>\u2018Lo viejo funciona, Juan\u2019<\/b><\/a>. Ac\u00e1 adentro hay varios veteranos que seguimos sirviendo; pero tambi\u00e9n quiero hacerle un homenaje a la tecnolog\u00eda\u201d, dijo. \u201c<b>Me voy a tomar el atrevimiento de sacarles una foto con el nuevo formato tecnol\u00f3gico que recib\u00ed de regalo. Permiso<\/b>\u201d. Entonces se calz\u00f3 unos anteojos inteligentes y dispar\u00f3. \u201cEspero que haya salido. Ya despu\u00e9s se enterar\u00e1n\u201d, brome\u00f3. <\/p>\n<p><img alt=\"Tras recibir el diploma, Bugge\" class=\"global-image\" decoding=\"async\" fetchpriority=\"low\" height=\"1278\" loading=\"lazy\" src=\"https:\/\/www.europesays.com\/es\/wp-content\/uploads\/2025\/12\/4ZTW2QFABJELFPC6K35QPW23HQ.jpg\" width=\"1920\"\/>Tras recibir el diploma, Bugge se lo entreg\u00f3 a sus nietos <img alt=\"Al finalizar el acto se\" class=\"global-image\" decoding=\"async\" fetchpriority=\"low\" height=\"1080\" loading=\"lazy\" src=\"https:\/\/www.europesays.com\/es\/wp-content\/uploads\/2025\/12\/QIGECPXUNNCDNP6NUJSLS54BUI.jpg\" width=\"1920\"\/>Al finalizar el acto se hizo \u201cla foto del fot\u00f3grafo\u201d <\/p>\n<p class=\"paragraph\">Bugge dio sus primeros pasos en editorial Atl\u00e1ntida y, en 1978, entr\u00f3 a trabajar en la Casa de Gobierno.<b> Ten\u00eda 22 a\u00f1os<\/b>. Su padre, Miguel Bugge, tambi\u00e9n reportero gr\u00e1fico y fotoperiodista del diario La Naci\u00f3n, fue de quien hered\u00f3 su pasi\u00f3n por la fotograf\u00eda. \u201cCuando le dije que quer\u00eda ser reportero gr\u00e1fico, me colg\u00f3 una c\u00e1mara al cuello y me dio una sola instrucci\u00f3n: \u2018Sac\u00e1\u2019. \u00c9l es el responsable de que haya llegado hasta ac\u00e1\u201d, sostiene. <\/p>\n<p class=\"paragraph\">Conocido popularmente como <a href=\"https:\/\/www.infobae.com\/sociedad\/2025\/07\/16\/las-fotos-iconicas-de-carlos-menem-como-presidente-y-el-relato-del-fotografo-victor-bugge-siempre-te-recibia-con-una-sonrisa\/\" target=\"_blank\" rel=\"noreferrer nofollow noopener\" title=\"https:\/\/www.infobae.com\/sociedad\/2025\/07\/16\/las-fotos-iconicas-de-carlos-menem-como-presidente-y-el-relato-del-fotografo-victor-bugge-siempre-te-recibia-con-una-sonrisa\/\"><b>\u201cel fot\u00f3grafo de los presidentes\u201d<\/b><\/a>, fue testigo silencioso de la historia reciente. Desde la Casa Rosada captur\u00f3 con profesionalismo y talento art\u00edstico 40 a\u00f1os que marcaron el regreso y la consolidaci\u00f3n de la democracia. Desde la salida anticipada de Ra\u00fal Alfons\u00edn; pasando por el abrazo de Menem con Mandela; hasta el discurso de De la R\u00faa, minutos antes de abandonar la Casa de Gobierno. Su archivo es, literalmente, un inventario visual del pa\u00eds.<\/p>\n<p><img alt=\"Alfons\u00edn junto al expresidente Menem\" class=\"global-image\" decoding=\"async\" fetchpriority=\"low\" height=\"999\" loading=\"lazy\" src=\"https:\/\/www.europesays.com\/es\/wp-content\/uploads\/2025\/12\/B7YO2TOGUZE7FGPLOB4KPQNDIM.jpg\" width=\"1920\"\/>Alfons\u00edn junto al expresidente Menem de espaldas caminando por los jardines de Olivos. \u201cA m\u00ed Alfons\u00edn me confes\u00f3 que lo hab\u00eda convocado para proponerle el adelanto de la asunci\u00f3n. \u00c9l le pregunt\u00f3 a Menem cu\u00e1ndo quer\u00eda asumir y la respuesta fue: \u2018ya\u2019\u201d, record\u00f3 Bugge (Foto\/V\u00edctor Bugge)<img alt=\"V\u00edctor Bugge retrat\u00f3 a Menem\" class=\"global-image\" decoding=\"async\" fetchpriority=\"low\" height=\"1080\" loading=\"lazy\" src=\"https:\/\/www.europesays.com\/es\/wp-content\/uploads\/2025\/12\/F64MYCBZO5CE5KIKKHHIKUYSCI.jpg\" width=\"1920\"\/>V\u00edctor Bugge retrat\u00f3 a Menem con Charly Garc\u00eda y Zulemita en la Quinta de Olivos. \u201cMi trabajo se fue convirtiendo sin querer en un relato diario\u201d, dice (Foto\/V\u00edctor Bugge)<\/p>\n<p class=\"paragraph\">En julio pasado, tras casi cinco d\u00e9cadas de trabajo, <b>Bugge decidi\u00f3 retirarse<\/b>. <a href=\"https:\/\/www.infobae.com\/politica\/2025\/02\/05\/luego-de-47-anos-victor-bugge-dejo-de-ser-el-fotografo-presidencial\/\" target=\"_blank\" rel=\"noreferrer nofollow noopener\" title=\"https:\/\/www.infobae.com\/politica\/2025\/02\/05\/luego-de-47-anos-victor-bugge-dejo-de-ser-el-fotografo-presidencial\/\"><b>Lo hizo por decisi\u00f3n propia y no por un despido<\/b><\/a>, como circul\u00f3 en redes. Desde entonces, su rutina diaria se transform\u00f3: las urgencias y las jornadas interminables dieron paso a una calma in\u00e9dita. \u201cHoy un d\u00eda m\u00edo es de mucha tranquilidad. <b>Estoy reencontr\u00e1ndome, primero conmigo y, despu\u00e9s, con mi laburo de d\u00e9cadas<\/b>. Me la paso mirando fotos y traslad\u00e1ndome a cada uno de esos momentos. Como dice la letra del tango Volver: \u2018El encuentro con el pasado que vuelve a enfrentarse con mi vida\u2019\u201d. <\/p>\n<p class=\"paragraph\">Mientras revisa sus im\u00e1genes, dice, siente algo parecido a la incredulidad. \u201cEl otro d\u00eda estaba mirando algo y pens\u00e9: \u2018Fua\u2026\u2019. <b>No solo pas\u00f3 mucho tiempo, sino que todo pas\u00f3 en un mismo lugar. Eso es lo raro<\/b>\u201d, reflexiona acerca de sus <a rel=\"noopener noreferrer nofollow\" href=\"https:\/\/www.infobae.com\/politica\/2025\/02\/05\/luego-de-47-anos-victor-bugge-dejo-de-ser-el-fotografo-presidencial\/\" target=\"_blank\" title=\"https:\/\/www.infobae.com\/politica\/2025\/02\/05\/luego-de-47-anos-victor-bugge-dejo-de-ser-el-fotografo-presidencial\/\"><b>47 a\u00f1os en la Casa Rosada<\/b><\/a>, donde pas\u00f3 m\u00e1s tiempo que en su propio hogar. Su relaci\u00f3n con el edificio fue tan estrecha que, durante la <a href=\"https:\/\/www.infobae.com\/america\/agencias\/2021\/12\/16\/cronologia-del-colapso-argentino-de-2001\/\" target=\"_blank\" rel=\"noreferrer nofollow noopener\" title=\"https:\/\/www.infobae.com\/america\/agencias\/2021\/12\/16\/cronologia-del-colapso-argentino-de-2001\/\"><b>crisis de 2001<\/b><\/a>, se instal\u00f3 ah\u00ed. \u201c<b>Llegu\u00e9 el 19 de diciembre y me fui el 31. Nunca volv\u00ed a casa<\/b>\u201d, recuerda. La seguidilla de presidentes lo oblig\u00f3 a permanecer en su despacho, disponible. Incluso la noche del 31 tuvo un tinte absurdo: \u201c(Eduardo Oscar) <b>Cama\u00f1o lleg\u00f3 a la Casa de Gobierno y nosotros ya nos hab\u00edamos ido<\/b>. Habl\u00e9 con un colaborador de \u00e9l y le ped\u00ed que le dijera que era el \u00faltimo d\u00eda del a\u00f1o. Por suerte se fue y pudimos volver a pasar el fin de a\u00f1o a casa\u201d.<\/p>\n<p><img alt=\"Durante la distinci\u00f3n en el\" class=\"global-image\" decoding=\"async\" fetchpriority=\"low\" height=\"1080\" loading=\"lazy\" src=\"https:\/\/www.europesays.com\/es\/wp-content\/uploads\/2025\/12\/W37HKIGUMJAWXIZRB3SIWWUE7A.jpg\" width=\"1920\"\/>Durante la distinci\u00f3n en el Sal\u00f3n Dorado<img alt=\"Zulemita Menem estuvo presente en\" class=\"global-image\" decoding=\"async\" fetchpriority=\"low\" height=\"1278\" loading=\"lazy\" src=\"https:\/\/www.europesays.com\/es\/wp-content\/uploads\/2025\/12\/5JNHJN4NSRBRTPTTQAUCQ3VRTA.jpg\" width=\"1920\"\/>Zulemita Menem estuvo presente en el acto junto a su hijo <\/p>\n<p class=\"paragraph\">Si mira hacia atr\u00e1s, Bugge es capaz de reconocer el momento exacto en el que entendi\u00f3 que su oficio iba m\u00e1s all\u00e1 de lo t\u00e9cnico. \u201cFue una foto que le saqu\u00e9 a Videla en la soledad del despacho presidencial, de espaldas, mirando por la ventana hacia Paseo Col\u00f3n. Cuando la revel\u00e9, porque en esa \u00e9poca se revelaba, me peg\u00f3 fuerte. Dije: \u2018Bueno, encaro\u2019. Y llegu\u00e9 hasta ac\u00e1\u201d.<\/p>\n<p class=\"paragraph\">Esa sensaci\u00f3n de responsabilidad lo acompa\u00f1\u00f3 durante todas las presidencias. Y cuando lleg\u00f3 el d\u00eda de irse, lo hizo sin una despedida oficial \u2014ser\u00e1 en diciembre\u2014, casi en silencio. \u201cMe fui normal<b> <\/b>\u2014cuenta entre risas\u2014. Entr\u00e9 por Balcarce 50 y sal\u00ed por Balcarce 24, por decirlo de un modo metaf\u00f3rico\u201d. Su salida fue pr\u00e1cticamente una mudanza. \u201c<b>Todav\u00eda queda un colch\u00f3n que tiraba en el piso. Es el que us\u00e9 para la guerra de Malvinas porque Galtieri se qued\u00f3 ah\u00ed\u2026<\/b>\u201d. Tambi\u00e9n quedan fotos suyas colgadas en las paredes: \u201cEso lo van a dejar. Me parece que como homenaje\u201d.<\/p>\n<p><img alt=\"Videla en la soledad del\" class=\"global-image\" decoding=\"async\" fetchpriority=\"low\" height=\"1338\" loading=\"lazy\" src=\"https:\/\/www.europesays.com\/es\/wp-content\/uploads\/2025\/12\/6LMOXGS5T5GV5MVPESGY7E6QOU.jpg\" width=\"1920\"\/>Videla en la soledad del despacho presidencial, de espalda, mirando por la ventana hacia Paseo Col\u00f3n: la imagen que marc\u00f3 a Bugge (Foto\/V\u00edctor Bugge)<img alt=\"La ic\u00f3nica foto de Menem\" class=\"global-image\" decoding=\"async\" fetchpriority=\"low\" height=\"1393\" loading=\"lazy\" src=\"https:\/\/www.europesays.com\/es\/wp-content\/uploads\/2025\/12\/ETS6RCANY5D6JJDZK3IGFIOG7Q.jpg\" width=\"1920\"\/>La ic\u00f3nica foto de Menem con los Rolling Stones se tom\u00f3 el 10 de febrero de 1995 en la residencia presidencial de Olivos, durante la primera visita de la banda al pa\u00eds (Foto\/V\u00edctor Bugge)<\/p>\n<p class=\"paragraph\">Con el paso del tiempo, Bugge molde\u00f3 una mirada y construy\u00f3 su estilo. Su b\u00fasqueda no era la pose, sino lo m\u00e1s cercano a lo real: \u201cYo le busqu\u00e9 una vuelta. Trat\u00e9 de meterme dentro de los personajes y de mostrarle a la gente lo que yo estaba viendo \u2014que nunca fue la realidad, porque la realidad no pod\u00e9s mostrarla\u2014 pero que se parezca, por lo menos, a la realidad. <b>El famoso momento preciso<\/b>\u201d.<\/p>\n<p class=\"paragraph\">Esa entrega total convirti\u00f3 su trabajo en un relato continuo. \u201cMi labor cotidiana se fue convirtiendo sin querer en un relato diario. Una imagen al lado de la otra compone la historia\u201d, dice. \u201c<b>S\u00e9 que hay fotos que inmortalizaron momentos y quedar\u00e1n para la posteridad. Y eso es por la dedicaci\u00f3n absoluta que yo le met\u00ed a mi laburo. Viv\u00ed para esto<\/b>\u201d, asegura.<\/p>\n<p class=\"paragraph\">Entre las escenas que lo marcaron hay varias imposibles de olvidar: las dos semanas en el Vaticano, fotografiando al <b>Papa Francisco<\/b>; la imagen que termin\u00f3 reproducida en piedra, a 70 metros de altura, en la Bas\u00edlica de San Pablo; el momento con <b>Diego Maradona<\/b> en el balc\u00f3n de la rosada; y el viaje a <b>Malvinas<\/b> con los familiares, treinta a\u00f1os despu\u00e9s de haber salido al balc\u00f3n con Galtieri. \u201cEso no te pasa todos los d\u00edas. <b>Son c\u00edrculos que yo cerr\u00e9<\/b>\u201d, dice.<\/p>\n<p><img alt=\"\u201cA Bergoglio lo fotografi\u00e9 como\" class=\"global-image\" decoding=\"async\" fetchpriority=\"low\" height=\"1221\" loading=\"lazy\" src=\"https:\/\/www.europesays.com\/es\/wp-content\/uploads\/2025\/12\/WADA46AUEBA4JLIOW26CBBODVE.jpg\" width=\"1920\"\/>\u201cA Bergoglio lo fotografi\u00e9 como monse\u00f1or en la catedral y a\u00f1os despu\u00e9s termin\u00e9 entrando al Vaticano\u201d, cuenta Bugge (Foto\/V\u00edctor Bugge)<img alt=\"\u201cNunca tuve una amistad con\" class=\"global-image\" decoding=\"async\" fetchpriority=\"low\" height=\"933\" loading=\"lazy\" src=\"https:\/\/www.europesays.com\/es\/wp-content\/uploads\/2025\/12\/7KT73I3PU5EKFJATCWIE6JFTV4.jpg\" width=\"1080\"\/>\u201cNunca tuve una amistad con Diego, pero s\u00ed una relaci\u00f3n de cari\u00f1o\u201d, cuenta el fot\u00f3grafo (Foto\/V\u00edctor Bugge)<\/p>\n<p class=\"paragraph\"><b>\u2014\u00bfC\u00f3mo te gustar\u00eda que recuerden tu trabajo? <\/b><\/p>\n<p class=\"paragraph\">\u2014Es muy dif\u00edcil que responda eso, pero que queden las fotos para ver lo que nos pas\u00f3. A veces pasa que quer\u00e9s recurrir a los archivos y cuesta encontrar material. Bueno,<b> esperemos que esto pueda servir para que cuando pasen los a\u00f1os y los chicos o las nuevas generaciones quieran interpretar una etapa de la Argentina, mis fotos sean un aporte<\/b>. Me parece que eso ser\u00eda objetivo cumplido.<\/p>\n<p class=\"paragraph\"><b>[Fotos: Jaime Olivos]<\/b><\/p>\n","protected":false},"excerpt":{"rendered":"Con la legisladora Mar\u00eda In\u00e9s Parry, impulsora del reconocimiento (Fotos: Jaime Olivos) El hist\u00f3rico reportero gr\u00e1fico V\u00edctor Bugge&hellip;\n","protected":false},"author":2,"featured_media":268107,"comment_status":"","ping_status":"","sticky":false,"template":"","format":"standard","meta":{"footnotes":""},"categories":[173],"tags":[229,233,231,230,232,234,146,147,25,24,23],"class_list":{"0":"post-268106","1":"post","2":"type-post","3":"status-publish","4":"format-standard","5":"has-post-thumbnail","7":"category-arte-y-diseno","8":"tag-arte","9":"tag-arte-y-diseno","10":"tag-arts","11":"tag-arts-and-design","12":"tag-design","13":"tag-diseno","14":"tag-entertainment","15":"tag-entretenimiento","16":"tag-es","17":"tag-espana","18":"tag-spain"},"share_on_mastodon":{"url":"https:\/\/pubeurope.com\/@es\/115652789594604802","error":""},"_links":{"self":[{"href":"https:\/\/www.europesays.com\/es\/wp-json\/wp\/v2\/posts\/268106","targetHints":{"allow":["GET"]}}],"collection":[{"href":"https:\/\/www.europesays.com\/es\/wp-json\/wp\/v2\/posts"}],"about":[{"href":"https:\/\/www.europesays.com\/es\/wp-json\/wp\/v2\/types\/post"}],"author":[{"embeddable":true,"href":"https:\/\/www.europesays.com\/es\/wp-json\/wp\/v2\/users\/2"}],"replies":[{"embeddable":true,"href":"https:\/\/www.europesays.com\/es\/wp-json\/wp\/v2\/comments?post=268106"}],"version-history":[{"count":0,"href":"https:\/\/www.europesays.com\/es\/wp-json\/wp\/v2\/posts\/268106\/revisions"}],"wp:featuredmedia":[{"embeddable":true,"href":"https:\/\/www.europesays.com\/es\/wp-json\/wp\/v2\/media\/268107"}],"wp:attachment":[{"href":"https:\/\/www.europesays.com\/es\/wp-json\/wp\/v2\/media?parent=268106"}],"wp:term":[{"taxonomy":"category","embeddable":true,"href":"https:\/\/www.europesays.com\/es\/wp-json\/wp\/v2\/categories?post=268106"},{"taxonomy":"post_tag","embeddable":true,"href":"https:\/\/www.europesays.com\/es\/wp-json\/wp\/v2\/tags?post=268106"}],"curies":[{"name":"wp","href":"https:\/\/api.w.org\/{rel}","templated":true}]}}