{"id":268108,"date":"2025-12-03T00:25:18","date_gmt":"2025-12-03T00:25:18","guid":{"rendered":"https:\/\/www.europesays.com\/es\/268108\/"},"modified":"2025-12-03T00:25:18","modified_gmt":"2025-12-03T00:25:18","slug":"maria-leon-desvela-en-la-revuelta-su-peor-experiencia-rodando-con-eduardo-casanova-salgo-desnuda","status":"publish","type":"post","link":"https:\/\/www.europesays.com\/es\/268108\/","title":{"rendered":"Mar\u00eda Le\u00f3n desvela en \u2018La Revuelta\u2019 su peor experiencia rodando con Eduardo Casanova: \u201cSalgo desnuda\u201d"},"content":{"rendered":"<p>&#8216;L<strong>a Revuelta<\/strong>&#8216; esta noche ha hecho doblete con sus invitados, primero, con un deportista de categor\u00eda como <strong>Boris Becker<\/strong>, que parece que ha vivido mil vidas en una sola. Y otras dos personas que tambi\u00e9n lo han hecho, eso s\u00ed, a trav\u00e9s de darle vida a numerosos personajes: <strong>Mar\u00eda Le\u00f3n y Eduardo Casanova<\/strong>.\u00a0<\/p>\n<p><img loading=\"lazy\" decoding=\"async\"   src=\"https:\/\/www.europesays.com\/es\/wp-content\/uploads\/2025\/12\/maria-leon-y-eduardo-casanova_75571c8a_251203003515_1200x675.webp.webp\" alt=\"Mar\u00eda Le\u00f3n y Eduardo Casanova\" class=\"lazyload\" width=\"1200\" height=\"675\" data-aspectratio=\"1200\/675\"\/><\/p>\n<p>Eduardo Casanova y Mar\u00eda Le\u00f3n han acudido a &#8216;La Revuelta&#8217; para promocionar su nueva serie &#8216;Silencio&#8217;<\/p>\n<p>&#13;RTVE<\/p>\n<p>Los actores han acudido al programa de David Broncano para presentar <strong>la nueva serie que ha dirigido Eduardo Casanova, &#8216;Silencio&#8217;<\/strong>, que se puede ver en Movistar +, y en la que aparece la hermana de Paco Le\u00f3n. Como era de esperar, han entrado como un aut\u00e9ntico torbellino, y han ido con dos prop\u00f3sitos claros: presentar su nueva serie y visibilizar la enfermedad del VIH, para quitar el estigma social que hay en la sociedad.<\/p>\n<p>La mala experiencia de Mar\u00eda Le\u00f3n<img loading=\"lazy\" decoding=\"async\"   src=\"https:\/\/www.europesays.com\/es\/wp-content\/uploads\/2025\/12\/eduardo-casanova_4045f6fd_251203003628_1200x668.webp.webp\" alt=\"Eduardo Casanova\" class=\"lazyload\" width=\"1200\" height=\"668\" data-aspectratio=\"1200\/668\"\/><\/p>\n<p>Eduardo Casanova ha promocionado su nueva serie de tres cap\u00edtulos, que se puede ver en Movistar +.<\/p>\n<p>&#13;RTVE<\/p>\n<p>La primera de ellas, se ha encargado el director de &#8216;Silencio&#8217; de hacerlo de manera f\u00e1cil y directa: \u00abTres cap\u00edtulos de 20 minutos cada uno, perfecto para verlos despu\u00e9s de &#8216;La Revuelta'\u00bb. Se trata de una comida surrealista y muy ligera, que Mar\u00eda Le\u00f3n ha definido como \u00abmuy divertida y con un humor muy inteligente\u00bb.\u00a0<\/p>\n<p>Entonces, David Broncano le ha preguntado si tambi\u00e9n se divirti\u00f3 mientras la grababa. Sin embargo, la respuesta no ha sido la misma: \u00abMe he divertido mucho vi\u00e9ndola, rod\u00e1ndola, no s\u00e9 yo&#8230;\u00bb. Algo que ha generado m\u00e1s curiosidad en el presentador, pero tras consultarlo con Eduardo Casanova, ha contado uno de los peores momentos que vivi\u00f3 durante el rodaje, y de ah\u00ed el motivo de su malestar.\u00a0<\/p>\n<p><img loading=\"lazy\" decoding=\"async\"   src=\"https:\/\/www.europesays.com\/es\/wp-content\/uploads\/2025\/12\/david-broncano-4_6df22127_251203002058_1200x675.webp.webp\" alt=\"David Broncano 4\" class=\"lazyload\" width=\"1200\" height=\"675\" data-aspectratio=\"1200\/675\"\/><\/p>\n<p>Mar\u00eda Le\u00f3n desvela en \u2018La Revuelta\u2019 su peor experiencia rodando con Eduardo Casanova: \u201cSalgo desnuda\u201d\u00a0<\/p>\n<p>&#13;<\/p>\n<p>\u00abYo hago un personaje que en dos escenas lo cuenta todo, de d\u00f3nde viene, qu\u00e9 le pasa, cu\u00e1les son sus problemas&#8230; Entonces, para contar tanto en tan poco tiempo, hab\u00eda que echarle co\u00f1*, literalmente. Pas\u00f3 en una escena muy punki en la que salgo desnuda meti\u00e9ndome un pic*, estoy con mi novia enamorad\u00edsima haciendo cosas, ya sabes&#8230;\u00bb, ha comenzado explicando Mar\u00eda Le\u00f3n.\u00a0<\/p>\n<p><img decoding=\"async\" src=\"https:\/\/www.europesays.com\/es\/wp-content\/uploads\/2025\/12\/shakira_8ce61096_251202144600_800x800.webp.webp\" alt=\"Shakira\" class=\"image lazyload\"\/><img loading=\"lazy\" decoding=\"async\" src=\"https:\/\/www.europesays.com\/es\/wp-content\/uploads\/2025\/12\/shakira_8ce61096_251202144605_1280x720.webp.webp\" alt=\"Shakira sorprende al lanzar un elogio a Gerard Piqu\u00e9 tras a\u00f1os de reproches: \u201cHay que decirlo\u201d\" class=\"image lazyload\" width=\"1280\" height=\"720\" data-aspectratio=\"1280\/720\"\/><\/p>\n<p>Pero algo completamente inesperado ocurri\u00f3 en esa escena, por lo que Eduardo Casanova tuvo que pedir que cortaran. Algo que le sent\u00f3 muy mal a la actriz, teniendo en cuenta la complejidad de ese momento, y que a ojos de ella todo estaba bien: \u00abYo estaba molesta, al ver que estaba t\u00e9cnicamente todo en su sitio, no entend\u00eda por qu\u00e9 paraban la escena. Y de repente escucho muy bajito, &#8216;la cuerda&#8217;, y miro para abajo, y era la cuerda del t\u00e1mpax que llevaba puesto. Tuve que met\u00e9rmela para dentro corriendo para que no se viera. Entonces, por eso, no s\u00e9 si me lo he pasado muy bien rodando\u00bb.\u00a0<\/p>\n<p>(Art\u00edculo en elaboraci\u00f3n)<\/p>\n","protected":false},"excerpt":{"rendered":"&#8216;La Revuelta&#8216; esta noche ha hecho doblete con sus invitados, primero, con un deportista de categor\u00eda como Boris&hellip;\n","protected":false},"author":2,"featured_media":268109,"comment_status":"","ping_status":"","sticky":false,"template":"","format":"standard","meta":{"footnotes":""},"categories":[171],"tags":[146,147,25,24,23,214],"class_list":{"0":"post-268108","1":"post","2":"type-post","3":"status-publish","4":"format-standard","5":"has-post-thumbnail","7":"category-tv","8":"tag-entertainment","9":"tag-entretenimiento","10":"tag-es","11":"tag-espana","12":"tag-spain","13":"tag-tv"},"share_on_mastodon":{"url":"","error":""},"_links":{"self":[{"href":"https:\/\/www.europesays.com\/es\/wp-json\/wp\/v2\/posts\/268108","targetHints":{"allow":["GET"]}}],"collection":[{"href":"https:\/\/www.europesays.com\/es\/wp-json\/wp\/v2\/posts"}],"about":[{"href":"https:\/\/www.europesays.com\/es\/wp-json\/wp\/v2\/types\/post"}],"author":[{"embeddable":true,"href":"https:\/\/www.europesays.com\/es\/wp-json\/wp\/v2\/users\/2"}],"replies":[{"embeddable":true,"href":"https:\/\/www.europesays.com\/es\/wp-json\/wp\/v2\/comments?post=268108"}],"version-history":[{"count":0,"href":"https:\/\/www.europesays.com\/es\/wp-json\/wp\/v2\/posts\/268108\/revisions"}],"wp:featuredmedia":[{"embeddable":true,"href":"https:\/\/www.europesays.com\/es\/wp-json\/wp\/v2\/media\/268109"}],"wp:attachment":[{"href":"https:\/\/www.europesays.com\/es\/wp-json\/wp\/v2\/media?parent=268108"}],"wp:term":[{"taxonomy":"category","embeddable":true,"href":"https:\/\/www.europesays.com\/es\/wp-json\/wp\/v2\/categories?post=268108"},{"taxonomy":"post_tag","embeddable":true,"href":"https:\/\/www.europesays.com\/es\/wp-json\/wp\/v2\/tags?post=268108"}],"curies":[{"name":"wp","href":"https:\/\/api.w.org\/{rel}","templated":true}]}}