{"id":268110,"date":"2025-12-03T00:26:16","date_gmt":"2025-12-03T00:26:16","guid":{"rendered":"https:\/\/www.europesays.com\/es\/268110\/"},"modified":"2025-12-03T00:26:16","modified_gmt":"2025-12-03T00:26:16","slug":"ariana-grande-y-su-renacimiento-artistico-mi-tiempo-con-glinda-y-la-actuacion-me-ayudaron-a-sanar-mi-relacion-con-la-musica","status":"publish","type":"post","link":"https:\/\/www.europesays.com\/es\/268110\/","title":{"rendered":"Ariana Grande y su renacimiento art\u00edstico: \u201cMi tiempo con Glinda y la actuaci\u00f3n me ayudaron a sanar mi relaci\u00f3n con la m\u00fasica\u201d"},"content":{"rendered":"<p>La artista comparti\u00f3 c\u00f3mo la improvisaci\u00f3n y la libertad creativa enriquecieron su experiencia en el rodaje de &#8216;Wicked&#8217; (Universal Pictures)<\/p>\n<p class=\"paragraph\">La reciente conversaci\u00f3n entre las reconocidas artistas <a href=\"https:\/\/www.infobae.com\/entretenimiento\/2025\/11\/27\/ariana-grande-revelo-historias-personales-su-relacion-con-cynthia-erivo-y-el-detras-de-escena-de-wicked\/\" target=\"_blank\" rel=\"noreferrer nofollow noopener\" title=\"https:\/\/www.infobae.com\/entretenimiento\/2025\/11\/27\/ariana-grande-revelo-historias-personales-su-relacion-con-cynthia-erivo-y-el-detras-de-escena-de-wicked\/\"><b>Ariana Grande<\/b><\/a> y <a href=\"https:\/\/www.infobae.com\/salud\/2025\/10\/25\/la-formula-de-nicole-kidman-a-los-58-anos-ejercicio-epico-para-gluteos-y-la-dieta-8020\/\" target=\"_blank\" rel=\"noreferrer nofollow noopener\" title=\"https:\/\/www.infobae.com\/salud\/2025\/10\/25\/la-formula-de-nicole-kidman-a-los-58-anos-ejercicio-epico-para-gluteos-y-la-dieta-8020\/\"><b>Nicole Kidman<\/b><\/a> \u2014publicada por Interview Magazine\u2014 ofreci\u00f3 una visi\u00f3n \u00edntima sobre el<b> proceso de transformaci\u00f3n personal y actoral <\/b>de la cantante.<\/p>\n<p class=\"paragraph\">En un di\u00e1logo virtual entre Nueva York y Nashville, la cantante y actriz de 32 a\u00f1os comparti\u00f3 con su colega Kidman c\u00f3mo reconstruy\u00f3 su sistema creativo, su <b>experiencia en el rodaje de <\/b><a href=\"https:\/\/www.infobae.com\/estados-unidos\/2025\/11\/25\/la-secuela-de-wicked-supera-los-226-millones-en-su-lanzamiento-mundial-y-logra-el-mayor-debut-para-un-musical\/\" target=\"_blank\" rel=\"noreferrer nofollow noopener\" title=\"https:\/\/www.infobae.com\/estados-unidos\/2025\/11\/25\/la-secuela-de-wicked-supera-los-226-millones-en-su-lanzamiento-mundial-y-logra-el-mayor-debut-para-un-musical\/\"><b>\u201cWicked\u201d<\/b><\/a> y la importancia del autocuidado y la vulnerabilidad en su vida.<\/p>\n<p class=\"paragraph\">En ese tono, la artista admiti\u00f3 el peso de la presi\u00f3n medi\u00e1tica y la exposici\u00f3n p\u00fablica sobre su carrera, y destac\u00f3 que la fama, especialmente en la juventud, puede resultar abrumadora: \u201cHe estado<b> sanando mi relaci\u00f3n con la m\u00fasica<\/b> y las giras en los \u00faltimos a\u00f1os.<b> Creo que mi tiempo con Glinda y la actuaci\u00f3n me ayud\u00f3 a construir la fuerza para poder hacerlo<\/b>\u201d.<\/p>\n<p><img alt=\"En la charla compartida por\" class=\"global-image\" decoding=\"async\" fetchpriority=\"low\" height=\"735\" loading=\"lazy\" src=\"https:\/\/www.europesays.com\/es\/wp-content\/uploads\/2025\/12\/Y7WH3YJ4I5BJZKZDYZSW3S566U.png\" width=\"466\"\/>En la charla compartida por Interview, Ariana Grande revel\u00f3 su proceso de sanaci\u00f3n y reinvenci\u00f3n creativa tras el \u00e9xito de su carrera pop (Portada Interview Magazine)<\/p>\n<p class=\"paragraph\">Durante la charla, Ariana Grande le confes\u00f3 a Nicole Kidman que su relaci\u00f3n con la m\u00fasica y las giras pas\u00f3 por un<b> proceso de sanaci\u00f3n y reinvenci\u00f3n<\/b>. \u201cPas\u00e9 mucho tiempo rehaciendo mi sistema en lo que respecta a la creaci\u00f3n de m\u00fasica\u201d, explic\u00f3.<\/p>\n<p class=\"paragraph\">Al referirse a su \u00faltimo trabajo, \u201cEternal Sunshine\u201d, la artista detall\u00f3: \u201cEso fue una experiencia muy diferente para m\u00ed. Creo que <b>el tiempo lejos de la m\u00fasica <\/b>me ayud\u00f3 a recuperar ciertas partes y a poner algunos sentimientos, que tal vez pertenec\u00edan a mi relaci\u00f3n con la fama o con las cosas que vienen con ser artista\u201d.<\/p>\n<p class=\"paragraph\">Tambi\u00e9n reconoci\u00f3 que el <b>\u00e9xito repentino<\/b> supuso un ajuste emocional considerable. \u201cHubo un periodo de adaptaci\u00f3n complicado al principio, cuando mi <b>carrera pop<\/b> despeg\u00f3 de la manera en que lo hizo. Y espero que esto no suene desagradecido, pero es un gran cambio cuando tu vida se transforma de forma tan dr\u00e1stica\u201d, relat\u00f3.<\/p>\n<p><img alt=\"En el intercambio con Nicole\" class=\"global-image\" decoding=\"async\" fetchpriority=\"low\" height=\"1891\" loading=\"lazy\" src=\"https:\/\/www.europesays.com\/es\/wp-content\/uploads\/2025\/12\/GLEITUTSDBHOVDP3LSEBI4XFTE.jpg\" width=\"3362\"\/>En el intercambio con Nicole Kidman, destacaron la importancia del autocuidado y la vulnerabilidad en la vida cotidiana (REUTERS)<\/p>\n<p class=\"paragraph\">La artista subray\u00f3 que, tras a\u00f1os de presi\u00f3n, aprendi\u00f3 a separar el amor por su arte de las exigencias externas: \u201cNo tengo que dejar de lado esto que amo. Puedo simplemente poner esas cosas aqu\u00ed y no perder de vista mis dones\u201d.<\/p>\n<p class=\"paragraph\">El regreso de Grande al teatro musical con \u201cWicked: For Good\u201d marc\u00f3 un punto de inflexi\u00f3n en su trayectoria. \u201cNo creo que haya forma de prepararse mentalmente para algo as\u00ed\u201d, admiti\u00f3 sobre el impacto del proyecto.<\/p>\n<p class=\"paragraph\">La improvisaci\u00f3n fue una parte fundamental del rodaje. \u201c<b>Hab\u00eda mucha improvisaci\u00f3n<\/b>, en realidad. Era muy divertido, porque primero nos aprend\u00edamos el guion al pie de la letra y luego pod\u00edamos jugar\u201d, record\u00f3.<\/p>\n<p><img alt=\"El regreso de Ariana Grande\" class=\"global-image\" decoding=\"async\" fetchpriority=\"low\" height=\"1079\" loading=\"lazy\" src=\"https:\/\/www.europesays.com\/es\/wp-content\/uploads\/2025\/12\/1764721574_17_4G3V2Q7RJ5DERIGJQQOA22GVKU.jpg\" width=\"1920\"\/>El regreso de Ariana Grande al teatro musical con &#8216;Wicked&#8217; marca un punto de inflexi\u00f3n en su trayectoria profesional (Universal Pictures)<\/p>\n<p class=\"paragraph\">A su vez, expres\u00f3 la admiraci\u00f3n por el elenco y la experiencia de compartir escena con figuras como <b>Robert De Niro<\/b> y <b>Ben Stiller<\/b> en el rodaje de la secuela de \u201cFocker In-Law\u201d, describiendo el ambiente como <b>\u201cuna experiencia muy especial\u201d<\/b>.<\/p>\n<p class=\"paragraph\">Sobre su v\u00ednculo con el teatro, rememor\u00f3 sus inicios: \u201cHice un show en Broadway cuando ten\u00eda 13 a\u00f1os. Era una chica del coro. Fue el entrenamiento m\u00e1s incre\u00edble y creo que ah\u00ed desarroll\u00e9 mi resistencia\u201d. Adem\u00e1s, la artista <b>no descart\u00f3 volver a los escenarios<\/b>: \u201cMe encantar\u00eda volver a estar sobre el escenario\u201d.<\/p>\n<p class=\"paragraph\">La presi\u00f3n medi\u00e1tica y la exposici\u00f3n p\u00fablica fueron temas recurrentes en la vida de la int\u00e9rprete. En la entrevista con Interview Magazine, la cantante reflexion\u00f3 sobre <b>el impacto de la fama<\/b>: \u201cLa presi\u00f3n persiste a veces, pero es importante poder pedirle que se retire un momento para hacer lo que se siente aut\u00e9ntico creativamente\u201d.<\/p>\n<p><img alt=\"La artista reflexion\u00f3 sobre el\" class=\"global-image\" decoding=\"async\" fetchpriority=\"low\" height=\"2084\" loading=\"lazy\" src=\"https:\/\/www.europesays.com\/es\/wp-content\/uploads\/2025\/12\/I4K72NZU2JF75LFS43BCWFDTSU.JPG\" width=\"3126\"\/>La artista reflexion\u00f3 sobre el impacto de la fama y la presi\u00f3n medi\u00e1tica en su salud mental y emocional (REUTERS)<\/p>\n<p class=\"paragraph\">Asimismo, reconoci\u00f3 que <b>la fama puede resultar abrumadora<\/b>, especialmente cuando se es joven. \u201cDe repente te ponen en una pecera y todo se analiza. Empiezas a sobrepensar, te asustas, te hieren, y luego piensas: \u2018Ahora no quiero salir. No quiero aventurarme en este mundo\u2019\u201d, revel\u00f3.<\/p>\n<p class=\"paragraph\">La artista estadounidense comparti\u00f3 su proceso de sanaci\u00f3n: \u201cHe estado sanando mi <b>relaci\u00f3n con la m\u00fasica y las giras<\/b> en los \u00faltimos a\u00f1os. Creo que mi tiempo con Glinda y la actuaci\u00f3n me ayud\u00f3 a construir la fuerza para poder hacerlo\u201d.<\/p>\n<p class=\"paragraph\">Abord\u00f3 tambi\u00e9n la importancia de la gratitud y el equilibrio emocional: \u201cCreo que la gratitud y los nervios son energ\u00edas que nos mantienen en movimiento. Son un gran combustible y una energ\u00eda maravillosa para seguir adelante\u201d.<\/p>\n<p><img alt=\"La charla con Nicole Kidman\" class=\"global-image\" decoding=\"async\" fetchpriority=\"low\" height=\"3680\" loading=\"lazy\" src=\"https:\/\/www.europesays.com\/es\/wp-content\/uploads\/2025\/12\/ES76S6DMV2L2CGBCQRUF3WUTII.jpg\" width=\"5098\"\/>La charla con Nicole Kidman resalta la importancia de la amistad y la autenticidad en el entorno art\u00edstico y creativo (REUTERS)<\/p>\n<p class=\"paragraph\">La conversaci\u00f3n, difundida por Interview Magazine, deriv\u00f3 en una reflexi\u00f3n sobre la disciplina art\u00edstica y el valor de la amistad en el trabajo creativo. Grande expres\u00f3 su admiraci\u00f3n por la relaci\u00f3n de Kidman con sus compa\u00f1eras de reparto y la importancia de <b>sentirse protegida y segura en el entorno laboral<\/b>: \u201cEs un regalo especial amar a tu elenco y sentirte seguro con tus compa\u00f1eros de escena\u201d.<\/p>\n<p class=\"paragraph\">Ambas coincidieron en la necesidad de mantener la autenticidad y la libertad creativa, incluso bajo la mirada p\u00fablica. <b>\u201cHay una verdadera libertad en eso\u201d<\/b>, se\u00f1al\u00f3 Kidman sobre la posibilidad de experimentar y fallar en el arte. Mientras que la cantante a\u00f1adi\u00f3: \u201cEsa presi\u00f3n persiste a veces, pero es importante poder pedirle que se retire un momento para hacer lo que se siente aut\u00e9ntico creativamente\u201d.<\/p>\n<p class=\"paragraph\">La charla concluy\u00f3 con un reconocimiento mutuo sobre la capacidad de los artistas para canalizar emociones profundas a trav\u00e9s de su trabajo. Ariana Grande, visiblemente emocionada, agradeci\u00f3 el apoyo y la inspiraci\u00f3n de Nicole Kidman, quien le record\u00f3 el valor de compartir y expresar todas las facetas de la experiencia humana a trav\u00e9s del arte.<\/p>\n","protected":false},"excerpt":{"rendered":"La artista comparti\u00f3 c\u00f3mo la improvisaci\u00f3n y la libertad creativa enriquecieron su experiencia en el rodaje de &#8216;Wicked&#8217;&hellip;\n","protected":false},"author":2,"featured_media":268111,"comment_status":"","ping_status":"","sticky":false,"template":"","format":"standard","meta":{"footnotes":""},"categories":[170],"tags":[231,3118,5797,146,147,25,24,184,185,3119,23],"class_list":{"0":"post-268110","1":"post","2":"type-post","3":"status-publish","4":"format-standard","5":"has-post-thumbnail","7":"category-musica","8":"tag-arts","9":"tag-arts-culture-entertainment","10":"tag-culture","11":"tag-entertainment","12":"tag-entretenimiento","13":"tag-es","14":"tag-espana","15":"tag-music","16":"tag-musica","17":"tag-north-america","18":"tag-spain"},"share_on_mastodon":{"url":"https:\/\/pubeurope.com\/@es\/115652802185850029","error":""},"_links":{"self":[{"href":"https:\/\/www.europesays.com\/es\/wp-json\/wp\/v2\/posts\/268110","targetHints":{"allow":["GET"]}}],"collection":[{"href":"https:\/\/www.europesays.com\/es\/wp-json\/wp\/v2\/posts"}],"about":[{"href":"https:\/\/www.europesays.com\/es\/wp-json\/wp\/v2\/types\/post"}],"author":[{"embeddable":true,"href":"https:\/\/www.europesays.com\/es\/wp-json\/wp\/v2\/users\/2"}],"replies":[{"embeddable":true,"href":"https:\/\/www.europesays.com\/es\/wp-json\/wp\/v2\/comments?post=268110"}],"version-history":[{"count":0,"href":"https:\/\/www.europesays.com\/es\/wp-json\/wp\/v2\/posts\/268110\/revisions"}],"wp:featuredmedia":[{"embeddable":true,"href":"https:\/\/www.europesays.com\/es\/wp-json\/wp\/v2\/media\/268111"}],"wp:attachment":[{"href":"https:\/\/www.europesays.com\/es\/wp-json\/wp\/v2\/media?parent=268110"}],"wp:term":[{"taxonomy":"category","embeddable":true,"href":"https:\/\/www.europesays.com\/es\/wp-json\/wp\/v2\/categories?post=268110"},{"taxonomy":"post_tag","embeddable":true,"href":"https:\/\/www.europesays.com\/es\/wp-json\/wp\/v2\/tags?post=268110"}],"curies":[{"name":"wp","href":"https:\/\/api.w.org\/{rel}","templated":true}]}}