{"id":268114,"date":"2025-12-03T00:28:35","date_gmt":"2025-12-03T00:28:35","guid":{"rendered":"https:\/\/www.europesays.com\/es\/268114\/"},"modified":"2025-12-03T00:28:35","modified_gmt":"2025-12-03T00:28:35","slug":"los-poderes-especiales-que-tendria-el-var-durante-el-mundial-2026-en-los-corners-y-las-segundas-amarillas","status":"publish","type":"post","link":"https:\/\/www.europesays.com\/es\/268114\/","title":{"rendered":"Los \u201cpoderes especiales\u201d que tendr\u00eda el VAR durante el Mundial 2026 en los c\u00f3rners y las segundas amarillas"},"content":{"rendered":"<p><img alt=\"Se avecinan cambios importantes en\" class=\"global-image\" decoding=\"async\" fetchpriority=\"high\" height=\"3646\" loading=\"eager\" src=\"https:\/\/www.europesays.com\/es\/wp-content\/uploads\/2025\/12\/FAACIY4M2BXPWN3LRKXIRK3DXQ.jpg\" width=\"5513\"\/>Se avecinan cambios importantes en el VAR para la Copa del Mundo 2026  (Reuters\/Paul Childs)<\/p>\n<p class=\"paragraph\">La <b>Copa Mundial de 2026<\/b> podr\u00eda contar con modificaciones pioneras en la <b>Asistencia Arbitral por Video (VAR)<\/b>: analizan incluir <b>intervenciones en jugadas de c\u00f3rner y en la revisi\u00f3n de las segundas tarjetas amarillas<\/b>.Seg\u00fan lo revelado por el diario brit\u00e1nico The Times, la FIFA recibi\u00f3 la aprobaci\u00f3n para ensayar estos nuevos poderes de forma exclusiva durante el torneo que tendr\u00e1 lugar en Estados Unidos, M\u00e9xico y Canad\u00e1 el pr\u00f3ximo a\u00f1o.<\/p>\n<p class=\"paragraph\">El periodista Martyn Ziegler asegur\u00f3 que la FIFA recibi\u00f3 una exenci\u00f3n y que tendr\u00e1 \u201cpoderes especiales\u201d durante la Copa del Mundo que comenzar\u00e1 el 11 de junio del 2026 en el Estadio Azteca de M\u00e9xico. Estas medidas, que ser\u00e1n de car\u00e1cter experimental, otorgar\u00edan al VAR la posibilidad de intervenir cuando se conceda un tiro de esquina de manera incorrecta o cuando un futbolista est\u00e9 a punto de ser expulsado tras recibir una segunda amonestaci\u00f3n.<\/p>\n<p class=\"paragraph\">\u201cSu argumento es que en un Mundial, donde hay tanto en juego, <b>necesitan ser lo m\u00e1s precisos posible en decisiones que puedan cambiar el partido<\/b> y ser\u00eda un problema serio si, por ejemplo, un c\u00f3rner concedido por error o una segunda tarjeta amarilla alteraran el resultado de la final del Mundial\u201d, detall\u00f3 el citado medio sobre los argumentos detr\u00e1s de esta prueba<\/p>\n<p class=\"paragraph\">La implementaci\u00f3n de cambios en el protocolo corresponder\u00e1 a un permiso especial por parte de la International Football Association Board (IFAB), el organismo que rige las reglas del f\u00fatbol a nivel global. Esta flexibilidad regulatoria le permitir\u00eda a la FIFA ensayar herramientas que, por ahora, no se incluir\u00e1n en otras competencias relevantes. <\/p>\n<p><img alt=\"En el Mundial, el VAR\" class=\"global-image\" decoding=\"async\" fetchpriority=\"low\" height=\"1506\" loading=\"lazy\" src=\"https:\/\/www.europesays.com\/es\/wp-content\/uploads\/2025\/12\/A23I37ZA3FKTUYYQ3TU7HHV2VQ.jpg\" width=\"2193\"\/>En el Mundial, el VAR controlar\u00e1 los c\u00f3rners y las expulsiones por doble amarilla (REUTERS\/Stringer)<\/p>\n<p class=\"paragraph\">Los nuevos alcances del VAR buscan reducir los errores claves en instancias eliminatorias y partidos decisivos. Con el VAR autorizado para analizar si un c\u00f3rner fue concedido de manera injusta o si una segunda amarilla realmente amerita la expulsi\u00f3n, se pretende otorgar m\u00e1s justicia efectivamente sin desnaturalizar el ritmo del juego. <\/p>\n<p class=\"paragraph\">Hasta ahora, <b>los protocolos permit\u00edan la intervenci\u00f3n del VAR solo en ciertos tipos de jugadas: goles, penales, tarjetas rojas directas y errores de identidad.<\/b> <\/p>\n<p class=\"paragraph\">La ampliaci\u00f3n de facultades incluye tambi\u00e9n la revisi\u00f3n de las segundas tarjetas amarillas, una de las prioridades de la agenda de la pr\u00f3xima reuni\u00f3n de la IFAB en enero. Este tema cuenta con amplio consenso entre las partes. El objetivo es que sea posible confirmar que una expulsi\u00f3n por doble amarilla es plenamente justificada antes de que el equipo quede en desventaja num\u00e9rica en partidos trascendentales.<\/p>\n<p class=\"paragraph\">En contraste, la aplicaci\u00f3n del VAR a las jugadas de c\u00f3rner genera opiniones divididas. The Times detalla que la UEFA, ente rector del f\u00fatbol europeo, se opone abiertamente a que se incluya en el protocolo est\u00e1ndar del VAR, fundamentalmente por el riesgo de que se incrementen los retrasos en el ritmo de juego. \u201c<b>La introducci\u00f3n de la facultad del VAR para los saques de esquina es mucho m\u00e1s controvertida debido al probable aumento de retrasos<\/b>, y se entiende que la UEFA se opone rotundamente a su introducci\u00f3n en el protocolo general del VAR\u201d, reconoci\u00f3 el periodista en el diario ingl\u00e9s. Los miembros de la IFAB buscan asegurarse de que ninguna expansi\u00f3n del uso del VAR prolongue excesivamente las pausas, y exigen que las decisiones sean tomadas en unos pocos segundos.<\/p>\n<p><img alt=\"El VAR tendr\u00e1 m\u00e1s poder\" class=\"global-image\" decoding=\"async\" fetchpriority=\"low\" height=\"3853\" loading=\"lazy\" src=\"https:\/\/www.europesays.com\/es\/wp-content\/uploads\/2025\/12\/NMEYUBVCJ5MEIJ6EHG3X7UKWJE.jpg\" width=\"5779\"\/>El VAR tendr\u00e1 m\u00e1s poder que en el Mundial de Qatar 2022 (REUTERS\/Carl Recine)<\/p>\n<p class=\"paragraph\">La lista de posibles ajustes no se limita exclusivamente al VAR. Por ejemplo, en la <b>Copa \u00c1rabe que se disputa en Qatar<\/b>, se est\u00e1 ensayando una regla cuyo objetivo es combatir el fingimiento de lesiones: <a rel=\"noopener noreferrer nofollow\" href=\"https:\/\/www.infobae.com\/deportes\/2025\/11\/29\/la-nueva-regla-anti-simulacion-que-impulsara-la-fifa-para-aumentar-el-tiempo-de-juego-cuando-se-pondra-en-marcha\/\" target=\"_blank\" title=\"https:\/\/www.infobae.com\/deportes\/2025\/11\/29\/la-nueva-regla-anti-simulacion-que-impulsara-la-fifa-para-aumentar-el-tiempo-de-juego-cuando-se-pondra-en-marcha\/\"><b>cualquier jugador que reciba atenci\u00f3n m\u00e9dica debe salir del campo durante dos minutos, salvo que la infracci\u00f3n fuera sancionada con una tarjeta<\/b><\/a>. Esta iniciativa, tambi\u00e9n promovida por la FIFA, apunta a limitar la p\u00e9rdida de tiempo y las interrupciones deliberadas. <\/p>\n<p class=\"paragraph\">Adem\u00e1s, ha cobrado impulso una reforma en la regla del penal: <a rel=\"noopener noreferrer nofollow\" href=\"https:\/\/www.infobae.com\/deportes\/2025\/08\/02\/penales-sin-rebote-var-ampliado-y-mas-pausas-de-hidratacion-los-cambios-en-estudio-para-el-proximo-mundial\/\" target=\"_blank\" title=\"https:\/\/www.infobae.com\/deportes\/2025\/08\/02\/penales-sin-rebote-var-ampliado-y-mas-pausas-de-hidratacion-los-cambios-en-estudio-para-el-proximo-mundial\/\"><b>si el arquero ataja el disparo, la jugada quedar\u00eda autom\u00e1ticamente finalizada<\/b>, sin opci\u00f3n para que el atacante remate en la segunda jugada tras el rebote<\/a>. Algunos defensores de la medida argumentan que el equipo favorecido por el penal ya cuenta con la suficiente ventaja posicional.<\/p>\n<p class=\"paragraph\">En el \u00e1mbito del fuera de juego, los cambios que la IFAB analiza no se implementar\u00e1n en la Copa Mundial de 2026, aunque se perfilan novedades para el periodo posterior a la cita en Estados Unidos, M\u00e9xico y Canad\u00e1. Una de las variantes m\u00e1s avanzadas sugiere que se sancionar\u00e1 al atacante solo si cualquier parte del torso \u2014y no la cabeza o el pie\u2014 rebasa al defensor, aunque las primeras pruebas muestran que el beneficio para el atacante ser\u00eda considerable, afectando t\u00e1cticas y estrategias. \u201cEs probable que esto ocurra dentro de dos a\u00f1os, y se requerir\u00e1n pruebas formales\u201d, advirtieron en The Times.<\/p>\n<p class=\"paragraph\">La IFAB est\u00e1 integrada por las cuatro federaciones brit\u00e1nicas, con un voto cada una, y la FIFA, que ostenta cuatro votos. Se requieren seis de los ocho votos para aprobar cualquier modificaci\u00f3n en las reglas del juego. <\/p>\n","protected":false},"excerpt":{"rendered":"Se avecinan cambios importantes en el VAR para la Copa del Mundo 2026 (Reuters\/Paul Childs) La Copa Mundial&hellip;\n","protected":false},"author":2,"featured_media":268115,"comment_status":"","ping_status":"","sticky":false,"template":"","format":"standard","meta":{"footnotes":""},"categories":[93],"tags":[168,25,24,2148,23,167],"class_list":{"0":"post-268114","1":"post","2":"type-post","3":"status-publish","4":"format-standard","5":"has-post-thumbnail","7":"category-deportes","8":"tag-deportes","9":"tag-es","10":"tag-espana","11":"tag-middle-east","12":"tag-spain","13":"tag-sports"},"share_on_mastodon":{"url":"https:\/\/pubeurope.com\/@es\/115652808438745875","error":""},"_links":{"self":[{"href":"https:\/\/www.europesays.com\/es\/wp-json\/wp\/v2\/posts\/268114","targetHints":{"allow":["GET"]}}],"collection":[{"href":"https:\/\/www.europesays.com\/es\/wp-json\/wp\/v2\/posts"}],"about":[{"href":"https:\/\/www.europesays.com\/es\/wp-json\/wp\/v2\/types\/post"}],"author":[{"embeddable":true,"href":"https:\/\/www.europesays.com\/es\/wp-json\/wp\/v2\/users\/2"}],"replies":[{"embeddable":true,"href":"https:\/\/www.europesays.com\/es\/wp-json\/wp\/v2\/comments?post=268114"}],"version-history":[{"count":0,"href":"https:\/\/www.europesays.com\/es\/wp-json\/wp\/v2\/posts\/268114\/revisions"}],"wp:featuredmedia":[{"embeddable":true,"href":"https:\/\/www.europesays.com\/es\/wp-json\/wp\/v2\/media\/268115"}],"wp:attachment":[{"href":"https:\/\/www.europesays.com\/es\/wp-json\/wp\/v2\/media?parent=268114"}],"wp:term":[{"taxonomy":"category","embeddable":true,"href":"https:\/\/www.europesays.com\/es\/wp-json\/wp\/v2\/categories?post=268114"},{"taxonomy":"post_tag","embeddable":true,"href":"https:\/\/www.europesays.com\/es\/wp-json\/wp\/v2\/tags?post=268114"}],"curies":[{"name":"wp","href":"https:\/\/api.w.org\/{rel}","templated":true}]}}