{"id":268120,"date":"2025-12-03T00:32:09","date_gmt":"2025-12-03T00:32:09","guid":{"rendered":"https:\/\/www.europesays.com\/es\/268120\/"},"modified":"2025-12-03T00:32:09","modified_gmt":"2025-12-03T00:32:09","slug":"adios-a-la-funda-del-movil-la-nueva-tendencia-que-hace-que-ya-sean-cosa-de-pasado","status":"publish","type":"post","link":"https:\/\/www.europesays.com\/es\/268120\/","title":{"rendered":"Adi\u00f3s a la funda del m\u00f3vil, la nueva tendencia que hace que ya sean cosa de pasado"},"content":{"rendered":"<p class=\"c-paragraph\">El m\u00f3vil se ha convertido en una herramienta imprescindible para millones de personas con un <a href=\"https:\/\/computerhoy.20minutos.es\/software\/windows-10-contra-viento-marea-1-000-millones-ordenadores-se-niegan-cambiar-windows-11-eso-es-un-grave-problema_6905312_0.html\" title=\"Windows 10 contra viento y marea: 1.000 millones de ordenadores se niegan a cambiar a Windows 11 y eso es un grave problema\" rel=\"nofollow noopener\" target=\"_blank\">tiempo de uso<\/a> que llega a rozar las 8 horas diarias en el peor de los casos. Los usuarios lo tienen claro ahora, las fundas son algo del pasado.<\/p>\n<p class=\"c-paragraph\">Los expertos han demostrado que esta tendencia tan de moda apenas una d\u00e9cada atr\u00e1s empieza a desaparecer. <b>Cada vez se ven menos m\u00f3viles sin las t\u00edpicas fundas de silicona, los fabricantes tienen la explicaci\u00f3n.<\/b><\/p>\n<p>Adi\u00f3s definitivo a las fundas de los m\u00f3viles<\/p>\n<p class=\"c-paragraph\">La desaparici\u00f3n progresiva de las fundas de los m\u00f3viles podr\u00eda ser una cuesti\u00f3n de tiempo. Thomas Germain, periodista y experto en tecnolog\u00eda de la BBC, <b>ha realizado un experimento para comprobar si este objeto es realmente \u00fatil para los dispositivos.<\/b><\/p>\n<p class=\"c-paragraph\">Germain ha utilizado su m\u00f3vil durante 30 d\u00edas sin ning\u00fan tipo de funda para protegerlo. El resultado le ha sorprendido: no presenta da\u00f1os a pesar de haber sufrido varios golpes y ca\u00eddas durante el mes del <a href=\"https:\/\/www.bbc.com\/future\/article\/20250410-why-your-phone-doesnt-need-a-case-anymore?ocid=fbfut\" rel=\"nofollow noreferrer noopener\" target=\"_blank\">experimento<\/a>.<\/p>\n<p class=\"c-paragraph\">El experto en tecnolog\u00eda ha demostrado algo que empieza a ser habitual. Los m\u00f3viles son cada vez m\u00e1s resistentes con tecnolog\u00edas como Gorilla Glass o el cristal frontal Ceramic Shield que emplea <a href=\"https:\/\/computerhoy.20minutos.es\/tecnologia\/jefe-ia-apple-dimite-por-retraso-siri-integrar-inteligencia-artificial_6905275_0.html\" title=\"Tim Cook releva al jefe de IA de Apple por el retraso de Siri en integrar la inteligencia artificial\" rel=\"nofollow noopener\" target=\"_blank\">Apple<\/a> para las \u00faltimas generaciones de <a href=\"https:\/\/computerhoy.20minutos.es\/moviles\/mas-caro-que-todos-los-electrodomesticos-tu-cocina-primer-telefono-plegable-apple-iphone-fold-asusta-por-su-alto-precio_6903713_0.html\" title=\"&quot;M\u00e1s caro que todos los electrodom\u00e9sticos de tu cocina&quot; El primer tel\u00e9fono plegable de Apple, el iPhone Fold, asusta por su alto precio\" rel=\"nofollow noopener\" target=\"_blank\">iPhone<\/a>.<\/p>\n<p class=\"c-paragraph\">Si los m\u00f3viles se caen al suelo desde una altura menor de dos metros, <b>probablemente no se van a romper, apenas tendr\u00edan algunos rasgu\u00f1os en el peor de los casos. <\/b>No llevar funda ha dejado de ser un riesgo, aunque muchos usuarios a\u00fan prefieren ser precavidos.<\/p>\n<p>Las fundas tienen m\u00e1s inconvenientes que ventajas<\/p>\n<p class=\"c-paragraph\">Las fundas no tardaron en popularizarse con la llegada de los primeros m\u00f3viles con pantalla t\u00e1ctil, pero la realidad es diferente con modelos con acabados m\u00e1s resistentes. Estos objetos han terminado siendo un inconveniente para muchos usuarios con una larga lista de puntos en contra.<\/p>\n<p class=\"c-paragraph\">Las carcasas contribuyen al <a href=\"https:\/\/computerhoy.20minutos.es\/tendencias\/jose-angel-cuadrado-experto-tecnologia-es-uno-los-errores-mas-comunes-con-movil-llevamos-bateria-un-estado-maxima-tension_6899490_0.html\" title=\"Jos\u00e9 \u00c1ngel Cuadrado, experto en tecnolog\u00eda: &quot;Es uno de los errores m\u00e1s comunes con el m\u00f3vil, llevamos la bater\u00eda a un estado de m\u00e1xima tensi\u00f3n&quot;\" rel=\"nofollow noopener\" target=\"_blank\">sobrecalentamiento del m\u00f3vil<\/a>, algo que es a\u00fan m\u00e1s notable en los modelos antiguos. Adem\u00e1s, las fundas\u00a0<b>a\u00f1aden peso y unos mil\u00edmetros adicionales a unos dispositivos que son cada vez m\u00e1s grandes.<\/b> Esto puede marcar la diferencia entre entrar o no en un bolsillo de un pantal\u00f3n.<\/p>\n<p class=\"c-paragraph\">Thomas Germain explica que tambi\u00e9n es una cuesti\u00f3n de moda y estatus. Los usuarios <b>empiezan a prescindir de la funda como una forma de demostrar que no tienen miedo a da\u00f1ar el m\u00f3vil<\/b>, pueden permitirse otro.<\/p>\n<p class=\"c-paragraph\">Las fundas de los m\u00f3viles tambi\u00e9n ocultan en cierta manera el color de la carcasa, incluso los modelos transparentes. Adem\u00e1s, afecta en la experiencia al utilizar el tel\u00e9fono, los usuarios intentan evitar la textura del pl\u00e1stico.<\/p>\n<p class=\"c-paragraph\">A esto se suma la mayor rapidez con la que muchos cambian de modelo. Los usuarios se cansan m\u00e1s r\u00e1pido de versiones antiguas y deciden <a href=\"https:\/\/computerhoy.20minutos.es\/moviles\/por-primera-vez-14-anos-apple-supera-samsung-como-primer-vendedor-moviles-demuestra-que-los-usuarios-pasan-ia_6903295_0.html\" title=\"Por primera vez en 14 a\u00f1os Apple supera a Samsung como primer fabricante de m\u00f3viles, y demuestra que los usuarios pasan de la IA\" rel=\"nofollow noopener\" target=\"_blank\">comprar un m\u00f3vil\u00a0nuevo<\/a>, por lo que no quieren invertir en una funda, es una cuesti\u00f3n de practicidad.<\/p>\n","protected":false},"excerpt":{"rendered":"El m\u00f3vil se ha convertido en una herramienta imprescindible para millones de personas con un tiempo de uso&hellip;\n","protected":false},"author":2,"featured_media":268121,"comment_status":"","ping_status":"","sticky":false,"template":"","format":"standard","meta":{"footnotes":""},"categories":[81],"tags":[6831,119,123,124,25,24,66112,10540,795,117,121,122,23,118,120,28577],"class_list":{"0":"post-268120","1":"post","2":"type-post","3":"status-publish","4":"format-standard","5":"has-post-thumbnail","7":"category-ciencia-y-tecnologia","8":"tag-adios","9":"tag-ciencia","10":"tag-ciencia-y-tecnologia","11":"tag-cienciaytecnologia","12":"tag-es","13":"tag-espana","14":"tag-funda","15":"tag-movil","16":"tag-nueva","17":"tag-science","18":"tag-science-and-technology","19":"tag-scienceandtechnology","20":"tag-spain","21":"tag-technology","22":"tag-tecnologia","23":"tag-tendencia"},"share_on_mastodon":{"url":"https:\/\/pubeurope.com\/@es\/115652823910894219","error":""},"_links":{"self":[{"href":"https:\/\/www.europesays.com\/es\/wp-json\/wp\/v2\/posts\/268120","targetHints":{"allow":["GET"]}}],"collection":[{"href":"https:\/\/www.europesays.com\/es\/wp-json\/wp\/v2\/posts"}],"about":[{"href":"https:\/\/www.europesays.com\/es\/wp-json\/wp\/v2\/types\/post"}],"author":[{"embeddable":true,"href":"https:\/\/www.europesays.com\/es\/wp-json\/wp\/v2\/users\/2"}],"replies":[{"embeddable":true,"href":"https:\/\/www.europesays.com\/es\/wp-json\/wp\/v2\/comments?post=268120"}],"version-history":[{"count":0,"href":"https:\/\/www.europesays.com\/es\/wp-json\/wp\/v2\/posts\/268120\/revisions"}],"wp:featuredmedia":[{"embeddable":true,"href":"https:\/\/www.europesays.com\/es\/wp-json\/wp\/v2\/media\/268121"}],"wp:attachment":[{"href":"https:\/\/www.europesays.com\/es\/wp-json\/wp\/v2\/media?parent=268120"}],"wp:term":[{"taxonomy":"category","embeddable":true,"href":"https:\/\/www.europesays.com\/es\/wp-json\/wp\/v2\/categories?post=268120"},{"taxonomy":"post_tag","embeddable":true,"href":"https:\/\/www.europesays.com\/es\/wp-json\/wp\/v2\/tags?post=268120"}],"curies":[{"name":"wp","href":"https:\/\/api.w.org\/{rel}","templated":true}]}}