{"id":268126,"date":"2025-12-03T00:35:19","date_gmt":"2025-12-03T00:35:19","guid":{"rendered":"https:\/\/www.europesays.com\/es\/268126\/"},"modified":"2025-12-03T00:35:19","modified_gmt":"2025-12-03T00:35:19","slug":"donde-durmio-daniel-la-primera-noche-en-tailandia","status":"publish","type":"post","link":"https:\/\/www.europesays.com\/es\/268126\/","title":{"rendered":"\u00bfd\u00f3nde durmi\u00f3 Daniel la primera noche en Tailandia?"},"content":{"rendered":"<p style=\"\">M\u00e1s de un a\u00f1o despu\u00e9s del asesinato de <a href=\"https:\/\/www.abc.es\/gente\/familia-arrieta-acepta-cadena-perpetua-daniel-sancho-20250314130634-nt.html\" target=\"_self\" data-voc-vtm-id=\"in-text-traffic\" title=\"Edwin Arrieta\" data-mrf-link=\"www.abc.es\" rel=\"nofollow noopener\">Edwin Arrieta<\/a> en Koh Phangan, un detalle m\u00ednimo vuelve a agitar la investigaci\u00f3n paralela que Joaqu\u00edn Campos mantiene desde Tailandia. El escritor malague\u00f1o regres\u00f3 hace unas semanas a Koh Samui para revisar documentos, visitar escenarios y  &#8230; cerrar flecos que, en su opini\u00f3n, han pasado desapercibidos desde que el crimen sali\u00f3 a la luz. Y uno de ellos se ha convertido en su mayor obsesi\u00f3n: d\u00f3nde pas\u00f3 <a href=\"https:\/\/www.abc.es\/gente\/daniel-sancho-defensa-presenta-recurso-cadena-perpetua-20250327114040-nt.html\" target=\"_self\" data-voc-vtm-id=\"in-text-traffic\" title=\"Daniel Sancho\" data-mrf-link=\"www.abc.es\" rel=\"nofollow noopener\">Daniel Sancho<\/a> la noche que lleg\u00f3 a Bangkok.<\/p>\n<p class=\"voc-p\" style=\"\">El hijo de Rodolfo Sancho y Silvia Bronchalo aterriz\u00f3 en el aeropuerto de Suvarnabhumi el 30 de julio de 2023. Un d\u00eda despu\u00e9s, el 31, ya estaba rumbo a Koh Samui para enlazar con Koh Phangan, donde el 2 de agosto se reencontr\u00f3 con Arrieta y termin\u00f3 cometiendo el crimen en el bungalow n\u00famero 6 del Haad Salad Villa. La cronolog\u00eda oficial siempre ha arrancado ah\u00ed. Pero falta una pieza.<\/p>\n<p class=\"voc-p\" style=\"\">Campos lo resume en una pregunta sencilla: \u00ab\u00bfD\u00f3nde durmi\u00f3 Daniel Sancho la noche que lleg\u00f3 a Bangkok?\u00bb. Su v\u00edctima lo hizo en un hotel de la cadena Marriott, donde qued\u00f3 registrado. En el caso de Sancho,<strong> no hay rastro<\/strong>. Ni en el sumario, ni en los movimientos hoteleros, ni en los documentos que el escritor asegura haber revisado. \u00abO no durmi\u00f3, o se hosped\u00f3 en una casa de masajes, donde no piden pasaporte, o estuvo en casa de alguien\u00bb, plantea en una de sus \u00faltimas publicaciones.<\/p>\n<p class=\"voc-p\" style=\"\">El dato no es menor, sostiene, en un pa\u00eds donde cada alojamiento exige identificaci\u00f3n y queda registrado en un sistema oficial. Por eso, le sorprende que ning\u00fan documento recoja ese movimiento inicial. \u00abEn la secuencia de hechos, Daniel llega el 30 a Bangkok y el 31 a Koh Samui. Entre medias tuvo que pernoctar en alg\u00fan sitio. \u00bfD\u00f3nde? No existe en el sumario\u00bb, se\u00f1ala. Insiste en que no necesariamente significa nada, pero tampoco lo descarta.<\/p>\n<p><img decoding=\"async\" loading=\"lazy\" src=\"https:\/\/www.europesays.com\/es\/wp-content\/uploads\/2025\/12\/defensa-marcos-daniel-sancho-U43303888052cmG-760x427@diario_abc.jpg\" class=\"voc-img\" width=\"760\" height=\"427\" alt=\"Abogados de Daniel Sancho en Tailandia\" data-voc-vtm-id=\"in-text-traffic\"\/><\/p>\n<p>Abogados de Daniel Sancho en Tailandia<\/p>\n<p>GTRES<\/p>\n<p class=\"voc-p\" style=\"\">Descartar que hiciera noche sin dormir tambi\u00e9n le parece poco veros\u00edmil. Campos recuerda que Sancho aterriz\u00f3 tras un vuelo de muchas horas y que, por entonces, \u00abten\u00eda dinero facilitado por Edwin Arrieta\u00bb, por lo que no habr\u00eda tenido motivos para quedarse en el aeropuerto. Tampoco encaja que pasara all\u00ed toda la madrugada sin dejar constancia.<strong> \u00abSe ha quedado invisible\u00bb,<\/strong> lamenta.<\/p>\n<p class=\"voc-p\" style=\"\">Mientras tanto, la situaci\u00f3n procesal de Daniel Sancho permanece congelada. Fue condenado a <strong>cadena perpetua<\/strong> el 29 de agosto de 2024, ha sido trasladado varias veces de prisi\u00f3n y su defensa present\u00f3 hace meses un recurso que a\u00fan espera resoluci\u00f3n. <strong>No hay fecha para un desenlace.<\/strong><\/p>\n<p><img decoding=\"async\" loading=\"lazy\" src=\"https:\/\/www.europesays.com\/es\/wp-content\/uploads\/2025\/12\/daniel-sancho-tailandia-U35146606676TQI-760x427@diario_abc.jpg\" class=\"voc-img\" width=\"760\" height=\"427\" alt=\"El detalle que no cuadra en el caso Sancho: \u00bfd\u00f3nde durmi\u00f3 Daniel la primera noche en Tailandia?\" data-voc-vtm-id=\"in-text-traffic\"\/><\/p>\n<p>EFE<\/p>\n<p class=\"voc-p\" style=\"\">Campos, que contin\u00faa investigando por su cuenta, asegura tener nuevos datos que no puede revelar. \u00abLo que me han contado abrir\u00eda telediarios\u00bb, afirma, aunque evita aportar m\u00e1s detalles por las consecuencias legales que, seg\u00fan dice, tendr\u00eda compartir esa informaci\u00f3n.<\/p>\n<p class=\"voc-p\" style=\"\">Por ahora, su foco sigue puesto en un vac\u00edo de doce horas que nadie ha explicado. Una noche sin registro en un pa\u00eds donde todo queda anotado. Una inc\u00f3gnita que, para \u00e9l, sigue sin encajar en la versi\u00f3n oficial.<\/p>\n","protected":false},"excerpt":{"rendered":"M\u00e1s de un a\u00f1o despu\u00e9s del asesinato de Edwin Arrieta en Koh Phangan, un detalle m\u00ednimo vuelve a&hellip;\n","protected":false},"author":2,"featured_media":268127,"comment_status":"","ping_status":"","sticky":false,"template":"","format":"standard","meta":{"footnotes":""},"categories":[8],"tags":[17,18,66113,2943,24886,19974,25,24,13,14,11,19,20,9,193,10,15,16,1078,9221,23,2066,12,21,22],"class_list":{"0":"post-268126","1":"post","2":"type-post","3":"status-publish","4":"format-standard","5":"has-post-thumbnail","7":"category-espana","8":"tag-breaking-news","9":"tag-breakingnews","10":"tag-cuadra","11":"tag-daniel","12":"tag-detalle","13":"tag-durmio","14":"tag-es","15":"tag-espana","16":"tag-featured-news","17":"tag-featurednews","18":"tag-headlines","19":"tag-latest-news","20":"tag-latestnews","21":"tag-news","22":"tag-noche","23":"tag-noticias","24":"tag-noticias-destacadas","25":"tag-noticiasdestacadas","26":"tag-primera","27":"tag-sancho","28":"tag-spain","29":"tag-tailandia","30":"tag-titulares","31":"tag-ultimas-noticias","32":"tag-ultimasnoticias"},"share_on_mastodon":{"url":"https:\/\/pubeurope.com\/@es\/115652836623607824","error":""},"_links":{"self":[{"href":"https:\/\/www.europesays.com\/es\/wp-json\/wp\/v2\/posts\/268126","targetHints":{"allow":["GET"]}}],"collection":[{"href":"https:\/\/www.europesays.com\/es\/wp-json\/wp\/v2\/posts"}],"about":[{"href":"https:\/\/www.europesays.com\/es\/wp-json\/wp\/v2\/types\/post"}],"author":[{"embeddable":true,"href":"https:\/\/www.europesays.com\/es\/wp-json\/wp\/v2\/users\/2"}],"replies":[{"embeddable":true,"href":"https:\/\/www.europesays.com\/es\/wp-json\/wp\/v2\/comments?post=268126"}],"version-history":[{"count":0,"href":"https:\/\/www.europesays.com\/es\/wp-json\/wp\/v2\/posts\/268126\/revisions"}],"wp:featuredmedia":[{"embeddable":true,"href":"https:\/\/www.europesays.com\/es\/wp-json\/wp\/v2\/media\/268127"}],"wp:attachment":[{"href":"https:\/\/www.europesays.com\/es\/wp-json\/wp\/v2\/media?parent=268126"}],"wp:term":[{"taxonomy":"category","embeddable":true,"href":"https:\/\/www.europesays.com\/es\/wp-json\/wp\/v2\/categories?post=268126"},{"taxonomy":"post_tag","embeddable":true,"href":"https:\/\/www.europesays.com\/es\/wp-json\/wp\/v2\/tags?post=268126"}],"curies":[{"name":"wp","href":"https:\/\/api.w.org\/{rel}","templated":true}]}}