{"id":268132,"date":"2025-12-03T00:45:11","date_gmt":"2025-12-03T00:45:11","guid":{"rendered":"https:\/\/www.europesays.com\/es\/268132\/"},"modified":"2025-12-03T00:45:11","modified_gmt":"2025-12-03T00:45:11","slug":"siempre-esperamos-mas-de-julian-es-diferencial","status":"publish","type":"post","link":"https:\/\/www.europesays.com\/es\/268132\/","title":{"rendered":"Siempre esperamos m\u00e1s de Juli\u00e1n, es diferencial"},"content":{"rendered":"<p data-gtm-element-container=\"modulo-texto-link\" class=\"paragraph\">Diego Pablo Simeone, t\u00e9cnico del Atl\u00e9tico de Madrid, confes\u00f3 tras el partido que se march\u00f3 contento del partido de su equipo, a pesar de la derrota por 3-1 ante el Barcelona. Tras el partido compareci\u00f3 en los micr\u00f3fonos de Movistar.\u00a0<\/p>\n<p data-gtm-element-container=\"modulo-texto-link\" class=\"paragraph\"><strong>Valoraci\u00f3n del partido\u00a0<\/strong><\/p>\n<p data-gtm-element-container=\"modulo-texto-link\" class=\"paragraph\">\u00abMe voy muy contento con el trabajo del equipo. Empezamos muy bien, luego ellos lograron hacernos da\u00f1o por dentro. En el segundo ellos empezaron algo mejor y a partir de los 20 minutos buscamos el partido, tuvimos tres situaciones de gol importantes que no pudimos concretar&#8230; pero estoy contento\u00bb.<\/p>\n<p data-gtm-element-container=\"modulo-texto-link\" class=\"paragraph\"><strong>Juego por dentro<\/strong><\/p>\n<p data-gtm-element-container=\"modulo-texto-link\" class=\"paragraph\">\u00abSabemos que ellos tienen pie muy bueno. Juegan con mucha gente por dentro. Lo hacen muy bien. Hoy le sali\u00f3 muy bien en esas situaciones en el primer y el segundo gol\u00bb.<\/p>\n<p>    Lee tambi\u00e9n<\/p>\n<p data-gtm-element-container=\"modulo-texto-link\" class=\"paragraph\"><strong>Soluci\u00f3n al descanso<\/strong><\/p>\n<p data-gtm-element-container=\"modulo-texto-link\" class=\"paragraph\">\u00abEn el descanso dijimos que no pod\u00edamos dejarles jugar por dentro. Lo fuimos mejorando. Me gust\u00f3 la actitud con la que acab\u00f3 el equipo el partido. No se gan\u00f3, vale, pero a m\u00ed me gust\u00f3 el equipo. Hay que correr mucho y es dif\u00edcil sac\u00e1rsela a ellos\u00bb.<\/p>\n<p data-gtm-element-container=\"modulo-texto-link\" class=\"paragraph\"><strong>Elogios para Raphinha<\/strong><\/p>\n<p data-gtm-element-container=\"modulo-texto-link\" class=\"paragraph\">\u00abRaphinha juega de todo. Hace goles, presiona&#8230; yo no s\u00e9 c\u00f3mo no gan\u00f3 el Bal\u00f3n de Oro\u00bb.<\/p>\n<p data-gtm-element-container=\"modulo-texto-link\" class=\"paragraph\"><strong>Partido de Baena<\/strong><\/p>\n<p data-gtm-element-container=\"modulo-texto-link\" class=\"paragraph\">\u00abBaena es un jugador diferencial. Est\u00e1 creciendo much\u00edsimo. Tiene valent\u00eda para jugar donde le indiques. Sabe jugar al f\u00fatbol en cualquier lugar del campo donde tenga que jugar\u00bb.<\/p>\n<p>        Lee tambi\u00e9n<\/p>\n<p>    Chema G. Fuente<\/p>\n<p>             <img loading=\"lazy\" decoding=\"async\" data-full-src=\"https:\/\/www.mundodeportivo.com\/uploads\/2025\/12\/02\/692f60028877b.jpeg\" alt=\"Horizontal\" width=\"334\" height=\"164\" src=\"https:\/\/www.europesays.com\/es\/wp-content\/uploads\/2025\/12\/692f60028877b.r_d.1859-1293.jpeg\" class=\"lazy\"\/><\/p>\n<p data-gtm-element-container=\"modulo-texto-link\" class=\"paragraph\"><strong>Lesi\u00f3n de Cardoso<\/strong><\/p>\n<p data-gtm-element-container=\"modulo-texto-link\" class=\"paragraph\">\u00abLa lesi\u00f3n de Cardoso nos hace mover un poco el cambio. Pero bueno, ten\u00edamos una expectativa importante con Johny pero tuvo esa lesi\u00f3n que le sac\u00f3 del partido\u00bb.<\/p>\n<p data-gtm-element-container=\"modulo-texto-link\" class=\"paragraph\"><strong>Actuaci\u00f3n de Juli\u00e1n\u00a0<\/strong><\/p>\n<p data-gtm-element-container=\"modulo-texto-link\" class=\"paragraph\">\u00abSiempre esperamos m\u00e1s de Juli\u00e1n. Es un jugador diferencial y es el m\u00e1s importante del equipo. Seguramente aparecer\u00e1 en el siguiente partido o en el pr\u00f3ximo\u00bb.<\/p>\n<p data-gtm-element-container=\"modulo-texto-link\" class=\"paragraph\"><strong>Objetivos del Atl\u00e9tico tras la derrota<\/strong><\/p>\n<p data-gtm-element-container=\"modulo-texto-link\" class=\"paragraph\">\u00abEl partido en general fue colectivamente bueno. Me siento muy tranquilo y contento con el equipo. Perdimos contra un gran rival. Nos ayuda a mejorar, esto te hace mejorar. Ahora partido duro tambi\u00e9n en Bilbao\u00bb.<\/p>\n<p data-gtm-element-container=\"modulo-texto-link\" class=\"paragraph\"><strong>Nivel de Barrios\u00a0<\/strong><\/p>\n<p data-gtm-element-container=\"modulo-texto-link\" class=\"paragraph\">\u00abBarrios es un futbolista distinto. Joven, con energ\u00eda, con juego, con piernas, con recuperaci\u00f3n de pelota, con capacidad para mover. Lo tenemos que cuidar mucho. Es de los jugadores m\u00e1s importantes que tenemos en la mitad de la cancha, sin duda\u00bb.<\/p>\n","protected":false},"excerpt":{"rendered":"Diego Pablo Simeone, t\u00e9cnico del Atl\u00e9tico de Madrid, confes\u00f3 tras el partido que se march\u00f3 contento del partido&hellip;\n","protected":false},"author":2,"featured_media":268133,"comment_status":"","ping_status":"","sticky":false,"template":"","format":"standard","meta":{"footnotes":""},"categories":[268],"tags":[168,25,24,280,282,281,23,167],"class_list":{"0":"post-268132","1":"post","2":"type-post","3":"status-publish","4":"format-standard","5":"has-post-thumbnail","7":"category-futbol","8":"tag-deportes","9":"tag-es","10":"tag-espana","11":"tag-football","12":"tag-futbol","13":"tag-soccer","14":"tag-spain","15":"tag-sports"},"share_on_mastodon":{"url":"https:\/\/pubeurope.com\/@es\/115652875369878675","error":""},"_links":{"self":[{"href":"https:\/\/www.europesays.com\/es\/wp-json\/wp\/v2\/posts\/268132","targetHints":{"allow":["GET"]}}],"collection":[{"href":"https:\/\/www.europesays.com\/es\/wp-json\/wp\/v2\/posts"}],"about":[{"href":"https:\/\/www.europesays.com\/es\/wp-json\/wp\/v2\/types\/post"}],"author":[{"embeddable":true,"href":"https:\/\/www.europesays.com\/es\/wp-json\/wp\/v2\/users\/2"}],"replies":[{"embeddable":true,"href":"https:\/\/www.europesays.com\/es\/wp-json\/wp\/v2\/comments?post=268132"}],"version-history":[{"count":0,"href":"https:\/\/www.europesays.com\/es\/wp-json\/wp\/v2\/posts\/268132\/revisions"}],"wp:featuredmedia":[{"embeddable":true,"href":"https:\/\/www.europesays.com\/es\/wp-json\/wp\/v2\/media\/268133"}],"wp:attachment":[{"href":"https:\/\/www.europesays.com\/es\/wp-json\/wp\/v2\/media?parent=268132"}],"wp:term":[{"taxonomy":"category","embeddable":true,"href":"https:\/\/www.europesays.com\/es\/wp-json\/wp\/v2\/categories?post=268132"},{"taxonomy":"post_tag","embeddable":true,"href":"https:\/\/www.europesays.com\/es\/wp-json\/wp\/v2\/tags?post=268132"}],"curies":[{"name":"wp","href":"https:\/\/api.w.org\/{rel}","templated":true}]}}