{"id":268144,"date":"2025-12-03T00:52:15","date_gmt":"2025-12-03T00:52:15","guid":{"rendered":"https:\/\/www.europesays.com\/es\/268144\/"},"modified":"2025-12-03T00:52:15","modified_gmt":"2025-12-03T00:52:15","slug":"lista-de-22-convocados-para-la-segunda-ronda-de-la-copa-del-rey-malaga-cf","status":"publish","type":"post","link":"https:\/\/www.europesays.com\/es\/268144\/","title":{"rendered":"Lista de 22 convocados para la segunda ronda de la Copa del Rey | M\u00e1laga CF"},"content":{"rendered":"<p class=\"MsoNormal\">El M\u00e1laga CF disputar\u00e1 ma\u00f1ana mi\u00e9rcoles (20:00 horas) la segunda ronda de la Copa del Rey. El cuadro dirigido por Funes se medir\u00e1 al CF Talavera en el Estadio El Prado.<\/p>\n<p class=\"MsoNormal\">La lista blanquiazul de convocados es la siguiente: A. Herrero, Gabilondo, C. Puga, Einar, Haitam, Chupe, D. Larrubia, Carlos L\u00f3pez, V\u00edctor, Murillo, Jauregi, Dani S\u00e1nchez, Montero, Ni\u00f1o, Dani Lorenzo, Lobete, Arriaza, Rafita, Aaron Ochoa, Recio, Rafa R. y Ibon Badiola -dorsal 38-.<\/p>\n<p class=\"MsoNormal\">Joaqu\u00edn causa baja debido a un cuadro v\u00edrico. Por otro lado, Ibon Badiola es convocado por primera vez con el primer equipo blanquiazul.<\/p>\n","protected":false},"excerpt":{"rendered":"El M\u00e1laga CF disputar\u00e1 ma\u00f1ana mi\u00e9rcoles (20:00 horas) la segunda ronda de la Copa del Rey. El cuadro&hellip;\n","protected":false},"author":2,"featured_media":268145,"comment_status":"","ping_status":"","sticky":false,"template":"","format":"standard","meta":{"footnotes":""},"categories":[93],"tags":[168,25,24,23,167],"class_list":{"0":"post-268144","1":"post","2":"type-post","3":"status-publish","4":"format-standard","5":"has-post-thumbnail","7":"category-deportes","8":"tag-deportes","9":"tag-es","10":"tag-espana","11":"tag-spain","12":"tag-sports"},"share_on_mastodon":{"url":"https:\/\/pubeurope.com\/@es\/115652902826633234","error":""},"_links":{"self":[{"href":"https:\/\/www.europesays.com\/es\/wp-json\/wp\/v2\/posts\/268144","targetHints":{"allow":["GET"]}}],"collection":[{"href":"https:\/\/www.europesays.com\/es\/wp-json\/wp\/v2\/posts"}],"about":[{"href":"https:\/\/www.europesays.com\/es\/wp-json\/wp\/v2\/types\/post"}],"author":[{"embeddable":true,"href":"https:\/\/www.europesays.com\/es\/wp-json\/wp\/v2\/users\/2"}],"replies":[{"embeddable":true,"href":"https:\/\/www.europesays.com\/es\/wp-json\/wp\/v2\/comments?post=268144"}],"version-history":[{"count":0,"href":"https:\/\/www.europesays.com\/es\/wp-json\/wp\/v2\/posts\/268144\/revisions"}],"wp:featuredmedia":[{"embeddable":true,"href":"https:\/\/www.europesays.com\/es\/wp-json\/wp\/v2\/media\/268145"}],"wp:attachment":[{"href":"https:\/\/www.europesays.com\/es\/wp-json\/wp\/v2\/media?parent=268144"}],"wp:term":[{"taxonomy":"category","embeddable":true,"href":"https:\/\/www.europesays.com\/es\/wp-json\/wp\/v2\/categories?post=268144"},{"taxonomy":"post_tag","embeddable":true,"href":"https:\/\/www.europesays.com\/es\/wp-json\/wp\/v2\/tags?post=268144"}],"curies":[{"name":"wp","href":"https:\/\/api.w.org\/{rel}","templated":true}]}}