{"id":268182,"date":"2025-12-03T01:17:13","date_gmt":"2025-12-03T01:17:13","guid":{"rendered":"https:\/\/www.europesays.com\/es\/268182\/"},"modified":"2025-12-03T01:17:13","modified_gmt":"2025-12-03T01:17:13","slug":"victor-manuel-mi-vida-habria-sido-mucho-peor-sin-ana-belen-en-el-plano-fisico-seguro-que-estaria-mucho-mas-abandonado-de-lo-que-estoy-tener-a-alguien-que-te-vigile-y-cuide-de-ti-evidentem","status":"publish","type":"post","link":"https:\/\/www.europesays.com\/es\/268182\/","title":{"rendered":"V\u00edctor Manuel: \u201cMi vida habr\u00eda sido mucho peor sin Ana Bel\u00e9n. En el plano f\u00edsico, seguro que estar\u00eda mucho m\u00e1s abandonado de lo que estoy. Tener a alguien que te vigile y cuide de ti evidentemente te estimula\u00bb"},"content":{"rendered":"<p>Solo a solas conmigo. As\u00ed se titula el nuevo trabajo de <a href=\"https:\/\/www.revistavanityfair.es\/articulos\/victor-manuel-entrevista-ana-belen-censura\" rel=\"nofollow noopener\" target=\"_blank\"><strong>V\u00edctor Manuel<\/strong><\/a> (Mieres, 1947). Producido por su hijo, <strong>David San Jos\u00e9<\/strong>, el que supone el vig\u00e9simo octavo \u00e1lbum de estudio del m\u00fasico asturiano contiene un ramillete de canciones que hablan de amor, c\u00f3mo no, pero tambi\u00e9n de esperanza, de des\u00e1nimo, de no dejarse arrastrar por intoxicaciones y de tratar de ser uno mismo y no el que los dem\u00e1s quieren que seas. \u201cHace mucho tiempo que no coincid\u00eda tanta gente en decirme que el disco est\u00e1 muy bien\u201d, comenta a nuestra revista. \u201cSiempre que alguien viene a hacerme una entrevista, por educaci\u00f3n, me da la enhorabuena y dem\u00e1s, pero que lo hayan escuchado e incluso me hablen de canciones sueltas s\u00ed que hac\u00eda tiempo que no pasaba. Esta vez he debido hacer algo bien, porque est\u00e1 gustando mucho dentro del mundo en el que me muevo. Cierto es que en cada disco que hago trato de no repetirme, de mirar por el rabillo del ojo para comprobar si estoy haciendo algo que ya hab\u00eda hecho antes, lo que podr\u00eda ser perfectamente factible despu\u00e9s de tantas canciones. Intento encontrar estructuras originales de canciones, y creo que esta vez hay varias que lo son. Con eso, yo ya estoy satisfecho\u201d.<\/p>\n<p><strong>Llevaba siete a\u00f1os sin publicar un disco con temas in\u00e9ditos. \u00bfSe sent\u00eda poco inspirado?<\/strong><br \/>No. Antes de que acabara la pandemia empec\u00e9 a cantar, con una cosa que se llam\u00f3 Volver para cantarlo, que eran una serie de conciertos en formato ac\u00fastico. Despu\u00e9s ligu\u00e9 esto con La vida en canciones, para celebrar mi 75\u00ba aniversario, y a continuaci\u00f3n vino V\u00edctor Manuel Sinf\u00f3nico, con el que estuve todo el a\u00f1o pasado. Y ya en ese momento ten\u00eda ganas de escribir canciones, as\u00ed que a comienzos de 2024 escrib\u00ed un bloque de canciones, me met\u00ed al estudio, las grab\u00e9 con el productor, con David, y en medio de eso Ana [Bel\u00e9n, su esposa, tambi\u00e9n cantante] decidi\u00f3 que quer\u00eda cantar este a\u00f1o. Entonces paramos mi disco y ambos se pusieron a trabajar en el de ella. Ahora que Ana acab\u00f3 el suyo y empez\u00f3 con su gira es cuando hemos completado el m\u00edo. Yo no compongo todo el tiempo, pero cuando el cuerpo me pide canciones me encierro y hago canciones sin miseria. Escrib\u00ed un mont\u00f3n de canciones. El otro d\u00eda alguien me pregunt\u00f3 p\u00fablicamente si utilizo la IA, a lo que dije \u2018No, yo no, a m\u00ed me sobran canciones\u2019.<\/p>\n<p><strong>Mencionaba hace un momento a David, su hijo, que por primera vez ha cantado un tema con usted. \u00bfQu\u00e9 tal la experiencia?<\/strong><br \/>Le tuve que convencer para que cantara. David en realidad canta muy bien, como su madre. \u00c9l es productor, arreglista, toca varios instrumentos, pero cantar ya es otra cosa para \u00e9l. Tiene canciones muy bonitas y ha hecho alguna para su madre. Me da mucha pena que no cante m\u00e1s a menudo, porque siempre me ha gustado esa imagen del t\u00edo tocando el piano y cantando.<\/p>\n<p><strong>Quiz\u00e1s sienta algo de v\u00e9rtigo o miedo a las comparaciones.<\/strong><br \/>S\u00ed, supongo que s\u00ed. Pero bueno, tambi\u00e9n creo que tiene que ver con lo que para \u00e9l implican esos dos pasitos que separan lo que es estar aqu\u00ed delante o quedarse ah\u00ed detr\u00e1s, donde est\u00e1. Al ponerse uno aqu\u00ed delante sabe que se va a exponer a m\u00e1s cosas, buenas y malas. En este sentido yo lo entiendo, pero como s\u00e9 que aqu\u00ed delante te pasan m\u00e1s cosas buenas que malas, no puedo evitar que me d\u00e9 rabia.<\/p>\n<p><strong>Ahora le distribuye Altafonte. \u00bfYa no le apetece trabajar con multinacionales discogr\u00e1ficas?<\/strong><br \/>Ana y yo ya no pintamos nada en las multinacionales discogr\u00e1ficas, en el sentido de que all\u00ed nos ven como a un mueble. Ellas tienen ahora otros \u2018juguetes\u2019 como Rosal\u00eda o C. Tangana. Te sientes como de prestado. Cuando habl\u00e9 con ellos, pensaron que iba a ofrecerles un disco nuevo, y les dije \u2018no, si no queremos trabajar con vosotros\u2019. En los \u00faltimos a\u00f1os, los discos eran nuestros pero los licenci\u00e1bamos con ellos. Pero ni siquiera as\u00ed merec\u00eda la pena, as\u00ed que nos fuimos a Altafonte y, mira t\u00fa por d\u00f3nde, resulta que Sony compr\u00f3 Altafonte. Aunque tienen administraciones independientes y nuestra relaci\u00f3n con esta compa\u00f1\u00eda es muy fluida.<\/p>\n","protected":false},"excerpt":{"rendered":"Solo a solas conmigo. As\u00ed se titula el nuevo trabajo de V\u00edctor Manuel (Mieres, 1947). Producido por su&hellip;\n","protected":false},"author":2,"featured_media":268183,"comment_status":"","ping_status":"","sticky":false,"template":"","format":"standard","meta":{"footnotes":""},"categories":[91],"tags":[17306,146,147,2958,25,24,185,23],"class_list":{"0":"post-268182","1":"post","2":"type-post","3":"status-publish","4":"format-standard","5":"has-post-thumbnail","7":"category-entretenimiento","8":"tag-ana-belen","9":"tag-entertainment","10":"tag-entretenimiento","11":"tag-entrevistas","12":"tag-es","13":"tag-espana","14":"tag-musica","15":"tag-spain"},"share_on_mastodon":{"url":"https:\/\/pubeurope.com\/@es\/115653000880369351","error":""},"_links":{"self":[{"href":"https:\/\/www.europesays.com\/es\/wp-json\/wp\/v2\/posts\/268182","targetHints":{"allow":["GET"]}}],"collection":[{"href":"https:\/\/www.europesays.com\/es\/wp-json\/wp\/v2\/posts"}],"about":[{"href":"https:\/\/www.europesays.com\/es\/wp-json\/wp\/v2\/types\/post"}],"author":[{"embeddable":true,"href":"https:\/\/www.europesays.com\/es\/wp-json\/wp\/v2\/users\/2"}],"replies":[{"embeddable":true,"href":"https:\/\/www.europesays.com\/es\/wp-json\/wp\/v2\/comments?post=268182"}],"version-history":[{"count":0,"href":"https:\/\/www.europesays.com\/es\/wp-json\/wp\/v2\/posts\/268182\/revisions"}],"wp:featuredmedia":[{"embeddable":true,"href":"https:\/\/www.europesays.com\/es\/wp-json\/wp\/v2\/media\/268183"}],"wp:attachment":[{"href":"https:\/\/www.europesays.com\/es\/wp-json\/wp\/v2\/media?parent=268182"}],"wp:term":[{"taxonomy":"category","embeddable":true,"href":"https:\/\/www.europesays.com\/es\/wp-json\/wp\/v2\/categories?post=268182"},{"taxonomy":"post_tag","embeddable":true,"href":"https:\/\/www.europesays.com\/es\/wp-json\/wp\/v2\/tags?post=268182"}],"curies":[{"name":"wp","href":"https:\/\/api.w.org\/{rel}","templated":true}]}}