{"id":268211,"date":"2025-12-03T01:40:10","date_gmt":"2025-12-03T01:40:10","guid":{"rendered":"https:\/\/www.europesays.com\/es\/268211\/"},"modified":"2025-12-03T01:40:10","modified_gmt":"2025-12-03T01:40:10","slug":"mirador-sur-a-escena-pone-el-foco-en-la-creacion-contemporanea-andaluza-para-generar-dialogo-innovacion-y-redes","status":"publish","type":"post","link":"https:\/\/www.europesays.com\/es\/268211\/","title":{"rendered":"Mirador Sur a Escena pone el foco en la creaci\u00f3n contempor\u00e1nea andaluza para generar di\u00e1logo, innovaci\u00f3n y redes"},"content":{"rendered":"<p>La Muestra Profesional de Artes Esc\u00e9nicas, impulsada por ADEA con el apoyo del Ayuntamiento de La Rinconada y la colaboraci\u00f3n de la Diputaci\u00f3n de Sevilla, convierte al municipio en un espacio de referencia donde la distribuci\u00f3n esc\u00e9nica act\u00faa como puente entre la creaci\u00f3n y la programaci\u00f3n<\/p>\n<p class=\"text-justify\"><img loading=\"lazy\" decoding=\"async\" src=\"https:\/\/www.europesays.com\/es\/wp-content\/uploads\/2025\/12\/1764726010_550_02.jpg\" style=\"float: left; width: 636px; height: 424px; margin: 0px 10px 10px 0px;\" width=\"636\" height=\"424\"\/>L<b>a Rinconada <\/b>es durante estos d\u00edas, del 2 al 4 de diciembre, epicentro de la creaci\u00f3n esc\u00e9nica andaluza con la celebraci\u00f3n de <b>Mirador Sur a Escena<\/b>, la <b>Muestra Profesional de Artes Esc\u00e9nicas<\/b>, impulsada por la <b>Asociaci\u00f3n de Distribuci\u00f3n Esc\u00e9nica Andaluza (ADEA)<\/b>, el <b>Ayuntamiento de La Rinconada<\/b> \u2014a trav\u00e9s de su \u00c1rea de Cultura\u2014 y la colaboraci\u00f3n de la <b>Diputaci\u00f3n de Sevilla<\/b>.<\/p>\n<p class=\"text-justify\">Este nuevo encuentro profesional nace con el objetivo de <b>poner el foco en la creaci\u00f3n contempor\u00e1nea andaluza<\/b>, fomentando el <b>di\u00e1logo entre responsables de programaci\u00f3n, distribuidoras, compa\u00f1\u00edas y p\u00fablico<\/b>, y consolid\u00e1ndose como una <b>plataforma clave para la difusi\u00f3n y circulaci\u00f3n de las artes esc\u00e9nicas<\/b> en el \u00e1mbito auton\u00f3mico y nacional.<\/p>\n<p class=\"text-justify\">As\u00ed, Mirador Sur a Escena aspira a consolidarse como un espacio de referencia donde <b>la distribuci\u00f3n esc\u00e9nica act\u00fae como puente entre la creaci\u00f3n y la programaci\u00f3n<\/b>, reflejando la singularidad de ADEA, una asociaci\u00f3n que integra profesionales con conocimiento directo del mercado y de las din\u00e1micas de exhibici\u00f3n y circulaci\u00f3n de espect\u00e1culos.<\/p>\n<p class=\"text-justify\">Como ha destacado la I Teniente de Alcalde y delegada de Cultura, Raquel Vega, en el primer d\u00eda de la Muestra, \u201cMirador Sur a Escena supone para la temporada el nacimiento de una muestra imprescindible para el empoderamiento de la creaci\u00f3n andaluza, las redes, una mirada contempor\u00e1nea al sector de las artes esc\u00e9nicas que necesita del apoyo institucional para ser visible y, tambi\u00e9n, para dialogar y generar sinergias de encuentro con el p\u00fablico. Recibimos a compa\u00f1\u00edas andaluzas, empresas culturales, gestores, distribuidoras y espect\u00e1culos de toda Espa\u00f1a. Lo que quiere La Rinconada es darle su justo lugar a la cultura como un derecho imprescindible y que esto sea el nacimiento, insisto, de un proyecto de largo recorrido para entender la cultura como un derecho imprescindible\u201d.<\/p>\n<p class=\"text-justify\">Tambi\u00e9n desde ADEA se manifestaban al inicio de la Muestra. La presidenta de la Asociaci\u00f3n de Distribuci\u00f3n Esc\u00e9nica Andaluza (ADEA), Lucia De Franchi, afirmaba: \u201cQueremos crear puentes culturales, un espacio para el encuentro profesional y la exhibici\u00f3n, donde explorar nuevas ideas y caminos desde la creaci\u00f3n y la distribuci\u00f3n\u201d.<\/p>\n<p class=\"text-justify\">Por su parte, Elena Carrascal, productora, distribuidora y miembro de ADEA, a\u00f1ad\u00eda: \u201cLa sostenibilidad de una compa\u00f1\u00eda no depende de cu\u00e1nto produce, sino de cu\u00e1nto gira. Mirador Sur a Escena busca precisamente eso: tender puentes para que los espect\u00e1culos viajen, crezcan y encuentren nuevos p\u00fablicos\u201d.<\/p>\n<p class=\"text-justify\"><b>Una cita con la creaci\u00f3n contempor\u00e1nea<\/b><\/p>\n<p class=\"text-justify\">La muestra reunir\u00e1 <b>diez espect\u00e1culos en tres jornadas que combinan estrenos absolutos, teatro, danza y propuestas de calle dirigidas a p\u00fablicos de todas las edades<\/b>. Con una <b>programaci\u00f3n diversa y equilibrada<\/b> entre compa\u00f1\u00edas consolidadas y nuevas voces, Mirador Sur a Escena se presenta como un espacio para descubrir talento, compartir experiencias profesionales y disfrutar de la creaci\u00f3n contempor\u00e1nea.   <\/p>\n<p class=\"text-justify\">As\u00ed el martes <b>2 de diciembre, <\/b>el Centro Cultural de la Villa acogi\u00f3<b> el estreno absoluto de Eva Escudier Sentadita me qued\u00e9<\/b>. Una pieza \u00edntima y po\u00e9tica de <b>danza a\u00e9rea y circo<\/b> que explora la memoria, la espera y la identidad femenina a trav\u00e9s del movimiento y la palabra. La creadora, actriz, bailarina y acr\u00f3bata gaditana Eva Escudier presenta su primera producci\u00f3n en solitario.<\/p>\n<p class=\"text-justify\">Por la tarde, en el Parque de los Pintores de la localidad sevillana, <b>S\u00d6A C\u00eda mostr\u00f3 su trabajo Con la cabeza en las nubes. <\/b>La compa\u00f1\u00eda gallega, formada por artistas de circo contempor\u00e1neo y danza, ofrece un espect\u00e1culo po\u00e9tico y visual que invita a volar entre sue\u00f1os y realidades.<\/p>\n<p class=\"text-justify\">Cerrando la primera jornada, sobre el escenario del Centro Cultura de la Villa, actu\u00f3 la <b>compa\u00f1\u00eda malague\u00f1a de danza contempor\u00e1nea Fernando Hurtado<\/b> con <b>El hilo del olvido. <\/b>En ella, se propone una reflexi\u00f3n sobre la memoria y la p\u00e9rdida a trav\u00e9s de una coreograf\u00eda potente y emocionalmente intensa.<\/p>\n<p class=\"text-justify\">El <b>mi\u00e9rcoles 3 de diciembre<\/b>, comienza el d\u00eda en el Centro Cultural Antonio Gala de la mano de la compa\u00f1\u00eda granadina <b>Titiritr\u00e1n Teatro<\/b> y su espect\u00e1culo <b>Malena Ballena.\u00a0 <\/b>A las 17h. en el Parque de los Pintores, una de las compa\u00f1\u00edas de teatro de calle m\u00e1s reconocidas del panorama nacional <b>Markeli\u00f1e presentar\u00e1 Artiluso. <\/b>Con m\u00e1s de 30 a\u00f1os de trayectoria, los vascos ofrecen un espect\u00e1culo visual y emotivo sobre la imaginaci\u00f3n y el poder transformador de los objetos cotidianos.<\/p>\n<p class=\"text-justify\">El tercer espect\u00e1culo del mi\u00e9rcoles llegar\u00e1 de la mano de la <b>compa\u00f1\u00eda granadina Histri\u00f3n Teatro<\/b> y su <b>Dysphoria. <\/b>\u00a0Con esta propuesta aborda la identidad, el cuerpo y la libertad, una pieza de teatro contempor\u00e1neo que combina texto, interpretaci\u00f3n y est\u00e9tica audiovisual. La cita ser\u00e1 en el Centro Cultural de la Villa, a las 19h.<\/p>\n<p class=\"text-justify\">Ya el <b>jueves 4 de diciembre, <\/b>se podr\u00e1 disfrutar, en el Centro Cultural Antonio Gala, del <b>estreno absoluto de la compa\u00f1\u00eda Silencio Danza, Hambre: anatom\u00eda de una revoluci\u00f3n.<\/b> La nueva creaci\u00f3n de la core\u00f3grafa malague\u00f1a <b>Nieves Rosales<\/b>, Premio Lorca de Danza, aborda el hambre como met\u00e1fora de deseo y supervivencia. Una obra cargada de fuerza visual y emoci\u00f3n contenida.<\/p>\n<p class=\"text-justify\">Por la tarde, habr\u00e1 tres citas para cerrar esta edici\u00f3n de la muestra: A las 17:00 h. el Parque de los Pintores ser\u00e1 el escenario elegido para la <b>compa\u00f1\u00eda Laura Morales \u2013 La nueva bestia. <\/b>Una propuesta de danza contempor\u00e1nea donde a\u00fana el gesto y la palabra para reflexionar sobre lo salvaje y lo humano. Morales, creadora emergente sevillana, destaca por su lenguaje f\u00edsico y su mirada cr\u00edtica sobre el presente.<\/p>\n<p class=\"text-justify\">Tras ella, una hora m\u00e1s tarde, en el hall del Centro Cultural de La Villa a las 18h., se podr\u00e1 disfrutar de\u00a0<b>Danzantes<\/b>, la propuesta de\u00a0<b>Proyecto Lanza\u00a0<\/b>de\u00a0<b>Cristi\u00e1n Mart\u00edn, una pieza de danza\u00a0<\/b>donde se rechazan los convencionalismos, movido por el deseo y la b\u00fasqueda de la belleza. Mart\u00edn preriere arriesgarse antes que aferrarse a lo seguro, porque para \u00e9l la vida solo tiene sentido mientras pueda seguir persiguiendo aquello que le apasiona.<\/p>\n<p class=\"text-justify\">El \u00faltimo espect\u00e1culo programado <b>Pa la boda, <\/b>de<b> La Tirana Producciones <\/b>tendr\u00e1 lugar a las 19h., en el Centro Cultural Antonio Gala. La compa\u00f1\u00eda gaditana con una s\u00f3lida trayectoria en el teatro contempor\u00e1neo presenta este espect\u00e1culo donde se aborda con humor y ternura las tensiones familiares y los rituales sociales en torno al matrimonio.<\/p>\n<p class=\"text-justify\"><b>Los espect\u00e1culos programados en el Parque de los Pintores ser\u00e1n de libre acceso. Sin embargo, los que se celebren a las 12:00 h y a las 19:00 h requerir\u00e1n entrada.<\/b><\/p>\n<p class=\"text-justify\">Las entradas podr\u00e1n adquirirse a en entradas.larinconada.es\u00a0o en la taquilla, una hora antes del inicio de cada espect\u00e1culo.<\/p>\n<p class=\"text-justify\">Cada ma\u00f1ana, antes y despu\u00e9s de los espect\u00e1culos, se habilitar\u00e1 un espacio de encuentro pensado para favorecer el di\u00e1logo y la creaci\u00f3n de redes entre los asistentes. Esta zona servir\u00e1 como punto de conexi\u00f3n entre responsables de programaci\u00f3n, distribuidoras, compa\u00f1\u00edas y profesionales de la gesti\u00f3n culturales, fomentando conversaciones distendidas en torno al sector, el intercambio de experiencias y la generaci\u00f3n de nuevas colaboraciones. Se quiere as\u00ed propiciar un ambiente cercano y participativo que complemente la programaci\u00f3n art\u00edstica con momentos de reflexi\u00f3n, debate y convivencia profesional.<\/p>\n","protected":false},"excerpt":{"rendered":"La Muestra Profesional de Artes Esc\u00e9nicas, impulsada por ADEA con el apoyo del Ayuntamiento de La Rinconada y&hellip;\n","protected":false},"author":2,"featured_media":268212,"comment_status":"","ping_status":"","sticky":false,"template":"","format":"standard","meta":{"footnotes":""},"categories":[91],"tags":[146,147,25,24,4828,23],"class_list":{"0":"post-268211","1":"post","2":"type-post","3":"status-publish","4":"format-standard","5":"has-post-thumbnail","7":"category-entretenimiento","8":"tag-entertainment","9":"tag-entretenimiento","10":"tag-es","11":"tag-espana","12":"tag-la-rinconada","13":"tag-spain"},"share_on_mastodon":{"url":"https:\/\/pubeurope.com\/@es\/115653091666565196","error":""},"_links":{"self":[{"href":"https:\/\/www.europesays.com\/es\/wp-json\/wp\/v2\/posts\/268211","targetHints":{"allow":["GET"]}}],"collection":[{"href":"https:\/\/www.europesays.com\/es\/wp-json\/wp\/v2\/posts"}],"about":[{"href":"https:\/\/www.europesays.com\/es\/wp-json\/wp\/v2\/types\/post"}],"author":[{"embeddable":true,"href":"https:\/\/www.europesays.com\/es\/wp-json\/wp\/v2\/users\/2"}],"replies":[{"embeddable":true,"href":"https:\/\/www.europesays.com\/es\/wp-json\/wp\/v2\/comments?post=268211"}],"version-history":[{"count":0,"href":"https:\/\/www.europesays.com\/es\/wp-json\/wp\/v2\/posts\/268211\/revisions"}],"wp:featuredmedia":[{"embeddable":true,"href":"https:\/\/www.europesays.com\/es\/wp-json\/wp\/v2\/media\/268212"}],"wp:attachment":[{"href":"https:\/\/www.europesays.com\/es\/wp-json\/wp\/v2\/media?parent=268211"}],"wp:term":[{"taxonomy":"category","embeddable":true,"href":"https:\/\/www.europesays.com\/es\/wp-json\/wp\/v2\/categories?post=268211"},{"taxonomy":"post_tag","embeddable":true,"href":"https:\/\/www.europesays.com\/es\/wp-json\/wp\/v2\/tags?post=268211"}],"curies":[{"name":"wp","href":"https:\/\/api.w.org\/{rel}","templated":true}]}}