{"id":268217,"date":"2025-12-03T01:43:15","date_gmt":"2025-12-03T01:43:15","guid":{"rendered":"https:\/\/www.europesays.com\/es\/268217\/"},"modified":"2025-12-03T01:43:15","modified_gmt":"2025-12-03T01:43:15","slug":"fue-una-tragedia-anunciada-el-joven-brasileno-que-murio-tras-meterse-en-el-recinto-de-los-leones-en-un-zoologico-de-brasil","status":"publish","type":"post","link":"https:\/\/www.europesays.com\/es\/268217\/","title":{"rendered":"\u00abFue una tragedia anunciada\u00bb: el joven brasile\u00f1o que muri\u00f3 tras meterse en el recinto de los leones en un zool\u00f3gico de Brasil"},"content":{"rendered":"<p><img fetchpriority=\"high\" decoding=\"async\" src=\"https:\/\/www.europesays.com\/es\/wp-content\/uploads\/2025\/12\/4b677230-cfbb-11f0-8c06-f5d460985095.png.webp.webp\"   alt=\"Dos im\u00e1genes juntas, una de Gerson de Melo Machado posando para una foto y otra de la leona del parque Zoobot\u00e1nico Arruda C\u00e1mara de Brasil\" loading=\"eager\" width=\"1920\" height=\"1080\" style=\"aspect-ratio:1920 \/ 1080\" class=\"css-4ejld5\"\/><\/p>\n<p class=\"css-by8ykd\" role=\"text\">Fuente de la imagen, Cortes\u00eda\/Parque Zoobot\u00e2nico Arruda C\u00e2mara\/AFP<\/p>\n<p>Pie de foto, Gerson de Melo Machado muri\u00f3 tras ingresar en el recinto de los leones en un parpque natural de Brasil.<strong id=\"article-byline\" aria-hidden=\"true\" class=\"css-m04vo2\">Informaci\u00f3n del art\u00edculo<\/strong><\/p>\n<ul class=\"css-1rvtlej\">\n<li class=\"css-oe8da4\">\n<ul role=\"list\" class=\"css-1rnycnn\">\n<li>Autor, Josu\u00e9 Seixas<\/li>\n<li>T\u00edtulo del autor,  BBC News Brasil<\/li>\n<\/ul>\n<\/li>\n<li class=\"css-1clfxfc\">2 diciembre 2025\n<p>Actualizado 3 horas<\/p>\n<\/li>\n<li class=\"css-1clfxfc\"\/><\/ul>\n<p dir=\"ltr\" class=\"css-oygqes e17g058b0\"><b>Gerson de Melo Machado, de 19 a\u00f1os, muri\u00f3 el pasado 30 de noviembre luego de ser atacado por una leona al entrar en el recinto donde estaba el animal en el Parque Arruda C\u00e2mara, en la ciudad brasile\u00f1a de Jo\u00e3o Pessoa.<\/b><\/p>\n<p dir=\"ltr\" class=\"css-oygqes e17g058b0\">Los videos grabados por los visitantes muestran al joven trepando por una estructura lateral, utilizando un \u00e1rbol como apoyo y saltando rejas y barreras hasta llegar al interior del recinto de los animales.<\/p>\n<p dir=\"ltr\" class=\"css-oygqes e17g058b0\">La leona, que en ese momento estaba alejada, se acerca y lo observa bajar de un \u00e1rbol. Los dos se detienen, pero Gerson decide seguir acerc\u00e1ndose. En ese momento, la fiera lo ataca.<\/p>\n<p dir=\"ltr\" class=\"css-oygqes e17g058b0\">Gerson fue enterrado el lunes en una ceremonia a la que asistieron sus familiares y trabajadores sociales que hab\u00edan tratado con el joven, quien padec\u00eda trastornos mentales.<\/p>\n<p dir=\"ltr\" class=\"css-oygqes e17g058b0\">Una de las asistentes era la consejera tutelar Ver\u00f4nica Oliveira, quien conoc\u00eda a Gerson desde hac\u00eda nueve a\u00f1os.<\/p>\n<p dir=\"ltr\" class=\"css-oygqes e17g058b0\">Para ella, la muerte de Gerson simboliza un fracaso colectivo del Estado, de la sociedad y de la red de protecci\u00f3n a la hora de garantizar lo m\u00ednimo a un joven con trastornos mentales.<\/p>\n<p dir=\"ltr\" class=\"css-oygqes e17g058b0\">\u00abEra mucho m\u00e1s que ese video del parque. Era un ni\u00f1o abandonado, enfermo, descuidado por todo el sistema\u00bb, lament\u00f3. \u00abLo que ocurri\u00f3 el domingo fue la \u00faltima etapa de una tragedia anunciada\u00bb.<\/p>\n<p dir=\"ltr\" class=\"css-oygqes e17g058b0\">Apenas el lunes se hab\u00eda dictado una resoluci\u00f3n judicial para que Gerson fuera internado. En estos a\u00f1os, dice, se intent\u00f3 que recibiera el tratamiento adecuado, pero la respuesta de las autoridades era que el joven ten\u00eda problemas de conducta.<\/p>\n<p dir=\"ltr\" class=\"css-oygqes e17g058b0\">\u00abPas\u00f3 por todos los centros de acogida institucionales de Jo\u00e3o Pessoa. Todo el tiempo intentamos conseguir un informe. La psiquiatra del [Complejo Psiqui\u00e1trico] Juliano Moreira dec\u00eda que no ten\u00eda nada, que el problema era de comportamiento\u00bb, asegur\u00f3 la consejera tutelar.<\/p>\n<p dir=\"ltr\" class=\"css-oygqes e17g058b0\">\u00abTodos tenemos problemas de comportamiento. Pero eso no significa que entremos en la jaula de un le\u00f3n o lancemos piedras a los coches de la polic\u00eda. A Gerson no se lo cuid\u00f3. Primero en su derecho a tener una familia. Despu\u00e9s, en el derecho a recibir tratamiento para su salud mental, porque no ten\u00eda informe\u00bb.<\/p>\n<p><img decoding=\"async\" src=\"https:\/\/www.europesays.com\/es\/wp-content\/uploads\/2025\/12\/6678fe10-cf64-11f0-8c06-f5d460985095.png.webp.webp\"   alt=\"Imagen del funeral de Gerson de Melo Machado\" loading=\"lazy\" width=\"1021\" height=\"590\" style=\"aspect-ratio:1021 \/ 590\" class=\"css-4ejld5\"\/><\/p>\n<p class=\"css-by8ykd\" role=\"text\">Fuente de la imagen, AFP<\/p>\n<p>Pie de foto, Gerson fue enterrado la tarde del lunes en Jo\u00e3o Pessoa.<\/p>\n<p>El tratamiento previo<\/p>\n<p dir=\"ltr\" class=\"css-oygqes e17g058b0\">Un informe de 2023 del psiquiatra Klecyus Cabral dos Reis, revisado por BBC Brasil, describe un \u00abcomportamiento disyuntivo\u00bb, \u00abepisodios de oscilaci\u00f3n del estado de \u00e1nimo\u00bb, \u00ablabilidad [inestabilidad] afectiva\u00bb e \u00abimpulsividad\u00bb, por lo que recomendaba un tratamiento multidisciplinario integral.<\/p>\n<p dir=\"ltr\" class=\"css-oygqes e17g058b0\">Al ser consultada, la Secretar\u00eda Municipal de Salud de Jo\u00e3o Pessoa indic\u00f3 que los Equipos de Salud Familiar son los que realizan las derivaciones necesarias \u00aba los servicios adecuados para atender a cada individuo\u00bb.<\/p>\n<p dir=\"ltr\" class=\"css-oygqes e17g058b0\">\u00abEn relaci\u00f3n con el informe, Gerson fue atendido por tres psiquiatras [\u2026] durante su infancia y adolescencia. Adem\u00e1s, acudi\u00f3 a consultas privadas facilitadas por los servicios de asistencia social\u00bb, dicen las autoridades.<\/p>\n<p dir=\"ltr\" class=\"css-oygqes e17g058b0\">\u00abTodos los profesionales apuntaron a la misma hip\u00f3tesis diagn\u00f3stica, que no se corresponde con lo que se est\u00e1 mencionando actualmente\u00bb, a\u00f1aden, por lo que el joven fue derivado a otro servicio.<\/p>\n<p dir=\"ltr\" class=\"css-oygqes e17g058b0\">La directora del Centro de Atenci\u00f3n Psicosocial Caminhar, Janaina D&#8217;Emery, responsable de la atenci\u00f3n a Gerson despu\u00e9s de los 18 a\u00f1os, asegura que se le hab\u00eda hecho un seguimiento desde la infancia. Lleg\u00f3 a ese servicio en diciembre de 2024, dijo, pero ten\u00eda dificultades para adherirse al tratamiento.<\/p>\n<p dir=\"ltr\" class=\"css-oygqes e17g058b0\">\u00abPara que se hagan una idea, estuvo aqu\u00ed en diciembre y luego desapareci\u00f3. Hicimos algunas b\u00fasquedas activas. Regres\u00f3 en junio y luego volvi\u00f3 a desaparecer\u00bb, cuenta.<\/p>\n<p><img decoding=\"async\" src=\"https:\/\/www.europesays.com\/es\/wp-content\/uploads\/2025\/12\/65c57ed0-cf5f-11f0-8c06-f5d460985095.jpg.webp.webp\"   alt=\"La directora del Centro de Atenci\u00f3n Psicosocial Caminhar, Janaina D'Emery, habla en una entrevista\" loading=\"lazy\" width=\"1069\" height=\"609\" style=\"aspect-ratio:1069 \/ 609\" class=\"css-4ejld5\"\/><\/p>\n<p class=\"css-by8ykd\" role=\"text\">Fuente de la imagen, V\u00eddeo\/Reprodu\u00e7\u00e3o<\/p>\n<p>Pie de foto, La directora del Centro de Atenci\u00f3n Psicosocial Caminhar, Janaina D&#8217;Emery, afirma que Gerson recibi\u00f3 seguimiento desde su infancia.<\/p>\n<p dir=\"ltr\" class=\"css-oygqes e17g058b0\">\u00abCuando fuimos a buscar informaci\u00f3n, estaba en un hospital psiqui\u00e1trico en Recife. Lleg\u00f3 la semana pasada y vino directamente al servicio, donde lo acogimos de nuevo y le ofrecimos continuar con el tratamiento. Desgraciadamente, esto ocurri\u00f3 el domingo. El \u00faltimo d\u00eda que vino aqu\u00ed fue el jueves. El viernes ya no apareci\u00f3\u00bb.<\/p>\n<p dir=\"ltr\" class=\"css-oygqes e17g058b0\">La Fiscal\u00eda de Para\u00edba abri\u00f3 una investigaci\u00f3n para supervisar las medidas adoptadas tras la muerte de Gerson.<\/p>\n<p dir=\"ltr\" class=\"css-oygqes e17g058b0\">La Secretar\u00eda Municipal de Medio Ambiente debe informar en un plazo de 15 d\u00edas de esas medidas, \u00abespecificando los posibles procedimientos administrativos, inspecciones, evaluaciones t\u00e9cnicas o medidas de refuerzo de la seguridad relacionadas con el Parque Arruda C\u00e2mara\u00bb.<\/p>\n<p dir=\"ltr\" class=\"css-oygqes e17g058b0\">En ese mismo plazo, la direcci\u00f3n del parque debe explicar las medidas adoptadas, incluyendo el estado de la leona.<\/p>\n<p><img decoding=\"async\" src=\"https:\/\/www.europesays.com\/es\/wp-content\/uploads\/2025\/12\/4a6cdfd0-cf5e-11f0-902b-b378fe598ba1.jpg.webp.webp\"   alt=\"Ver\u00f3nica Oliveira y Gerson de Melo Machado posan para una foto juntos; ella sonr\u00ede mientras le da un abrazo, mientras \u00e9l muestra su pulgar hacia arriba\" loading=\"lazy\" width=\"778\" height=\"438\" style=\"aspect-ratio:778 \/ 438\" class=\"css-4ejld5\"\/><\/p>\n<p class=\"css-by8ykd\" role=\"text\">Fuente de la imagen, Arquivo Pessoal<\/p>\n<p>Pie de foto, La consejera tutelar Ver\u00f3nica Oliveira conoc\u00eda a Gerson desde hac\u00eda nueve a\u00f1os.<\/p>\n<p>El sue\u00f1o de domar leones<\/p>\n<p dir=\"ltr\" class=\"css-oygqes e17g058b0\">Gerson siempre tuvo el sue\u00f1o de domar leones, recuerda Oliveira. Era algo de lo que hablaba desde ni\u00f1o. Hace dos a\u00f1os, por ejemplo, intent\u00f3 meterse en el tren de aterrizaje de un avi\u00f3n en el aeropuerto de Jo\u00e3o Pessoa porque quer\u00eda \u00abir a \u00c1frica, a un safari\u00bb.<\/p>\n<p dir=\"ltr\" class=\"css-oygqes e17g058b0\">\u00abHablaba con los polic\u00edas como si no hubiera hecho nada. No ten\u00eda discernimiento entre el bien y del mal\u00bb, asegura. Para ella, el joven probablemente no comprend\u00eda el riesgo que corr\u00eda al acercarse a la leona.<\/p>\n<p dir=\"ltr\" class=\"css-oygqes e17g058b0\">\u00abSi miras el v\u00eddeo con atenci\u00f3n, te dar\u00e1s cuenta: \u00e9l entra, sube, va hacia el \u00e1rbol. Ella est\u00e1 tumbada. Cuando \u00e9l baja y ve que ella se acerca, se detiene. Ella se acerca y no reacciona porque \u00e9l se ha detenido. Da la impresi\u00f3n de que va a volver a subir. En uno de los videos, se ve que gesticula. Creo que le dijo: &#8216;Qu\u00e9date ah\u00ed&#8217;. Pens\u00f3 que no habr\u00eda ning\u00fan problema. Intent\u00f3 bajar para jugar con ella\u00bb.<\/p>\n<p dir=\"ltr\" class=\"css-oygqes e17g058b0\">El joven lleg\u00f3 al Consejo Tutelar por primera vez cuando ten\u00eda unos 10 a\u00f1os. La Polic\u00eda Federal de Carreteras (PRF) lo hab\u00eda encontrado caminando solo en un camino. Seg\u00fan cont\u00f3 en ese momento, quer\u00eda volver a Mangabeira, donde encontrar\u00eda a su madre.<\/p>\n<p dir=\"ltr\" class=\"css-oygqes e17g058b0\">\u00abLo acompa\u00f1amos y era la casa de su abuela. Y para nuestra sorpresa, cuando llegamos, la madre estaba muy desorientada. Ella es esquizofr\u00e9nica, muy grave, y tambi\u00e9n la abuela. Entonces ella lo mir\u00f3 y le dijo: &#8216;Ni\u00f1o, no puedes quedarte aqu\u00ed&#8217;. Le respondi\u00f3: &#8216;No, pero quiero quedarme contigo&#8217;. Y ella dijo: &#8216;No. El juez dijo que ya no soy tu madre. Tienes que irte&#8217;. As\u00ed, como si estuviera diciendo algo muy natural\u00bb, cuenta Oliveira.<\/p>\n<p><img decoding=\"async\" src=\"https:\/\/www.europesays.com\/es\/wp-content\/uploads\/2025\/12\/ec451e30-cf63-11f0-8c06-f5d460985095.png.webp.webp\"   alt=\"Imagen de la leona Leona\" loading=\"lazy\" width=\"1522\" height=\"1694\" style=\"aspect-ratio:1522 \/ 1694\" class=\"css-4ejld5\"\/><\/p>\n<p class=\"css-by8ykd\" role=\"text\">Fuente de la imagen, Parque Zoobot\u00e2nico Arruda C\u00e2mara\/AFP<\/p>\n<p>Pie de foto, La leona del Parque Arruda C\u00e2mara ha sido puesta bajo observaci\u00f3n luego del incidente.<\/p>\n<p dir=\"ltr\" class=\"css-oygqes e17g058b0\">La madre, debido a su grave esquizofrenia, hab\u00eda perdido la patria potestad sobre sus cinco hijos. Cuatro de ellos fueron adoptados. Gerson permaneci\u00f3 en instituciones.<\/p>\n<p dir=\"ltr\" class=\"css-oygqes e17g058b0\">\u00abHabl\u00e1bamos con \u00e9l y nos dec\u00eda que no quer\u00eda quedarse en el centro de acogida, porque, en su cabeza, lo ideal era quedarse con su madre. Siempre hab\u00eda estado muy apegado a ella. Pero ella no ten\u00eda las condiciones,adecuadas como sigue sin tenerlas hoy en d\u00eda. En el funeral, la representante de la Comisi\u00f3n de Derechos Humanos fue a hablar con ella. Y entonces me dijo: &#8216;Ver\u00f3nica, est\u00e1 totalmente desorientada&#8217;. Ella dijo: &#8216;Si hubiera sobrevivido, lo habr\u00eda cosido todo&#8217;.<\/p>\n<p>Influenciado para cometer robos<\/p>\n<p dir=\"ltr\" class=\"css-oygqes e17g058b0\">Seg\u00fan Oliveira, Gerson ten\u00eda una fuerte conexi\u00f3n con los animales. Sol\u00eda robar caballos para pasear, hac\u00eda kil\u00f3metros con ellos y los devolv\u00eda poco despu\u00e9s.<\/p>\n<p dir=\"ltr\" class=\"css-oygqes e17g058b0\">Con el tiempo, fue influenciado para cometer peque\u00f1os robos, siempre sin planificaci\u00f3n ni intenci\u00f3n de causar da\u00f1o. Le ense\u00f1aron a robar motocicletas, que luego devolv\u00eda en las comisar\u00edas de polic\u00eda.<\/p>\n<p dir=\"ltr\" class=\"css-oygqes e17g058b0\">En las redes sociales, se gan\u00f3 el apodo de \u00abVaqueirinho\u00bb (vaquerito). \u00abLa gente empez\u00f3 a ganar likes publicando cosas sobre \u00e9l, anim\u00e1ndole a hacer cosas malas. Era muy triste. Muchas veces presentamos denuncias para que lo retiraran de las redes sociales, porque estaban utilizando su imagen\u00bb, dijo Oliveira.<\/p>\n<p dir=\"ltr\" class=\"css-oygqes e17g058b0\">Se sent\u00eda seguro en el sistema socioeducativo, ya que ten\u00eda comida y nadie le molestaba. Cuando sal\u00eda, hac\u00eda algo para volver. Al alcanzar la mayor\u00eda de edad, perdi\u00f3 el derecho a la acogida.<\/p>\n<p dir=\"ltr\" class=\"css-oygqes e17g058b0\">\u00abDec\u00eda que iba a buscar la manera de ir a la c\u00e1rcel\u00bb, cuenta Oliveira. \u00abEra donde tendr\u00eda comida, rutina, protecci\u00f3n\u00bb.<\/p>\n<p dir=\"ltr\" class=\"css-oygqes e17g058b0\">Gerson pas\u00f3 seis veces por el sistema penitenciario, siempre por actos no planificados, como intentar forzar un cajero autom\u00e1tico cerca de una comisar\u00eda o lanzar un adoqu\u00edn a un coche patrulla tras ser puesto en libertad en una audiencia de custodia.<\/p>\n<p dir=\"ltr\" class=\"css-oygqes e17g058b0\">Hace una semana, el 25 de noviembre, acudi\u00f3 al Consejo Tutelar para pedir ayuda para obtener documentos y hacer obtener un permiso de trabajo. No lo atendieron.<\/p>\n<p dir=\"ltr\" class=\"css-oygqes e17g058b0\">En su entierro, un sacerdote dijo que \u00abfue a la jaula de los leones a la que la sociedad lo arroj\u00f3\u00bb.<\/p>\n<p dir=\"ltr\" class=\"css-oygqes e17g058b0\">El Parque Arruda C\u00e2mara permanecer\u00e1 cerrado al p\u00fablico hasta que se concluyan las investigaciones y los procedimientos oficiales.<\/p>\n<p><img decoding=\"async\" src=\"https:\/\/www.europesays.com\/es\/wp-content\/uploads\/2025\/08\/c8beb280-fb45-11ee-8369-47dc4454b972.png.webp.webp\"   alt=\"&quot;&quot;\" loading=\"lazy\" width=\"800\" height=\"100\" style=\"aspect-ratio:800 \/ 100\" class=\"css-4ejld5\"\/><\/p>\n<p dir=\"ltr\" class=\"css-oygqes e17g058b0\"><a href=\"https:\/\/www.bbc.com\/mundo\/send\/u184973209\" class=\"focusIndicatorReducedWidth css-n8oauk e1p3sufg0\" rel=\"nofollow noopener\" target=\"_blank\">Suscr\u00edbete aqu\u00ed<\/a> a nuestro nuevo newsletter para recibir cada viernes una selecci\u00f3n de nuestro mejor contenido de la semana.<\/p>\n<p dir=\"ltr\" class=\"css-oygqes e17g058b0\">Y recuerda que puedes recibir notificaciones en nuestra app. Descarga la \u00faltima versi\u00f3n y act\u00edvalas.<\/p>\n","protected":false},"excerpt":{"rendered":"Fuente de la imagen, Cortes\u00eda\/Parque Zoobot\u00e2nico Arruda C\u00e2mara\/AFP Pie de foto, Gerson de Melo Machado muri\u00f3 tras ingresar&hellip;\n","protected":false},"author":2,"featured_media":268218,"comment_status":"","ping_status":"","sticky":false,"template":"","format":"standard","meta":{"footnotes":""},"categories":[42],"tags":[17,18,13,14,11,61,62,63,64,19,20,9,10,15,16,12,21,22,65,66,67],"class_list":{"0":"post-268217","1":"post","2":"type-post","3":"status-publish","4":"format-standard","5":"has-post-thumbnail","7":"category-internacional","8":"tag-breaking-news","9":"tag-breakingnews","10":"tag-featured-news","11":"tag-featurednews","12":"tag-headlines","13":"tag-internacional","14":"tag-international","15":"tag-international-news","16":"tag-internationalnews","17":"tag-latest-news","18":"tag-latestnews","19":"tag-news","20":"tag-noticias","21":"tag-noticias-destacadas","22":"tag-noticiasdestacadas","23":"tag-titulares","24":"tag-ultimas-noticias","25":"tag-ultimasnoticias","26":"tag-world","27":"tag-world-news","28":"tag-worldnews"},"share_on_mastodon":{"url":"https:\/\/pubeurope.com\/@es\/115653103822296596","error":""},"_links":{"self":[{"href":"https:\/\/www.europesays.com\/es\/wp-json\/wp\/v2\/posts\/268217","targetHints":{"allow":["GET"]}}],"collection":[{"href":"https:\/\/www.europesays.com\/es\/wp-json\/wp\/v2\/posts"}],"about":[{"href":"https:\/\/www.europesays.com\/es\/wp-json\/wp\/v2\/types\/post"}],"author":[{"embeddable":true,"href":"https:\/\/www.europesays.com\/es\/wp-json\/wp\/v2\/users\/2"}],"replies":[{"embeddable":true,"href":"https:\/\/www.europesays.com\/es\/wp-json\/wp\/v2\/comments?post=268217"}],"version-history":[{"count":0,"href":"https:\/\/www.europesays.com\/es\/wp-json\/wp\/v2\/posts\/268217\/revisions"}],"wp:featuredmedia":[{"embeddable":true,"href":"https:\/\/www.europesays.com\/es\/wp-json\/wp\/v2\/media\/268218"}],"wp:attachment":[{"href":"https:\/\/www.europesays.com\/es\/wp-json\/wp\/v2\/media?parent=268217"}],"wp:term":[{"taxonomy":"category","embeddable":true,"href":"https:\/\/www.europesays.com\/es\/wp-json\/wp\/v2\/categories?post=268217"},{"taxonomy":"post_tag","embeddable":true,"href":"https:\/\/www.europesays.com\/es\/wp-json\/wp\/v2\/tags?post=268217"}],"curies":[{"name":"wp","href":"https:\/\/api.w.org\/{rel}","templated":true}]}}